{"id":70868,"date":"2020-12-18T19:57:35","date_gmt":"2020-12-18T22:57:35","guid":{"rendered":"http:\/\/portalcatolico.net\/portal\/?p=70868"},"modified":"2020-12-18T19:57:35","modified_gmt":"2020-12-18T22:57:35","slug":"ano-de-sao-jose-motivacoes-pandemia-e-indulgencias","status":"publish","type":"post","link":"https:\/\/portalcatolico.net\/portal\/ano-de-sao-jose-motivacoes-pandemia-e-indulgencias\/","title":{"rendered":"Ano de S\u00e3o Jos\u00e9: motiva\u00e7\u00f5es, pandemia e indulg\u00eancias"},"content":{"rendered":"<h2 class=\"subtitle\">Neste Ano Josefino, devemos aprender a recorrer, ainda com mais fervor, a S\u00e3o Jos\u00e9 e pedirmos a gra\u00e7a de imitarmos suas virtudes<\/h2>\n<p>O Papa Francisco \u2013 devoto ardoroso de S\u00e3o Jos\u00e9 e respons\u00e1vel por incluir esse grande santo nas Ora\u00e7\u00f5es Eucar\u00edsticas II, III e IV do Missal Romano, conforme Decreto da Congrega\u00e7\u00e3o para o Culto Divino e a Disciplina dos Sacramentos emitido em 1\u00ba de maio de 2013 \u2013 decretou que de 8 de dezembro deste ano a 8 de dezembro de 2021 \u00e9 o Ano de S\u00e3o Jos\u00e9. Al\u00e9m das indulg\u00eancias deste tempo santo, somos convidados a conhecer mais e melhor a S\u00e3o Jos\u00e9 venerado com o culto de&nbsp;<em>protodulia<\/em>.<\/p>\n<h3>S\u00e3o Jos\u00e9 na B\u00edblia<\/h3>\n<p>De in\u00edcio, notamos que a Escritura fala pouco de S\u00e3o Jos\u00e9. Algumas de suas passagens nos parecem, por\u00e9m, suficientes para compreender aquele que a Igreja chama de \u201chomem justo\u201d. Vejamos: Mt 1,16: \u201cJac\u00f3 gerou Jos\u00e9, esposo de Maria, da qual nasceu Jesus, que \u00e9 chamado Cristo\u201d; Mt 1,18-20: \u201cEis como nasceu Jesus Cristo: Maria, sua m\u00e3e, estava desposada com Jos\u00e9. Antes de coabitarem, aconteceu que ela concebeu por virtude do Esp\u00edrito Santo. Jos\u00e9, seu esposo, que era homem de bem, n\u00e3o querendo difam\u00e1-la, resolveu rejeit\u00e1-la secretamente. Enquanto assim pensava, eis que um anjo do Senhor lhe apareceu em sonhos e lhe disse: \u2018Jos\u00e9, filho de Davi, n\u00e3o temas receber Maria por esposa, pois o que nela foi concebido vem do Esp\u00edrito Santo\u2019\u201d e continua, no vers\u00edculo 24, como conclus\u00e3o dos fatos: \u201cDespertando, Jos\u00e9 fez como o anjo do Senhor lhe havia mandado e recebeu em sua casa sua esposa\u201d.<\/p>\n<p>Mateus narra tamb\u00e9m a fuga de Maria e Jos\u00e9 com o Menino Jesus para o Egito por medo do rei Herodes, ap\u00f3s a partida dos magos, segundo Mt 2,13-15: \u201cDepois de sua partida, um anjo do Senhor apareceu em sonhos a Jos\u00e9 e disse: \u2018Levanta-te, toma o menino e sua m\u00e3e e foge para o Egito; fica l\u00e1 at\u00e9 que eu te avise, porque Herodes vai procurar o menino para o matar\u2019. Jos\u00e9 levantou-se durante a noite, tomou o menino e sua m\u00e3e e partiu para o Egito. Ali permaneceu at\u00e9 a morte de Herodes para que se cumprisse o que o Senhor dissera pelo profeta: Do Egito chamei meu filho\u201d. Ainda em Mt 2,19-23: \u201cCom a morte de Herodes, o anjo do Senhor apareceu em sonhos a Jos\u00e9, no Egito, e disse: \u2018Levanta-te, toma o menino e sua m\u00e3e e retorna \u00e0 terra de Israel, porque morreram os que atentavam contra a vida do menino\u2019. Jos\u00e9 levantou-se, tomou o menino e sua m\u00e3e e foi para a terra de Israel. Ao ouvir, por\u00e9m, que Arquelau reinava na Judeia, em lugar de seu pai Herodes, n\u00e3o ousou ir para l\u00e1. Avisado divinamente em sonhos, retirou-se para a prov\u00edncia da Galileia e veio habitar na cidade de Nazar\u00e9, para que se cumprisse o que foi dito pelos profetas: Ser\u00e1 chamado Nazareno\u201d.<\/p>\n<p>J\u00e1 Lucas, 2,1-5, assim diz: \u201cNaqueles tempos, apareceu um decreto de C\u00e9sar Augusto, ordenando o recenseamento de toda a terra. Esse recenseamento foi feito antes do governo de Quirino, na S\u00edria. Todos iam alistar-se, cada um na sua cidade. Tamb\u00e9m Jos\u00e9 subiu da Galileia, da cidade de Nazar\u00e9, \u00e0 Judeia, \u00e0 Cidade de Davi, chamada Bel\u00e9m, porque era da casa e fam\u00edlia de Davi, para se alistar com a sua esposa, Maria, que estava gr\u00e1vida\u201d. Dando um passo al\u00e9m, o mesmo evangelista diz \u2013 em 2,16 \u2013 que, no nascimento de Jesus numa manjedoura, os pastores, avisados pelos anjos, \u201cForam com grande pressa e acharam Maria e Jos\u00e9, e o menino deitado na manjedoura\u201d. No mesmo cap\u00edtulo, Lucas aponta indiretamente para a presen\u00e7a de S\u00e3o Jos\u00e9 ao lado de Maria e do Menino Jesus (cf. vers. 22. 27. 33. 39. 41. 42-43. 48. 51). Formam, assim, a Sagrada Fam\u00edlia, modelo \u00e0s fam\u00edlias de todos os tempos.<\/p>\n<h3>S\u00e3o Jos\u00e9, homem justo<\/h3>\n<p>Estas poucas cita\u00e7\u00f5es demonstram S\u00e3o Jos\u00e9 como homem justo, temente a Deus e protetor valioso de Jesus-Menino e de Maria, sua m\u00e3e. Deus escolhe para fazer acontecer seu grande projeto divino os meios humanos mais simples. Como ensina a Igreja,&nbsp;<em>sem ter de precisar&nbsp;<\/em>de n\u00f3s, Deus&nbsp;<em>quer precisar de n\u00f3s<\/em>&nbsp;para realizar o seu grandioso projeto de amor e salva\u00e7\u00e3o. Projeto do qual S\u00e3o Jos\u00e9 participa com seu modo discreto, quase an\u00f4nimo, e com poucas palavras\u2026, mas \u00e9 venerado, na Igreja, com o culto de&nbsp;<em>protodulia<\/em>, como afirmamos; ou seja, dentre todos os santos e santas, o primeiro (<em>pr\u00f5tos<\/em>) a merecer defer\u00eancia, depois da grande venera\u00e7\u00e3o (<em>hiperdulia<\/em>) \u00e0 M\u00e3e de Deus, Maria Sant\u00edssima, \u00e9 S\u00e3o Jos\u00e9, o pai adotivo de Jesus. Dentre as v\u00e1rias devo\u00e7\u00f5es populares a esse grande santo temos o de ser ele o Padroeiro da boa morte, por ter expirado nos bra\u00e7os de Jesus e Maria, S\u00e3o Jos\u00e9 de botas, demonstrando estar sempre pronto a proteger a fam\u00edlia e a Igreja, S\u00e3o Jos\u00e9 dormindo, a apresentar a serenidade nascida da confian\u00e7a inabal\u00e1vel em Deus etc.<\/p>\n<p>Levando em considera\u00e7\u00e3o tudo isso \u2013 al\u00e9m do que diz a Tradi\u00e7\u00e3o \u2013 a Congrega\u00e7\u00e3o para o Culto Divino e a Disciplina dos Sacramentos por um Decreto, emitido em 1\u00ba de maio de 2013, diz: \u201cem virtude das faculdades concedidas pelo Sumo Pont\u00edfice Francisco, de bom grado decreta que o nome de S\u00e3o Jos\u00e9, esposo da Bem-aventurada Virgem Maria, seja, a partir de agora, acrescentado na Ora\u00e7\u00e3o Eucar\u00edstica II, III e IV da terceira edi\u00e7\u00e3o t\u00edpica do Missal Romano.<\/p>\n<p>O mesmo deve ser colocado depois do nome da Bem-aventurada Virgem Maria como se segue: na Ora\u00e7\u00e3o Eucar\u00edstica II: \u2018ut cum beata Dei Genetrice Virgine Maria, beato Ioseph, eius Sponso, beatis Apostolis\u2019, na Ora\u00e7\u00e3o Eucar\u00edstica III: \u2018cum beatissima Virgine, Dei Genetrice, Maria, cum beato Ioseph, eius Sponso, cum beatis Apostolis\u2019; na Ora\u00e7\u00e3o Eucar\u00edstica IV: \u2018cum beata Virgine, Dei Genetrice, Maria, cum beato Ioseph, eius Sponso, cum Apostolis\u2019. Para os textos redigidos em l\u00edngua latina utilizam-se as f\u00f3rmulas agora apresentadas como t\u00edpicas. Esta Congrega\u00e7\u00e3o ocupar-se-\u00e1 em prover \u00e0 tradu\u00e7\u00e3o nas l\u00ednguas ocidentais mais difundidas; para as outras l\u00ednguas a tradu\u00e7\u00e3o dever\u00e1 ser preparada, segundo as normas do Direito, pelas respectivas Confer\u00eancias Episcopais e confirmadas pela S\u00e9 Apost\u00f3lica atrav\u00e9s deste Dicast\u00e9rio\u201d.<\/p>\n<div id=\"article-desk-content-p6-ad_2020_12_18_ano-de-sao-jose-motivacoes-pandemia-e-indulgencias\" class=\"css-y9mcup\" data-google-query-id=\"CKq0ibTP2O0CFU4vuQYd-jsKew\">\n<div id=\"google_ads_iframe_64500793\/PT_DESK_ARTICLE_WELCOME_1X1_1__container__\"><strong>In\u00edcio do Ano de S\u00e3o Jos<\/strong>\u00e9<\/div>\n<\/div>\n<p>Surge agora a pergunta: por que o Santo Padre, o Papa Francisco, escolheu 8 de dezembro, Solenidade da Imaculada Concei\u00e7\u00e3o, para o in\u00edcio do Ano Josefino? \u2013 Porque ele marca o 150\u00ba anivers\u00e1rio da promulga\u00e7\u00e3o do decreto da Sagrada Congrega\u00e7\u00e3o dos Ritos, intitulado&nbsp;<em>Quaemadmodum Deus<\/em>, com o qual o Beato Pio IX, em 1870, declarou S\u00e3o Jos\u00e9, padroeiro da Igreja universal.<\/p>\n<p>Aquele Papa, no tempo hist\u00f3rico conturbado da unifica\u00e7\u00e3o da It\u00e1lia, recorreu ao casto esposo da Virgem Maria e pai adotivo do Salvador, de modo que, no citado documento, se pode ler o seguinte: \u201cDecreto de Sua Santidade o Papa Pio IX. \u00c0 Cidade [de Roma] e ao Mundo. Da mesma maneira que Deus [<em>Quaemadmodum Deus<\/em>] havia constitu\u00eddo Jos\u00e9, gerado do patriarca Jac\u00f3, superintendente de toda a terra do Egito para guardar o trigo para o povo, assim, chegando a plenitude dos tempos, estando para enviar \u00e0 Terra o Seu Filho Unig\u00eanito, Salvador do Mundo, escolheu outro Jos\u00e9, do qual o primeiro era figura, f\u00ea-lo Senhor e Pr\u00edncipe de sua casa e propriedade e elegeu-o guarda dos seus tesouros mais preciosos\u201d.<\/p>\n<p>\u201cDe fato, ele teve como esposa a Imaculada Virgem Maria, da qual nasceu, pelo Esp\u00edrito Santo, Nosso Senhor Jesus Cristo, que perante os homens dignou-se ter sido considerado filho de Jos\u00e9 e lhe foi submisso. E Aquele que tantos reis e profetas desejaram ver Jos\u00e9 n\u00e3o s\u00f3 viu, mas com Ele conviveu e com paterno afeto abra\u00e7ou e beijou; e al\u00e9m disso, nutriu cuidadosamente Aquele que o povo fiel comeria como P\u00e3o descido dos C\u00e9us para conseguir a vida eterna. Por esta sublime dignidade, que Deus conferiu a este fidel\u00edssimo servo seu, a Igreja teve sempre em alta honra e gl\u00f3ria o Beat\u00edssimo Jos\u00e9, depois da Virgem M\u00e3e de Deus, sua esposa, implorando a sua intercess\u00e3o em momentos dif\u00edceis\u201d. Feito este belo resumo da devo\u00e7\u00e3o a S\u00e3o Jos\u00e9, quis Pio IX \u201cconfiar a si mesmo e os fi\u00e9is ao potent\u00edssimo patroc\u00ednio do Santo Patriarca Jos\u00e9, quis satisfazer os desejos dos Excelent\u00edssimos Bispos e solenemente declarou-o Patrono da Igreja Cat\u00f3lica\u201d.<\/p>\n<p>Eis que, em 2020, Francisco comemora os 150 anos do Decreto&nbsp;<em>Quaemadmodum Deus<\/em>&nbsp;com a publica\u00e7\u00e3o da Carta Apost\u00f3lica&nbsp;<em>Patris Corde&nbsp;<\/em>[Cora\u00e7\u00e3o de Pai], de 8 de dezembro de 2020, que deve ser lida na \u00edntegra. Volto-me, agora, \u00e0s indulg\u00eancias concedidas para este Ano Josefino, de acordo com a fala de Dom Krzysztof J\u00f3zef Nykiel, regente da Penitenciaria Apost\u00f3lica. Explica ele que \u201co decreto da Penitenciaria Apost\u00f3lica pretende especificar a forma como o dom da indulg\u00eancia plen\u00e1ria \u00e9 concedido aos fi\u00e9is por ocasi\u00e3o do Ano de S\u00e3o Jos\u00e9, em virtude do que o pr\u00f3prio Papa Francisco estabeleceu.<\/p>\n<h3>Indulg\u00eancias<\/h3>\n<p>Portanto, a Penitenciaria concede a indulg\u00eancia plen\u00e1ria aos fi\u00e9is que, al\u00e9m das condi\u00e7\u00f5es habituais previstas pela Igreja \u2013 confiss\u00e3o sacramental, comunh\u00e3o eucar\u00edstica e a ora\u00e7\u00e3o segundo com as inten\u00e7\u00f5es do Santo Padre \u2013 pratiquem cinco atos particulares de piedade ou obras de caridade ligadas ao modelo representado pelo pai putativo de Jesus. As obras indulgenciais consistem em abrir-se \u00e0 vontade de Deus, em tomar tempo para a medita\u00e7\u00e3o pessoal ou para participar de um retiro espiritual, seguindo o exemplo de Jos\u00e9, sempre pronto a aceitar a vontade de Deus; em fazer-se instrumento de justi\u00e7a e miseric\u00f3rdia do Pai atrav\u00e9s da realiza\u00e7\u00e3o de obras de miseric\u00f3rdia corporais e espirituais, como Jos\u00e9, o \u2018homem justo\u2019 (Mateus 1,19); na renova\u00e7\u00e3o da comunh\u00e3o com Deus dentro da pr\u00f3pria fam\u00edlia e entre os noivos, atrav\u00e9s da recita\u00e7\u00e3o do Santo Ter\u00e7o;&nbsp; santifica\u00e7\u00e3o do pr\u00f3prio trabalho confiando-o \u00e0 intercess\u00e3o de S\u00e3o Jos\u00e9 ou rezar por aqueles que s\u00e3o privados de uma ocupa\u00e7\u00e3o digna; na intercess\u00e3o pelos crist\u00e3os que sofrem formas de persegui\u00e7\u00e3o atrav\u00e9s da ora\u00e7\u00e3o das ladainhas a S\u00e3o Jos\u00e9 ou outras f\u00f3rmulas de ora\u00e7\u00e3o pr\u00f3prias dos ritos das Igrejas Orientais\u201d.<\/p>\n<h3>Ano de S\u00e3o Jos\u00e9 e pandemia<\/h3>\n<p>Perguntado se o Ano Josefino leva em conta o contexto de pandemia, Dom Nykiel respondeu: \u201cCertamente. Invocar o patroc\u00ednio de S\u00e3o Jos\u00e9 \u00e0 Igreja universal significa, antes de tudo, elevar a ele pedidos de intercess\u00e3o para p\u00f4r um fim a esta pandemia, que est\u00e1 causando tanto sofrimento e dor em todo o mundo, tanto em termos de v\u00edtimas como de doentes, assim como em suas pesadas consequ\u00eancias sociais e econ\u00f4micas. Al\u00e9m disso, no texto do decreto \u00e9 feita men\u00e7\u00e3o especial \u00e0queles que, devido \u00e0s consequ\u00eancias do cont\u00e1gio, est\u00e3o impossibilitados de preencher as condi\u00e7\u00f5es para receber indulg\u00eancia (os idosos, os doentes, os moribundos). Confiando na intercess\u00e3o de S\u00e3o Jos\u00e9, no conforto dos doentes e do santo padroeiro da boa morte, a indulg\u00eancia se estende a todos eles se, com esp\u00edrito desapegado de qualquer pecado e com a inten\u00e7\u00e3o de cumprir as condi\u00e7\u00f5es o mais r\u00e1pido poss\u00edvel, recitarem um ato de miseric\u00f3rdia em honra do Santo\u201d (<em>Cinco gestos para assemelhar a S\u00e3o Jos\u00e9<\/em>. Vatican.va, 10\/12\/2020).<\/p>\n<p>Gostaria de terminar com a indica\u00e7\u00e3o de um livro e da transcri\u00e7\u00e3o de um ensinamento sobre o pai adotivo de Jesus. O livro \u00e9&nbsp;<em>S\u00e3o Jos\u00e9 na vida de Cristo e da Igreja<\/em>, do Pe. Maur\u00edcio Meschler, SJ (Cultor de Livros). Obra preciosa que na primeira parte, tra\u00e7a o perfil modesto e humilde do patriarca de Nazar\u00e9, para a seguir apresentar a vida de S\u00e3o Jos\u00e9 na Igreja, o culto que os fi\u00e9is lhe prestam e as m\u00faltiplas gra\u00e7as que decorrem das suas virtudes. O ensinamento se deve a Santa Teresa d\u2019\u00c1vila, m\u00edstica carmelita e doutora da Igreja, que diz: \u201cE tomei por advogado e senhor ao glorioso S\u00e3o Jos\u00e9 e me encomendei muito a ele [\u2026] N\u00e3o me lembro at\u00e9 hoje de haver-lhe suplicado nada que n\u00e3o me tenha concedido. \u00c9 coisa que espanta as grandes merc\u00eas que me fez Deus por meio deste bem-aventurado santo, e dos perigos de que me livrou, tanto de corpo como de alma; que a outros santos parece que lhes deu o Senhor gra\u00e7a para socorrer em uma necessidade; mas a este glorioso santo tenho experi\u00eancia de que socorre em todas, e quer o Senhor nos dar a entender, que assim como a ele esteve submetido na terra, pois como tinha nome de pai, sendo guardi\u00e3o, nele podia mandar, assim no c\u00e9u faz o quanto lhe pede\u201d.<\/p>\n<p>Aprendamos tamb\u00e9m n\u00f3s, neste Ano Josefino, a recorrer, ainda com mais fervor, a S\u00e3o Jos\u00e9 e pe\u00e7amos a ele que alcance de Deus a gra\u00e7a de imitarmos suas virtudes. Am\u00e9m!<\/p>\n<p class=\"css-1184px8\">Manuel Cohen \/ Aurimages<\/p>\n<p class=\"css-1wnzdoc\">S\u00e3o Jos\u00e9 e o Menino Jesus, Catedral Notre-Dame de Amiens, Fran\u00e7a<\/p>\n<p><em>Cardeal Orani Jo\u00e3o Tempesta, Arcebispo do Rio de Janeiro\/Aleteia<\/em><\/p>\n<p class=\"css-1wnzdoc\">&nbsp;<\/p>\n","protected":false},"excerpt":{"rendered":"<p>Neste Ano Josefino, devemos aprender a recorrer, ainda com mais fervor, a S\u00e3o Jos\u00e9 e pedirmos a gra\u00e7a de imitarmos suas virtudes O Papa Francisco \u2013 devoto ardoroso de S\u00e3o Jos\u00e9 e respons\u00e1vel por incluir esse grande santo nas Ora\u00e7\u00f5es Eucar\u00edsticas II, III e IV do Missal Romano, conforme Decreto da Congrega\u00e7\u00e3o para o Culto&nbsp;<\/p>\n<p><a class=\"btn btn-style\" href=\"https:\/\/portalcatolico.net\/portal\/ano-de-sao-jose-motivacoes-pandemia-e-indulgencias\/\">Continue Reading<\/a><\/p>\n","protected":false},"author":2,"featured_media":70869,"comment_status":"open","ping_status":"open","sticky":false,"template":"","format":"standard","meta":{"footnotes":""},"categories":[69],"tags":[],"class_list":["post-70868","post","type-post","status-publish","format-standard","has-post-thumbnail","hentry","category-artigos"],"_links":{"self":[{"href":"https:\/\/portalcatolico.net\/portal\/wp-json\/wp\/v2\/posts\/70868","targetHints":{"allow":["GET"]}}],"collection":[{"href":"https:\/\/portalcatolico.net\/portal\/wp-json\/wp\/v2\/posts"}],"about":[{"href":"https:\/\/portalcatolico.net\/portal\/wp-json\/wp\/v2\/types\/post"}],"author":[{"embeddable":true,"href":"https:\/\/portalcatolico.net\/portal\/wp-json\/wp\/v2\/users\/2"}],"replies":[{"embeddable":true,"href":"https:\/\/portalcatolico.net\/portal\/wp-json\/wp\/v2\/comments?post=70868"}],"version-history":[{"count":1,"href":"https:\/\/portalcatolico.net\/portal\/wp-json\/wp\/v2\/posts\/70868\/revisions"}],"predecessor-version":[{"id":70870,"href":"https:\/\/portalcatolico.net\/portal\/wp-json\/wp\/v2\/posts\/70868\/revisions\/70870"}],"wp:featuredmedia":[{"embeddable":true,"href":"https:\/\/portalcatolico.net\/portal\/wp-json\/wp\/v2\/media\/70869"}],"wp:attachment":[{"href":"https:\/\/portalcatolico.net\/portal\/wp-json\/wp\/v2\/media?parent=70868"}],"wp:term":[{"taxonomy":"category","embeddable":true,"href":"https:\/\/portalcatolico.net\/portal\/wp-json\/wp\/v2\/categories?post=70868"},{"taxonomy":"post_tag","embeddable":true,"href":"https:\/\/portalcatolico.net\/portal\/wp-json\/wp\/v2\/tags?post=70868"}],"curies":[{"name":"wp","href":"https:\/\/api.w.org\/{rel}","templated":true}]}}