{"id":70515,"date":"2020-10-25T16:49:02","date_gmt":"2020-10-25T19:49:02","guid":{"rendered":"http:\/\/portalcatolico.net\/portal\/?p=70515"},"modified":"2020-10-25T18:10:43","modified_gmt":"2020-10-25T21:10:43","slug":"a-rcc-de-itabuna-tem-nova-coordenacao-confira","status":"publish","type":"post","link":"https:\/\/portalcatolico.net\/portal\/a-rcc-de-itabuna-tem-nova-coordenacao-confira\/","title":{"rendered":"A RCC de Itabuna tem nova coordena\u00e7\u00e3o. Confira!"},"content":{"rendered":"<div class=\"PlainText\" dir=\"auto\">Aconteceu na tarde deste s\u00e1bado, 24 de outubro, \u00e0s 15h, atrav\u00e9s do aplicativo Google Meet, uma reuni\u00e3o dos membros do Conselho Deliberativo e da Presid\u00eancia da Renova\u00e7\u00e3o Carism\u00e1tica Cat\u00f3lica da diocese de Itabuna, no sul da Bahia, para mais uma Assembleia Eletiva, decidindo os rumos do movimento na Diocese para o bi\u00eanio 2021\/2022. Vale ressaltar que todas as reuni\u00f5es, devido ao coronav\u00edrus, foram realizadas pelas redes sociais da RCC Itabuna.<\/div>\n<div dir=\"auto\">&nbsp;<\/div>\n<div class=\"PlainText\" dir=\"auto\">&nbsp;Estavam na sala virtual da&nbsp;Assembleia, o Assessor Eclesi\u00e1stico, Pe. Ezequias Gon\u00e7alves e o Bispo da Diocese de Itabuna, Dom Carlos Alberto dos Santos.&nbsp;<\/div>\n<div dir=\"auto\">&nbsp;<\/div>\n<div class=\"PlainText\" dir=\"auto\">Na condu\u00e7\u00e3o do processo eletivo estava o Presidente Estadual da RCC Bahia, Frederico Mastroangelo Sim\u00f5es Marques, onde, na oportunidade, explanou um pouco sobre a miss\u00e3o do coordenador. No in\u00edcio da reuni\u00e3o, foi mais uma vez colocado para todo o conselho deliberativo, a finalidade do Decreto emitido pelo bispo Dom Carlos Alberto dos Santos no dia 30 de junho do ano corrente e que o mesmo estaria a reger todo o processo eletivo.<\/div>\n<div dir=\"auto\">&nbsp;<\/div>\n<div class=\"PlainText\" dir=\"auto\">Sendo assim, ap\u00f3s a unanimidade dos coordenadores presentes e aptos para o processo, ficar\u00e1 na coordena\u00e7\u00e3o diocesana para o bi\u00eanio 2021\/2022, os seguintes irm\u00e3os: Amistron Lira Santos (Presidente Diocesano); F\u00e1tima Barbosa Rocha (Secret\u00e1ria Geral); Alan Menezes dos Santos (Tesoureiro Diocesano). Sendo reconduzidos, fica com conselho fiscal, os irm\u00e3os: Gultembergue Greg\u00f3rio Santos, Emanoel Messias Ribeiro de Ara\u00fajo e Thainan Santana Rocha, e como suplentes Junielson Fernandes e Maria Arcanjo.<\/div>\n<div dir=\"auto\">&nbsp;<\/div>\n<div class=\"PlainText\" dir=\"auto\">A RCC Itabuna se alegra pela bondade e provid\u00eancia de Deus! Gra\u00e7a e Paz! Salve Maria!<\/div>\n<div class=\"PlainText\" dir=\"auto\">&nbsp;A equipe do Portal Cat\u00f3lico de Not\u00edcias parabeniza toda a coordena\u00e7\u00e3o pelo empenho e dedica\u00e7\u00e3o durante os dois anos de evangeliza\u00e7\u00e3o e deseja sucesso a&nbsp;nova coordena\u00e7\u00e3o.<\/div>\n<div class=\"PlainText\" dir=\"auto\">\n<p>Foto: Captura de v\u00eddeo&nbsp;<\/p>\n<p>Informa\u00e7\u00f5es: Secretaria da RCC de Itabuna<br \/>\nAdapta\u00e7\u00e3o e edi\u00e7\u00e3o de texto: Portal Catolico.Net<\/p>\n<\/div>\n","protected":false},"excerpt":{"rendered":"<p>Aconteceu na tarde deste s\u00e1bado, 24 de outubro, \u00e0s 15h, atrav\u00e9s do aplicativo Google Meet, uma reuni\u00e3o dos membros do Conselho Deliberativo e da Presid\u00eancia da Renova\u00e7\u00e3o Carism\u00e1tica Cat\u00f3lica da diocese de Itabuna, no sul da Bahia, para mais uma Assembleia Eletiva, decidindo os rumos do movimento na Diocese para o bi\u00eanio 2021\/2022. Vale ressaltar&nbsp;<\/p>\n<p><a class=\"btn btn-style\" href=\"https:\/\/portalcatolico.net\/portal\/a-rcc-de-itabuna-tem-nova-coordenacao-confira\/\">Continue Reading<\/a><\/p>\n","protected":false},"author":2,"featured_media":70512,"comment_status":"open","ping_status":"open","sticky":false,"template":"","format":"standard","meta":{"footnotes":""},"categories":[4],"tags":[],"class_list":["post-70515","post","type-post","status-publish","format-standard","has-post-thumbnail","hentry","category-destaques"],"_links":{"self":[{"href":"https:\/\/portalcatolico.net\/portal\/wp-json\/wp\/v2\/posts\/70515","targetHints":{"allow":["GET"]}}],"collection":[{"href":"https:\/\/portalcatolico.net\/portal\/wp-json\/wp\/v2\/posts"}],"about":[{"href":"https:\/\/portalcatolico.net\/portal\/wp-json\/wp\/v2\/types\/post"}],"author":[{"embeddable":true,"href":"https:\/\/portalcatolico.net\/portal\/wp-json\/wp\/v2\/users\/2"}],"replies":[{"embeddable":true,"href":"https:\/\/portalcatolico.net\/portal\/wp-json\/wp\/v2\/comments?post=70515"}],"version-history":[{"count":4,"href":"https:\/\/portalcatolico.net\/portal\/wp-json\/wp\/v2\/posts\/70515\/revisions"}],"predecessor-version":[{"id":70519,"href":"https:\/\/portalcatolico.net\/portal\/wp-json\/wp\/v2\/posts\/70515\/revisions\/70519"}],"wp:featuredmedia":[{"embeddable":true,"href":"https:\/\/portalcatolico.net\/portal\/wp-json\/wp\/v2\/media\/70512"}],"wp:attachment":[{"href":"https:\/\/portalcatolico.net\/portal\/wp-json\/wp\/v2\/media?parent=70515"}],"wp:term":[{"taxonomy":"category","embeddable":true,"href":"https:\/\/portalcatolico.net\/portal\/wp-json\/wp\/v2\/categories?post=70515"},{"taxonomy":"post_tag","embeddable":true,"href":"https:\/\/portalcatolico.net\/portal\/wp-json\/wp\/v2\/tags?post=70515"}],"curies":[{"name":"wp","href":"https:\/\/api.w.org\/{rel}","templated":true}]}}