{"id":70508,"date":"2020-10-25T08:47:09","date_gmt":"2020-10-25T11:47:09","guid":{"rendered":"http:\/\/portalcatolico.net\/portal\/?p=70508"},"modified":"2020-10-25T08:47:09","modified_gmt":"2020-10-25T11:47:09","slug":"semana-de-oracao-pelos-falecidos-contara-com-programacao-especial-no-cemiterio-campo-santo-em-salvador","status":"publish","type":"post","link":"https:\/\/portalcatolico.net\/portal\/semana-de-oracao-pelos-falecidos-contara-com-programacao-especial-no-cemiterio-campo-santo-em-salvador\/","title":{"rendered":"Semana de Ora\u00e7\u00e3o pelos Falecidos contar\u00e1 com programa\u00e7\u00e3o especial no Cemit\u00e9rio Campo Santo, em Salvador"},"content":{"rendered":"<p>Em prepara\u00e7\u00e3o ao Dia de Finados, a Pastoral da Esperan\u00e7a e Consola\u00e7\u00e3o realiza a Semana de Ora\u00e7\u00e3o pelos Falecidos, no Cemit\u00e9rio Campo Santo (Federa\u00e7\u00e3o). De 26 de outubro a 2 de novembro, quem visitar o local poder\u00e1 participar, seguindo os protocolos de seguran\u00e7a, de uma programa\u00e7\u00e3o que contar\u00e1 com Missas, Celebra\u00e7\u00e3o da Palavra e momentos de ora\u00e7\u00e3o.<\/p>\n<p>Devido \u00e0 pandemia, apenas 50 pessoas (por Missa) poder\u00e3o ter acesso \u00e0 Capela Nossa Senhora da Piedade, e todas dever\u00e3o utilizar m\u00e1scaras, \u00e1lcool em gel e obedecer \u00e0s sinaliza\u00e7\u00f5es no espa\u00e7o celebrativo. O preenchimento das vagas ser\u00e1 por ordem de chegada. Para quem \u00e9 do grupo de risco, no Dia de Finados (2), a Missa das 9h, presidida pelo Arcebispo de Salvador e Primaz do Brasil, Cardeal Dom Sergio da Rocha, e a Ora\u00e7\u00e3o Inter-religiosa, com lideran\u00e7as de diferentes religi\u00f5es, ser\u00e3o transmitidas, ao vivo, pelo Youtube e pelo Instagram da Santa Casa de Miseric\u00f3rdia da Bahia.<\/p>\n<p>Os fi\u00e9is que desejarem agendar a inten\u00e7\u00e3o para as Missas, devem faz\u00ea-lo entre os dias 26 e 31 de outubro, na Capela do cemit\u00e9rio, das 8h \u00e0s 12h e das 14h \u00e0s 16h. Confira, abaixo, a programa\u00e7\u00e3o da Semana de Ora\u00e7\u00e3o pelos Falecidos 2020:<\/p>\n<p><strong><u>26 de outubro<\/u><\/strong><\/p>\n<p>7h30 \u2013 Missa pelas almas (com a recita\u00e7\u00e3o do Of\u00edcio das Almas), presidida pelo capel\u00e3o, c\u00f4nego L\u00e1zaro Muniz<\/p>\n<p><strong><u>27 de outubro<\/u><\/strong><\/p>\n<p>7h30 \u2013 Missa pelos que morreram de morte violenta ou prematura (especialmente pelas v\u00edtimas do COVID-19), presidida pelo c\u00f4nego L\u00e1zaro Muniz<\/p>\n<p>9h \u2013 Devo\u00e7\u00e3o e contempla\u00e7\u00e3o da Sagrada Face, com a presen\u00e7a do Apostolado das Almas<\/p>\n<p>28 de outubro<\/p>\n<p>7h30 \u2013 Celebra\u00e7\u00e3o da Palavra e medita\u00e7\u00e3o sobre a morte para o crist\u00e3o<\/p>\n<p>9h \u2013 Recita\u00e7\u00e3o do Of\u00edcio das Almas<\/p>\n<p><strong><u>29 de outubro<\/u><\/strong><\/p>\n<p>7h30 \u2013 Ora\u00e7\u00e3o da \u201cFam\u00edlia Campo Santo\u201d (Celebra\u00e7\u00e3o com a comunidade, dire\u00e7\u00e3o, funcion\u00e1rios e prestadores de servi\u00e7o do cemit\u00e9rio)<\/p>\n<p>9h \u2013 Recita\u00e7\u00e3o do Of\u00edcio das Almas<\/p>\n<p>15h30 \u2013 Missa em mem\u00f3ria dos bispos, presb\u00edteros, di\u00e1conos, religiosos e religiosas, consagrados e consagradas falecidos, presidida pelo bispo auxiliar da Arquidiocese de Salvador, Dom Marco Eug\u00eanio Galr\u00e3o Leite de Almeida<\/p>\n<p><strong><u>30 de outubro<\/u><\/strong><\/p>\n<p>7h30 \u2013 Missa em honra ao Sagrado Cora\u00e7\u00e3o de Jesus pelas almas do purgat\u00f3rio, seguida de Hora Santa diante do Sant\u00edssimo Sacramento at\u00e9 \u00e0s 10h, presidida pelo c\u00f4nego L\u00e1zaro Muniz.<\/p>\n<p><strong><u>31 de outubro<\/u><\/strong><\/p>\n<p>8h \u2013 Missa em mem\u00f3ria das crian\u00e7as assassinadas, presidida pelo c\u00f4nego L\u00e1zaro Muniz<\/p>\n<p>15h30 \u2013 Missa pelos adolescentes e jovens assassinados, presidida pelo formador do Semin\u00e1rio S\u00e3o Jo\u00e3o Maria Vianney, padre Josuel Jesus da Silva<\/p>\n<p><strong><u>01 de outubro<\/u><\/strong><\/p>\n<p>9h &#8211;&nbsp; Missa dominical em mem\u00f3ria dos falecidos e sepultados no Cemit\u00e9rio Campo Santo entre os dias 25 e 31 de outubro deste ano, presidida pelo c\u00f4nego L\u00e1zaro Muniz<\/p>\n<p>11h30 \u2013 Missa dominical, com inten\u00e7\u00f5es pelos falecidos, presidida pelo p\u00e1roco da Par\u00f3quia Divino Esp\u00edrito Santo (Alto das Pombas), padre Adilson Silva dos Santos<\/p>\n<p>15h30 \u2013 Missa dominical, com inten\u00e7\u00f5es pelos falecidos, presidida pelo c\u00f4nego L\u00e1zaro Muniz<\/p>\n<p><strong><u>Dia de Finados (2 de novembro)<\/u><\/strong><\/p>\n<p>Neste dia, os fi\u00e9is poder\u00e3o participar das Celebra\u00e7\u00f5es com ora\u00e7\u00e3o especial pelas v\u00edtimas do COVID-19.<\/p>\n<p>7h \u2013 Santa Missa pelos falecidos, presidida pelo c\u00f4nego L\u00e1zaro Muniz<\/p>\n<p>9h \u2013 Santa Missa pelos falecidos, presidida pelo Arcebispo de Salvador e Primaz do Brasil, Cardeal Dom Sergio da Rocha<\/p>\n<p>11h \u2013 Ora\u00e7\u00e3o Inter-religiosa, com lideran\u00e7as de diversas religi\u00f5es, que ir\u00e3o partilhar sobre \u201cVida e Morte\u201d<\/p>\n<p>13h \u2013 Santa Missa pelos falecidos, presidida pelo Vig\u00e1rio da Forania 2B, padre Jo\u00e3o Pedro de Santana<\/p>\n<p>14h30 \u2013 Santa Missa pelos falecidos, presidida pelo bispo auxiliar Dom Marco Eug\u00eanio Galr\u00e3o Leite de Almeida<\/p>\n<p>16h \u2013 Santa Missa pelos falecidos, presidida pelo c\u00f4nego L\u00e1zaro Muniz<\/p>\n<p>Semana de ora\u00e7\u00e3o pelos falecidos acontecer\u00e1 no Cemit\u00e9rio Campo Santo, em Salvador \u2014 Foto: Maiana Belo\/G1<\/p>\n<p>Por: Sara Gomes\/Arquidiocese de Salvador (BA)<\/p>\n","protected":false},"excerpt":{"rendered":"<p>Em prepara\u00e7\u00e3o ao Dia de Finados, a Pastoral da Esperan\u00e7a e Consola\u00e7\u00e3o realiza a Semana de Ora\u00e7\u00e3o pelos Falecidos, no Cemit\u00e9rio Campo Santo (Federa\u00e7\u00e3o). De 26 de outubro a 2 de novembro, quem visitar o local poder\u00e1 participar, seguindo os protocolos de seguran\u00e7a, de uma programa\u00e7\u00e3o que contar\u00e1 com Missas, Celebra\u00e7\u00e3o da Palavra e momentos&nbsp;<\/p>\n<p><a class=\"btn btn-style\" href=\"https:\/\/portalcatolico.net\/portal\/semana-de-oracao-pelos-falecidos-contara-com-programacao-especial-no-cemiterio-campo-santo-em-salvador\/\">Continue Reading<\/a><\/p>\n","protected":false},"author":2,"featured_media":70509,"comment_status":"open","ping_status":"open","sticky":false,"template":"","format":"standard","meta":{"footnotes":""},"categories":[3],"tags":[],"class_list":["post-70508","post","type-post","status-publish","format-standard","has-post-thumbnail","hentry","category-noticias_regionais"],"_links":{"self":[{"href":"https:\/\/portalcatolico.net\/portal\/wp-json\/wp\/v2\/posts\/70508","targetHints":{"allow":["GET"]}}],"collection":[{"href":"https:\/\/portalcatolico.net\/portal\/wp-json\/wp\/v2\/posts"}],"about":[{"href":"https:\/\/portalcatolico.net\/portal\/wp-json\/wp\/v2\/types\/post"}],"author":[{"embeddable":true,"href":"https:\/\/portalcatolico.net\/portal\/wp-json\/wp\/v2\/users\/2"}],"replies":[{"embeddable":true,"href":"https:\/\/portalcatolico.net\/portal\/wp-json\/wp\/v2\/comments?post=70508"}],"version-history":[{"count":1,"href":"https:\/\/portalcatolico.net\/portal\/wp-json\/wp\/v2\/posts\/70508\/revisions"}],"predecessor-version":[{"id":70510,"href":"https:\/\/portalcatolico.net\/portal\/wp-json\/wp\/v2\/posts\/70508\/revisions\/70510"}],"wp:featuredmedia":[{"embeddable":true,"href":"https:\/\/portalcatolico.net\/portal\/wp-json\/wp\/v2\/media\/70509"}],"wp:attachment":[{"href":"https:\/\/portalcatolico.net\/portal\/wp-json\/wp\/v2\/media?parent=70508"}],"wp:term":[{"taxonomy":"category","embeddable":true,"href":"https:\/\/portalcatolico.net\/portal\/wp-json\/wp\/v2\/categories?post=70508"},{"taxonomy":"post_tag","embeddable":true,"href":"https:\/\/portalcatolico.net\/portal\/wp-json\/wp\/v2\/tags?post=70508"}],"curies":[{"name":"wp","href":"https:\/\/api.w.org\/{rel}","templated":true}]}}