{"id":70467,"date":"2020-10-21T16:59:56","date_gmt":"2020-10-21T19:59:56","guid":{"rendered":"http:\/\/portalcatolico.net\/portal\/?p=70467"},"modified":"2020-10-21T16:59:56","modified_gmt":"2020-10-21T19:59:56","slug":"dom-paulo-cezar-costa-e-o-novo-arcebispo-de-brasilia","status":"publish","type":"post","link":"https:\/\/portalcatolico.net\/portal\/dom-paulo-cezar-costa-e-o-novo-arcebispo-de-brasilia\/","title":{"rendered":"Dom Paulo Cezar Costa \u00e9 o novo arcebispo de Bras\u00edlia"},"content":{"rendered":"<p>&#8220;Entro na vida desta Igreja Particular com muito respeito pela sua caminhada, pelo trabalho dos meus predecessores, principalmente o Cardeal S\u00e9rgio da Rocha, que doou a vida por v\u00e1rios anos nesta Igreja&#8221;, disse Dom Paulo em carta aos fi\u00e9is da arquidiocese de Bras\u00edlia.<\/p>\n<p>O Papa Francisco nomeou arcebispo de Bras\u00edlia Dom Paulo Cezar Costa, transferindo-o da Diocese de S\u00e3o Carlos (SP).<\/p>\n<p>Dom Paulo Cezar Costa nasceu em 20 de julho 1967 a Valen\u00e7a (RJ). Possui gradua\u00e7\u00e3o em Teologia pelo Instituto Superior de Teologia da Arquidiocese do Rio de Janeiro (1991), Mestrado e Doutorado em Teologia pela Pontif\u00edcia Universidade Gregoriana (1998 e 2001).<\/p>\n<p>Em 2010, foi nomeado pelo Papa Bento XVI como Bispo-Auxiliar da Arquidiocese de S\u00e3o Sebasti\u00e3o do Rio de Janeiro, ocupando in\u00fameros encargos.<\/p>\n<p>Em 22 de junho 2016 foi nomeado 7\u00ba&nbsp;bispo da Diocese de S\u00e3o Carlos pelo Papa Francisco.<\/p>\n<p>\u00c9 membro do Conselho Permanente e da Comiss\u00e3o Episcopal Pastoral para Educa\u00e7\u00e3o e Cultura da CNBB. Tamb\u00e9m \u00e9 membro do pontif\u00edcio Conselho para a Promo\u00e7\u00e3o da Unidade dos Crist\u00e3os e da Pontif\u00edcia Comiss\u00e3o para Am\u00e9rica Latina.<\/p>\n<p><strong>O bem mais precioso: Jesus Cristo<\/strong><\/p>\n<p>Em carta aos fi\u00e9is de Bras\u00edlia, Dom Paulo assim comenta a sua transfer\u00eancia:<\/p>\n<p>\u201cDisse sim ao Papa Francisco buscando vivenciar o que os patriarcas e profetas de nossa f\u00e9 fizeram: partiram respondendo a um Chamado de Deus. Ao Papa Francisco, minha filial obedi\u00eancia, comunh\u00e3o e gratid\u00e3o pela confian\u00e7a.<\/p>\n<p>Entro na vida desta Igreja Particular com muito respeito pela sua caminhada, pelo trabalho dos meus predecessores, principalmente o Cardeal S\u00e9rgio da Rocha, que doou a vida por v\u00e1rios anos nesta Igreja.<\/p>\n<p>Vou com a disposi\u00e7\u00e3o de vos conhecer, amar e doar o melhor de minhas for\u00e7as para que o Evangelho de Jesus Cristo possa ser conhecido, amado e testemunhado.<\/p>\n<p>N\u00e3o vou de m\u00e3os vazias, levo minha experi\u00eancia de F\u00e9 e Vida em Valen\u00e7a, em Nova Igua\u00e7u, no Rio de Janeiro e em S\u00e3o Carlos, mas principalmente, vou levando aquilo que de mais precioso possuo: Jesus Cristo. Ele \u00e9 a grande riqueza na minha vida.\u201d<\/p>\n<h2>Barreiras tem novo bispo<\/h2>\n<p>Tamb\u00e9m a diocese de Barreiras (BA) tem novo bispo:&nbsp;Dom Moacir Silva Arantes, at\u00e9 ent\u00e3o auxiliar da arquidiocese metropolitana de Goi\u00e2nia.<\/p>\n<p>Fonte e foto: Vatican News<\/p>\n","protected":false},"excerpt":{"rendered":"<p>&#8220;Entro na vida desta Igreja Particular com muito respeito pela sua caminhada, pelo trabalho dos meus predecessores, principalmente o Cardeal S\u00e9rgio da Rocha, que doou a vida por v\u00e1rios anos nesta Igreja&#8221;, disse Dom Paulo em carta aos fi\u00e9is da arquidiocese de Bras\u00edlia. O Papa Francisco nomeou arcebispo de Bras\u00edlia Dom Paulo Cezar Costa, transferindo-o&nbsp;<\/p>\n<p><a class=\"btn btn-style\" href=\"https:\/\/portalcatolico.net\/portal\/dom-paulo-cezar-costa-e-o-novo-arcebispo-de-brasilia\/\">Continue Reading<\/a><\/p>\n","protected":false},"author":2,"featured_media":70468,"comment_status":"open","ping_status":"open","sticky":false,"template":"","format":"standard","meta":{"footnotes":""},"categories":[5],"tags":[],"class_list":["post-70467","post","type-post","status-publish","format-standard","has-post-thumbnail","hentry","category-igreja_no_mundo"],"_links":{"self":[{"href":"https:\/\/portalcatolico.net\/portal\/wp-json\/wp\/v2\/posts\/70467","targetHints":{"allow":["GET"]}}],"collection":[{"href":"https:\/\/portalcatolico.net\/portal\/wp-json\/wp\/v2\/posts"}],"about":[{"href":"https:\/\/portalcatolico.net\/portal\/wp-json\/wp\/v2\/types\/post"}],"author":[{"embeddable":true,"href":"https:\/\/portalcatolico.net\/portal\/wp-json\/wp\/v2\/users\/2"}],"replies":[{"embeddable":true,"href":"https:\/\/portalcatolico.net\/portal\/wp-json\/wp\/v2\/comments?post=70467"}],"version-history":[{"count":1,"href":"https:\/\/portalcatolico.net\/portal\/wp-json\/wp\/v2\/posts\/70467\/revisions"}],"predecessor-version":[{"id":70469,"href":"https:\/\/portalcatolico.net\/portal\/wp-json\/wp\/v2\/posts\/70467\/revisions\/70469"}],"wp:featuredmedia":[{"embeddable":true,"href":"https:\/\/portalcatolico.net\/portal\/wp-json\/wp\/v2\/media\/70468"}],"wp:attachment":[{"href":"https:\/\/portalcatolico.net\/portal\/wp-json\/wp\/v2\/media?parent=70467"}],"wp:term":[{"taxonomy":"category","embeddable":true,"href":"https:\/\/portalcatolico.net\/portal\/wp-json\/wp\/v2\/categories?post=70467"},{"taxonomy":"post_tag","embeddable":true,"href":"https:\/\/portalcatolico.net\/portal\/wp-json\/wp\/v2\/tags?post=70467"}],"curies":[{"name":"wp","href":"https:\/\/api.w.org\/{rel}","templated":true}]}}