{"id":70336,"date":"2020-10-09T19:22:08","date_gmt":"2020-10-09T22:22:08","guid":{"rendered":"http:\/\/portalcatolico.net\/portal\/?p=70336"},"modified":"2020-10-09T19:22:58","modified_gmt":"2020-10-09T22:22:58","slug":"nossa-senhora-aparecida-padroeira-do-bairro-california-e-celebrada-em-itabuna","status":"publish","type":"post","link":"https:\/\/portalcatolico.net\/portal\/nossa-senhora-aparecida-padroeira-do-bairro-california-e-celebrada-em-itabuna\/","title":{"rendered":"Nossa Senhora Aparecida, padroeira do bairro Calif\u00f3rnia, \u00e9 celebrada em Itabuna!"},"content":{"rendered":"<p>Com o tema central &#8220;Senhor, o que quere de mim?&#8221;&nbsp; e Lema: &#8220;Vem e segue-me.&#8221; (MT 19,21), Nossa Senhora Aparecida, est\u00e1 sendo celebrada em Itabuna (BA). A santa \u00e9 padroeira do bairro Calif\u00f3rnia. Os preparativos para a grande festa tiveram in\u00edcio no \u00faltimo s\u00e1bado, dia 03 e segue at\u00e9 o dia 12 de outubro, dia festivo e feriado nacional.<\/p>\n<p>Neste ano de 2020, a paroquia est\u00e1 completando 40 anos de evangeliza\u00e7\u00e3o, f\u00e9 e devo\u00e7\u00e3o. Vale ressaltar que no dia festivo, v\u00e3o acontecer quatro missas durante todo o dia, al\u00e9m de carreata e b\u00ean\u00e7\u00e3o com o Sant\u00edssimo Sacramento.<br \/>\n\u00c0s 17h, vai ter missa solene, com a presid\u00eancia do bispo da diocese de Itabuna, dom Carlos Alberto dos Santos.<br \/>\n<strong>Confira a programa\u00e7\u00e3o completa neste link:<\/strong><br \/>\n<a href=\"http:\/\/portalcatolico.net\/portal\/confira-a-programacao-da-festa-de-nossa-senhora-aparecida-em-itabuna\/\" target=\"_blank\" rel=\"noopener noreferrer\">http:\/\/portalcatolico.net\/portal\/confira-a-programacao-da-festa-de-nossa-senhora-aparecida-em-itabuna\/<\/a><\/p>\n<p>Foto: Captura de v\u00eddeo<\/p>\n","protected":false},"excerpt":{"rendered":"<p>Com o tema central &#8220;Senhor, o que quere de mim?&#8221;&nbsp; e Lema: &#8220;Vem e segue-me.&#8221; (MT 19,21), Nossa Senhora Aparecida, est\u00e1 sendo celebrada em Itabuna (BA). A santa \u00e9 padroeira do bairro Calif\u00f3rnia. Os preparativos para a grande festa tiveram in\u00edcio no \u00faltimo s\u00e1bado, dia 03 e segue at\u00e9 o dia 12 de outubro, dia&nbsp;<\/p>\n<p><a class=\"btn btn-style\" href=\"https:\/\/portalcatolico.net\/portal\/nossa-senhora-aparecida-padroeira-do-bairro-california-e-celebrada-em-itabuna\/\">Continue Reading<\/a><\/p>\n","protected":false},"author":2,"featured_media":70337,"comment_status":"open","ping_status":"open","sticky":false,"template":"","format":"standard","meta":{"footnotes":""},"categories":[2],"tags":[],"class_list":["post-70336","post","type-post","status-publish","format-standard","has-post-thumbnail","hentry","category-eventos"],"_links":{"self":[{"href":"https:\/\/portalcatolico.net\/portal\/wp-json\/wp\/v2\/posts\/70336","targetHints":{"allow":["GET"]}}],"collection":[{"href":"https:\/\/portalcatolico.net\/portal\/wp-json\/wp\/v2\/posts"}],"about":[{"href":"https:\/\/portalcatolico.net\/portal\/wp-json\/wp\/v2\/types\/post"}],"author":[{"embeddable":true,"href":"https:\/\/portalcatolico.net\/portal\/wp-json\/wp\/v2\/users\/2"}],"replies":[{"embeddable":true,"href":"https:\/\/portalcatolico.net\/portal\/wp-json\/wp\/v2\/comments?post=70336"}],"version-history":[{"count":2,"href":"https:\/\/portalcatolico.net\/portal\/wp-json\/wp\/v2\/posts\/70336\/revisions"}],"predecessor-version":[{"id":70339,"href":"https:\/\/portalcatolico.net\/portal\/wp-json\/wp\/v2\/posts\/70336\/revisions\/70339"}],"wp:featuredmedia":[{"embeddable":true,"href":"https:\/\/portalcatolico.net\/portal\/wp-json\/wp\/v2\/media\/70337"}],"wp:attachment":[{"href":"https:\/\/portalcatolico.net\/portal\/wp-json\/wp\/v2\/media?parent=70336"}],"wp:term":[{"taxonomy":"category","embeddable":true,"href":"https:\/\/portalcatolico.net\/portal\/wp-json\/wp\/v2\/categories?post=70336"},{"taxonomy":"post_tag","embeddable":true,"href":"https:\/\/portalcatolico.net\/portal\/wp-json\/wp\/v2\/tags?post=70336"}],"curies":[{"name":"wp","href":"https:\/\/api.w.org\/{rel}","templated":true}]}}