{"id":70332,"date":"2020-10-09T18:52:16","date_gmt":"2020-10-09T21:52:16","guid":{"rendered":"http:\/\/portalcatolico.net\/portal\/?p=70332"},"modified":"2020-10-09T18:52:39","modified_gmt":"2020-10-09T21:52:39","slug":"na-arquidiocese-de-salvador-devotos-rendem-homenagens-a-nossa-senhora-aparecida","status":"publish","type":"post","link":"https:\/\/portalcatolico.net\/portal\/na-arquidiocese-de-salvador-devotos-rendem-homenagens-a-nossa-senhora-aparecida\/","title":{"rendered":"Na Arquidiocese de Salvador, devotos rendem homenagens \u00e0 Nossa Senhora Aparecida"},"content":{"rendered":"<p>A Rainha e Padroeira do Brasil, Nossa Senhora da Concei\u00e7\u00e3o Aparecida, receber\u00e1 homenagens de devotos na pr\u00f3xima segunda-feira, dia 12 de outubro. Na Arquidiocese de Salvador, o Santu\u00e1rio dedicado a ela, comunidades e par\u00f3quias est\u00e3o com programa\u00e7\u00f5es especiais. Para que voc\u00ea possa acompanhar, a Pastoral da Comunica\u00e7\u00e3o da Arquidiocese de Salvador (Pascom) destacou algumas; outras podem ser conferidas em www.arquidiocesesalvador.org.br.<\/p>\n<p><strong>Santu\u00e1rio Nossa Senhora da Concei\u00e7\u00e3o Aparecida (Imbu\u00ed)<\/strong><\/p>\n<p>\u00c0 luz do tema \u201cCom Maria, em fam\u00edlia, revestir-se da Palavra\u201d, a programa\u00e7\u00e3o do Santu\u00e1rio, localizado no bairro do Imbu\u00ed, teve in\u00edcio com o noven\u00e1rio no dia 3 e segue at\u00e9 o dia 11 de outubro. No dia dedicado \u00e0 Padroeira do Brasil (12), haver\u00e1 uma programa\u00e7\u00e3o especial com alvorada, \u00e0s 5h; Of\u00edcio de Nossa Senhora, \u00e0s 5h30; Missas \u00e0s 6h30, 9h30, 12h e 15h. O \u00e1pice dos festejos ser\u00e1 a Missa Solene, presidida pelo bispo auxiliar da Arquidiocese de Salvador, Dom H\u00e9lio Pereira dos Santos, \u00e0s 18h.<\/p>\n<p>Ainda como parte dos festejos, <strong>no dia 11 de outubro <\/strong>haver\u00e1 uma carreata \u2013 em substitui\u00e7\u00e3o \u00e0 prociss\u00e3o que acontece todos os anos -, com in\u00edcio \u00e0s 9h, saindo do Santu\u00e1rio e passando pela Avenida Lu\u00eds Viana (Paralela), Avenida Dorival Caymmi, Avenida Oct\u00e1vio Mangabeira, Rua Arthur Azev\u00eado Machado (Stiep), Hospital Sarah, retorno para a Avenida Paralela e para o Santu\u00e1rio.<\/p>\n<p>\u00c9 importante ressaltar que, em raz\u00e3o da pandemia, apenas um n\u00famero reduzido de fi\u00e9is poder\u00e1 participar, presencialmente, das Celebra\u00e7\u00f5es Eucar\u00edsticas. Desta forma, quem desejar estar presente deve solicitar os convites, atrav\u00e9s do site Eventbrite. Para aqueles que n\u00e3o puderem participar presencialmente, toda a programa\u00e7\u00e3o ser\u00e1 transmitida, ao vivo, pelo canal do Santu\u00e1rio no YouTube (Aparecida&nbsp;Imbui).<\/p>\n<p><strong>Capela Nossa Senhora Aparecida (19\u00ba Batalh\u00e3o de Ca\u00e7adores \u2013 19 BC)<\/strong><\/p>\n<p>\u201cCom&nbsp;Maria em fam\u00edlia, revestir-se da Palavra\u201d, este \u00e9 o tema central do tr\u00edduo que a Capela Militar Nossa Senhora Aparecida (19\u00ba Batalh\u00e3o de Ca\u00e7adores \u2013 19 BC) realiza em prepara\u00e7\u00e3o \u00e0 festa da Rainha e Padroeira do Brasil. Entre os dias 9 e 11 de outubro, sempre \u00e0s 19h30, os fi\u00e9is acompanham as celebra\u00e7\u00f5es que ser\u00e3o presididas pelo padre Jos\u00e9 Carlos de Freitas, padre M\u00e1rcio Augusto e frei Giovanni Messias, na respectiva ordem.<\/p>\n<p>No dia dedicado \u00e0 padroeira (12), as homenagens ter\u00e3o in\u00edcio \u00e0s 6h com alvorada festiva e, em seguida, recita\u00e7\u00e3o do Of\u00edcio da Imaculada Concei\u00e7\u00e3o e Santo Ter\u00e7o. Neste dia, as Missas ser\u00e3o celebradas \u00e0s 7h30 e \u00e0s 9h. Como parte dos festejos, haver\u00e1, ainda, uma carreata com a imagem da M\u00e3e Aparecida, a partir das 10h, que vai percorrer o seguinte trajeto: Capela Nossa Senhora Aparecida (sa\u00edda), CHOPM1, Horto Bela Vista, Resgate, UNEB, Saboeiro e Capela Nossa Senhora de Aparecida (retorno).<\/p>\n<p><strong>Par\u00f3quia Ascens\u00e3o do Senhor (Centro Administrativo da Bahia \u2013 CAB)<\/strong><\/p>\n<p>Os devotos de Nossa Senhora Aparecida poder\u00e3o participar, ou acompanhar via rede social, a Missa Solene em honra \u00e0 Nossa Senhora Aparecida na Par\u00f3quia Ascens\u00e3o do Senhor, localizada no Centro Administrativo da Bahia (CAB). A Celebra\u00e7\u00e3o Eucar\u00edstica acontecer\u00e1 no dia 12 de outubro, \u00e0s 11h.<\/p>\n<p>Para participar presencialmente, o fiel deve realizar a inscri\u00e7\u00e3o no site da par\u00f3quia [www.ascensaodosenhor.org.br]. Lembrando que as vagas s\u00e3o limitadas, em raz\u00e3o da pandemia, mas os fi\u00e9is tamb\u00e9m poder\u00e3o acompanhar pelo Youtube [para localizar o canal, o internauta deve digitar \u201cPar\u00f3quia Ascens\u00e3o do Senhor\u201d na caixa de busca].<\/p>\n<p><strong>Par\u00f3quia Nossa Senhora da Concei\u00e7\u00e3o (Val\u00e9ria)<\/strong><\/p>\n<p>\u00c0 luz do tema \u201cRainha dos c\u00e9us, sob a tua guia conduz-nos na festa da vida\u201d, fi\u00e9is da Comunidade Nossa Senhora Aparecida, pertencente \u00e0 Par\u00f3quia Nossa Senhora da Concei\u00e7\u00e3o, no bairro de Val\u00e9ria, participam do tr\u00edduo em prepara\u00e7\u00e3o \u00e0 Festa da Padroeira do Brasil. As Celebra\u00e7\u00f5es ter\u00e3o in\u00edcio no dia 9 e seguir\u00e3o at\u00e9 o dia 11 de outubro, \u00e0s 19h (1\u00aa noite), 16h (2\u00aa noite) e \u00e0s 8h (3\u00aa noite), na Igreja da comunidade dedicada \u00e0 Rainha. J\u00e1 no dia festivo, 12 de outubro, os devotos se reunir\u00e3o no Centro de Evangeliza\u00e7\u00e3o Sagrada Fam\u00edlia (CESF), a partir das 9h. Para agendar a participa\u00e7\u00e3o presencial \u00e9 necess\u00e1rio entrar em&nbsp;contato&nbsp;pelo telefone (71) 99242-4503 (Deja).<\/p>\n<p><strong>Par\u00f3quia S\u00e3o Daniel Comboni (Sussuarana)<\/strong><\/p>\n<p>Os fi\u00e9is da Par\u00f3quia S\u00e3o Daniel Comboni, no bairro de Sussuarana, rendem homenagens \u00e0 Padroeira do Brasil, Nossa Senhora da Concei\u00e7\u00e3o Aparecida. At\u00e9 o dia 11, \u00e0s 19h30, acontece o noven\u00e1rio em prepara\u00e7\u00e3o \u00e0 Festa da Rainha, que tem como tema principal \u201cCom Maria, em fam\u00edlia, revista-se da Palavra\u201d.<\/p>\n<p>Para cada noite, os paroquianos s\u00e3o convidados a realizar gestos concretos, por meio de doa\u00e7\u00e3o de a\u00e7\u00facar, feij\u00e3o, caf\u00e9 e \u00f3leo. No dia festivo (12), haver\u00e1 uma carreata, \u00e0s 7h30, com sa\u00edda na Igreja Matriz, em dire\u00e7\u00e3o \u00e0 Rua ACM. Logo em seguida, \u00e0s 9h30, os fi\u00e9is acompanham a primeira Missa Solene. J\u00e1 \u00e0s 17h acontecer\u00e1 a segunda e \u00faltima Celebra\u00e7\u00e3o Eucar\u00edstica em honra \u00e0 Padroeira.<\/p>\n<p>Por: Sara Gomes\/Arquidiocese de Salvador (BA)<\/p>\n","protected":false},"excerpt":{"rendered":"<p>A Rainha e Padroeira do Brasil, Nossa Senhora da Concei\u00e7\u00e3o Aparecida, receber\u00e1 homenagens de devotos na pr\u00f3xima segunda-feira, dia 12 de outubro. Na Arquidiocese de Salvador, o Santu\u00e1rio dedicado a ela, comunidades e par\u00f3quias est\u00e3o com programa\u00e7\u00f5es especiais. Para que voc\u00ea possa acompanhar, a Pastoral da Comunica\u00e7\u00e3o da Arquidiocese de Salvador (Pascom) destacou algumas; outras&nbsp;<\/p>\n<p><a class=\"btn btn-style\" href=\"https:\/\/portalcatolico.net\/portal\/na-arquidiocese-de-salvador-devotos-rendem-homenagens-a-nossa-senhora-aparecida\/\">Continue Reading<\/a><\/p>\n","protected":false},"author":2,"featured_media":70333,"comment_status":"open","ping_status":"open","sticky":false,"template":"","format":"standard","meta":{"footnotes":""},"categories":[4],"tags":[],"class_list":["post-70332","post","type-post","status-publish","format-standard","has-post-thumbnail","hentry","category-destaques"],"_links":{"self":[{"href":"https:\/\/portalcatolico.net\/portal\/wp-json\/wp\/v2\/posts\/70332","targetHints":{"allow":["GET"]}}],"collection":[{"href":"https:\/\/portalcatolico.net\/portal\/wp-json\/wp\/v2\/posts"}],"about":[{"href":"https:\/\/portalcatolico.net\/portal\/wp-json\/wp\/v2\/types\/post"}],"author":[{"embeddable":true,"href":"https:\/\/portalcatolico.net\/portal\/wp-json\/wp\/v2\/users\/2"}],"replies":[{"embeddable":true,"href":"https:\/\/portalcatolico.net\/portal\/wp-json\/wp\/v2\/comments?post=70332"}],"version-history":[{"count":1,"href":"https:\/\/portalcatolico.net\/portal\/wp-json\/wp\/v2\/posts\/70332\/revisions"}],"predecessor-version":[{"id":70334,"href":"https:\/\/portalcatolico.net\/portal\/wp-json\/wp\/v2\/posts\/70332\/revisions\/70334"}],"wp:featuredmedia":[{"embeddable":true,"href":"https:\/\/portalcatolico.net\/portal\/wp-json\/wp\/v2\/media\/70333"}],"wp:attachment":[{"href":"https:\/\/portalcatolico.net\/portal\/wp-json\/wp\/v2\/media?parent=70332"}],"wp:term":[{"taxonomy":"category","embeddable":true,"href":"https:\/\/portalcatolico.net\/portal\/wp-json\/wp\/v2\/categories?post=70332"},{"taxonomy":"post_tag","embeddable":true,"href":"https:\/\/portalcatolico.net\/portal\/wp-json\/wp\/v2\/tags?post=70332"}],"curies":[{"name":"wp","href":"https:\/\/api.w.org\/{rel}","templated":true}]}}