{"id":69898,"date":"2020-08-07T18:44:00","date_gmt":"2020-08-07T21:44:00","guid":{"rendered":"http:\/\/portalcatolico.net\/portal\/?p=69898"},"modified":"2020-08-07T18:44:00","modified_gmt":"2020-08-07T21:44:00","slug":"catedral-metropolitana-transfiguracao-do-senhor-realiza-concerto-do-orgao-de-tubos-no-proximo-domingo-9","status":"publish","type":"post","link":"https:\/\/portalcatolico.net\/portal\/catedral-metropolitana-transfiguracao-do-senhor-realiza-concerto-do-orgao-de-tubos-no-proximo-domingo-9\/","title":{"rendered":"Catedral Metropolitana Transfigura\u00e7\u00e3o do Senhor realiza concerto do \u00f3rg\u00e3o de tubos no pr\u00f3ximo domingo (9)"},"content":{"rendered":"<p>Com o objetivo de arrecadar recursos para a manuten\u00e7\u00e3o do templo e para o projeto Barroco na Bahia, a Catedral Metropolitana Transfigura\u00e7\u00e3o do Senhor (Catedral Bas\u00edlica), localizada no Terreiro de Jesus, receber\u00e1 at\u00e9 70 pessoas no pr\u00f3ximo domingo (9) para acompanhar o concerto do \u00f3rg\u00e3o de tubos. A apresenta\u00e7\u00e3o ter\u00e1 in\u00edcio \u00e0s 11h30 e contar\u00e1 com m\u00fasicas de Johann Sebastian Bach, Fran\u00e7\u00f3is Couperin, Dietrich Buxtehude, entre outros.<\/p>\n<p>Para assistir ao concerto, o interessado dever\u00e1 adquirir o ingresso, no valor de R$ 10, na entrada da Catedral, antes da apresenta\u00e7\u00e3o. Mais informa\u00e7\u00f5es pelo telefone (71) 3321-4573.<\/p>\n<p>Por: Sara Gomes\/Arquidiocese de Salvador(BA)<\/p>\n","protected":false},"excerpt":{"rendered":"<p>Com o objetivo de arrecadar recursos para a manuten\u00e7\u00e3o do templo e para o projeto Barroco na Bahia, a Catedral Metropolitana Transfigura\u00e7\u00e3o do Senhor (Catedral Bas\u00edlica), localizada no Terreiro de Jesus, receber\u00e1 at\u00e9 70 pessoas no pr\u00f3ximo domingo (9) para acompanhar o concerto do \u00f3rg\u00e3o de tubos. A apresenta\u00e7\u00e3o ter\u00e1 in\u00edcio \u00e0s 11h30 e contar\u00e1&nbsp;<\/p>\n<p><a class=\"btn btn-style\" href=\"https:\/\/portalcatolico.net\/portal\/catedral-metropolitana-transfiguracao-do-senhor-realiza-concerto-do-orgao-de-tubos-no-proximo-domingo-9\/\">Continue Reading<\/a><\/p>\n","protected":false},"author":2,"featured_media":69899,"comment_status":"open","ping_status":"open","sticky":false,"template":"","format":"standard","meta":{"footnotes":""},"categories":[3],"tags":[],"class_list":["post-69898","post","type-post","status-publish","format-standard","has-post-thumbnail","hentry","category-noticias_regionais"],"_links":{"self":[{"href":"https:\/\/portalcatolico.net\/portal\/wp-json\/wp\/v2\/posts\/69898","targetHints":{"allow":["GET"]}}],"collection":[{"href":"https:\/\/portalcatolico.net\/portal\/wp-json\/wp\/v2\/posts"}],"about":[{"href":"https:\/\/portalcatolico.net\/portal\/wp-json\/wp\/v2\/types\/post"}],"author":[{"embeddable":true,"href":"https:\/\/portalcatolico.net\/portal\/wp-json\/wp\/v2\/users\/2"}],"replies":[{"embeddable":true,"href":"https:\/\/portalcatolico.net\/portal\/wp-json\/wp\/v2\/comments?post=69898"}],"version-history":[{"count":1,"href":"https:\/\/portalcatolico.net\/portal\/wp-json\/wp\/v2\/posts\/69898\/revisions"}],"predecessor-version":[{"id":69900,"href":"https:\/\/portalcatolico.net\/portal\/wp-json\/wp\/v2\/posts\/69898\/revisions\/69900"}],"wp:featuredmedia":[{"embeddable":true,"href":"https:\/\/portalcatolico.net\/portal\/wp-json\/wp\/v2\/media\/69899"}],"wp:attachment":[{"href":"https:\/\/portalcatolico.net\/portal\/wp-json\/wp\/v2\/media?parent=69898"}],"wp:term":[{"taxonomy":"category","embeddable":true,"href":"https:\/\/portalcatolico.net\/portal\/wp-json\/wp\/v2\/categories?post=69898"},{"taxonomy":"post_tag","embeddable":true,"href":"https:\/\/portalcatolico.net\/portal\/wp-json\/wp\/v2\/tags?post=69898"}],"curies":[{"name":"wp","href":"https:\/\/api.w.org\/{rel}","templated":true}]}}