{"id":69893,"date":"2020-08-07T17:18:58","date_gmt":"2020-08-07T20:18:58","guid":{"rendered":"http:\/\/portalcatolico.net\/portal\/?p=69893"},"modified":"2020-08-07T17:18:58","modified_gmt":"2020-08-07T20:18:58","slug":"cristo-redentor-recebe-missas-de-dia-dos-pais-e-lancamento-de-video-de-esperanca","status":"publish","type":"post","link":"https:\/\/portalcatolico.net\/portal\/cristo-redentor-recebe-missas-de-dia-dos-pais-e-lancamento-de-video-de-esperanca\/","title":{"rendered":"Cristo Redentor recebe missas de Dia dos Pais e lan\u00e7amento de v\u00eddeo de esperan\u00e7a"},"content":{"rendered":"<p>No Dia dos Pais, comemorado no dia 9 de agosto, a Confer\u00eancia Nacional dos Bispos do Brasil (CNBB) e a C\u00e1ritas Brasileira, com apoio do Verificado \u2013 iniciativa das Na\u00e7\u00f5es Unidas para o combate \u00e0 desinforma\u00e7\u00e3o \u2013 promover\u00e3o duas missas, aos p\u00e9s de uma das sete maravilhas do mundo \u2013 o Cristo Redentor, no Rio de Janeiro. As celebra\u00e7\u00f5es v\u00e3o homenagear as v\u00edtimas e as fam\u00edlias que perderam pais e entes queridos na pandemia, que j\u00e1 levou mais de 716 mil vidas em todo o mundo, sendo aproximadamente 98 mil mortes no Brasil. As transmiss\u00f5es ser\u00e3o realizadas ao vivo diretamente do Santu\u00e1rio Cristo Redentor. A primeira missa ser\u00e1 \u00e0s 6h30, na TV Globo e, logo ap\u00f3s, \u00e0s 11h00 haver\u00e1 uma segunda celebra\u00e7\u00e3o transmitida pelas TVs de inspira\u00e7\u00e3o cat\u00f3lica, como REDEVIDA e Pai Eterno, e pelos canais de YouTube da CNBB e C\u00e1ritas Brasileira.<\/p>\n<p><a href=\"https:\/\/www.cnbb.org.br\/wp-content\/uploads\/sites\/32\/2020\/08\/Para-cada-vida-Dia-dos-Pais.jpeg\"><img loading=\"lazy\" decoding=\"async\" class=\"size-full wp-image-243783 aligncenter\" src=\"https:\/\/www.cnbb.org.br\/wp-content\/uploads\/sites\/32\/2020\/08\/Para-cada-vida-Dia-dos-Pais.jpeg\" srcset=\"https:\/\/www.cnbb.org.br\/wp-content\/uploads\/sites\/32\/2020\/08\/Para-cada-vida-Dia-dos-Pais.jpeg 1280w, https:\/\/www.cnbb.org.br\/wp-content\/uploads\/sites\/32\/2020\/08\/Para-cada-vida-Dia-dos-Pais-300x169.jpeg 300w, https:\/\/www.cnbb.org.br\/wp-content\/uploads\/sites\/32\/2020\/08\/Para-cada-vida-Dia-dos-Pais-1024x576.jpeg 1024w, https:\/\/www.cnbb.org.br\/wp-content\/uploads\/sites\/32\/2020\/08\/Para-cada-vida-Dia-dos-Pais-768x432.jpeg 768w\" alt=\"\" width=\"1280\" height=\"720\"><\/a><\/p>\n<p>&nbsp;<\/p>\n<p><a href=\"https:\/\/www.cnbb.org.br\/wp-content\/uploads\/sites\/32\/2020\/08\/Cristo-Redentor.jpeg\"><img loading=\"lazy\" decoding=\"async\" class=\" wp-image-243763 alignright\" src=\"https:\/\/www.cnbb.org.br\/wp-content\/uploads\/sites\/32\/2020\/08\/Cristo-Redentor.jpeg\" srcset=\"https:\/\/www.cnbb.org.br\/wp-content\/uploads\/sites\/32\/2020\/08\/Cristo-Redentor.jpeg 853w, https:\/\/www.cnbb.org.br\/wp-content\/uploads\/sites\/32\/2020\/08\/Cristo-Redentor-200x300.jpeg 200w, https:\/\/www.cnbb.org.br\/wp-content\/uploads\/sites\/32\/2020\/08\/Cristo-Redentor-682x1024.jpeg 682w, https:\/\/www.cnbb.org.br\/wp-content\/uploads\/sites\/32\/2020\/08\/Cristo-Redentor-768x1152.jpeg 768w\" alt=\"\" width=\"424\" height=\"636\"><\/a>Durante ambas celebra\u00e7\u00f5es, haver\u00e1 o lan\u00e7amento de um v\u00eddeo in\u00e9dito com um poema de autoria do cardeal, poeta e te\u00f3logo portugu\u00eas Jos\u00e9 Tolentino Mendon\u00e7a, lido e interpretado pelo ator Tony Ramos, que almeja tocar os cora\u00e7\u00f5es dos brasileiros com palavras de esperan\u00e7a e solidariedade, e, por meio delas, trazer luz aos dias que est\u00e3o por vir.&nbsp; Emocionado com o momento cr\u00edtico pelo qual o planeta est\u00e1 passando, o ator ressaltou: \u201cO mundo s\u00f3 pode ficar melhor se nos respeitarmos. Uma frase antiga de um pensador ingl\u00eas diz: \u2018Cuidado: \u00f3dio gera doen\u00e7as graves, tenhamos amor dentro de n\u00f3s\u2019. Sonhemos com um mundo melhor, \u00e9 poss\u00edvel e, agora, depende de n\u00f3s<em>\u201d.<\/em><\/p>\n<p>O cardeal brasileiro dom Orani Jo\u00e3o Tempesta, arcebispo do Rio de Janeiro (RJ), que presidir\u00e1 as duas missas, far\u00e1 uma b\u00ean\u00e7\u00e3o especial \u00e0s fam\u00edlias e a todos os afetados pela pandemia. \u201cO Cristo Redentor, mais uma vez, abre os bra\u00e7os ao mundo para lembrar de todas as v\u00edtimas e fam\u00edlias que perderam seus entes queridos em decorr\u00eancia da pandemia. Tamb\u00e9m, neste segundo domingo de agosto, que \u00e9 dedicado aos pais, rezemos pedindo a Deus que aben\u00e7oe a todos\u201d, disse o cardeal.<\/p>\n<p>As celebra\u00e7\u00f5es com o tema&nbsp;<strong><em>\u201cPara Cada Vida\u201d<\/em>&nbsp;<\/strong>contam com o apoio do projeto Verificado, uma iniciativa global da Na\u00e7\u00f5es Unidas, que busca inundar os canais de comunica\u00e7\u00e3o com informa\u00e7\u00f5es verificadas e transmitidas pela ONU envolvendo os temas de ci\u00eancia, solidariedade e solu\u00e7\u00f5es, combatendo, assim, a&nbsp;<em>infodemia<\/em>&nbsp;de desinforma\u00e7\u00f5es em meio a esta pandemia que assola o mundo. O projeto conta com a colabora\u00e7\u00e3o da Purpose, uma das maiores organiza\u00e7\u00f5es de mobiliza\u00e7\u00e3o social do mundo, e com o apoio de articula\u00e7\u00e3o do NEXUS, movimento global que facilita espa\u00e7os de encontro entre as novas gera\u00e7\u00f5es de filantropos, empreendedores sociais e investidores de impacto.<\/p>\n<p>Em primeiro de julho, tamb\u00e9m com o conceito \u201cPara Cada Vida\u201d, foi realizada uma missa em tributo \u00e0s v\u00edtimas da COVID-19, celebrada na igreja S\u00e3o Jos\u00e9 da Lagoa e uma proje\u00e7\u00e3o especial no Cristo Redentor com imagens emocionantes. A mensagem de solidariedade chegou a mais de 25 pa\u00edses e a quase 300 milh\u00f5es de pessoas, trazendo luz ao triste momento que o pa\u00eds vem atravessando durante a pandemia.(CNBB)<\/p>\n","protected":false},"excerpt":{"rendered":"<p>No Dia dos Pais, comemorado no dia 9 de agosto, a Confer\u00eancia Nacional dos Bispos do Brasil (CNBB) e a C\u00e1ritas Brasileira, com apoio do Verificado \u2013 iniciativa das Na\u00e7\u00f5es Unidas para o combate \u00e0 desinforma\u00e7\u00e3o \u2013 promover\u00e3o duas missas, aos p\u00e9s de uma das sete maravilhas do mundo \u2013 o Cristo Redentor, no Rio&nbsp;<\/p>\n<p><a class=\"btn btn-style\" href=\"https:\/\/portalcatolico.net\/portal\/cristo-redentor-recebe-missas-de-dia-dos-pais-e-lancamento-de-video-de-esperanca\/\">Continue Reading<\/a><\/p>\n","protected":false},"author":2,"featured_media":69894,"comment_status":"open","ping_status":"open","sticky":false,"template":"","format":"standard","meta":{"footnotes":""},"categories":[4],"tags":[],"class_list":["post-69893","post","type-post","status-publish","format-standard","has-post-thumbnail","hentry","category-destaques"],"_links":{"self":[{"href":"https:\/\/portalcatolico.net\/portal\/wp-json\/wp\/v2\/posts\/69893","targetHints":{"allow":["GET"]}}],"collection":[{"href":"https:\/\/portalcatolico.net\/portal\/wp-json\/wp\/v2\/posts"}],"about":[{"href":"https:\/\/portalcatolico.net\/portal\/wp-json\/wp\/v2\/types\/post"}],"author":[{"embeddable":true,"href":"https:\/\/portalcatolico.net\/portal\/wp-json\/wp\/v2\/users\/2"}],"replies":[{"embeddable":true,"href":"https:\/\/portalcatolico.net\/portal\/wp-json\/wp\/v2\/comments?post=69893"}],"version-history":[{"count":1,"href":"https:\/\/portalcatolico.net\/portal\/wp-json\/wp\/v2\/posts\/69893\/revisions"}],"predecessor-version":[{"id":69895,"href":"https:\/\/portalcatolico.net\/portal\/wp-json\/wp\/v2\/posts\/69893\/revisions\/69895"}],"wp:featuredmedia":[{"embeddable":true,"href":"https:\/\/portalcatolico.net\/portal\/wp-json\/wp\/v2\/media\/69894"}],"wp:attachment":[{"href":"https:\/\/portalcatolico.net\/portal\/wp-json\/wp\/v2\/media?parent=69893"}],"wp:term":[{"taxonomy":"category","embeddable":true,"href":"https:\/\/portalcatolico.net\/portal\/wp-json\/wp\/v2\/categories?post=69893"},{"taxonomy":"post_tag","embeddable":true,"href":"https:\/\/portalcatolico.net\/portal\/wp-json\/wp\/v2\/tags?post=69893"}],"curies":[{"name":"wp","href":"https:\/\/api.w.org\/{rel}","templated":true}]}}