{"id":69886,"date":"2020-08-06T19:06:09","date_gmt":"2020-08-06T22:06:09","guid":{"rendered":"http:\/\/portalcatolico.net\/portal\/?p=69886"},"modified":"2020-08-06T19:06:09","modified_gmt":"2020-08-06T22:06:09","slug":"8-dados-que-deve-saber-sobre-a-transfiguracao-do-senhor","status":"publish","type":"post","link":"https:\/\/portalcatolico.net\/portal\/8-dados-que-deve-saber-sobre-a-transfiguracao-do-senhor\/","title":{"rendered":"8 dados que deve saber sobre a Transfigura\u00e7\u00e3o do Senhor"},"content":{"rendered":"<p>Este artigo re\u00fane 8 dados que todo cat\u00f3lico deve saber sobre a festa da Transfigura\u00e7\u00e3o do Senhor, celebrada em 6 de agosto.<\/p>\n<p><strong>1. Transfigura\u00e7\u00e3o significa &#8220;mudan\u00e7a de forma&#8221;<\/strong><\/p>\n<p>A palavra &#8220;transfigura\u00e7\u00e3o&#8221; provem das ra\u00edzes latinas trans (&#8220;atrav\u00e9s&#8221;) e figura (&#8220;forma, aspecto&#8221;). Portanto, significa uma mudan\u00e7a de forma ou apar\u00eancia.<\/p>\n<p>Foi o que aconteceu com Jesus no evento conhecido como a Transfigura\u00e7\u00e3o: sua apar\u00eancia mudou e se tornou gloriosa.<\/p>\n<p><strong>2. O Evangelho de Lucas prediz a Transfigura\u00e7\u00e3o<\/strong><\/p>\n<p>No Evangelho de Lucas 9, 27, no final de um discurso aos doze ap\u00f3stolos, Jesus misteriosamente acrescenta: \u201cEm verdade vos digo: dos que aqui se acham, alguns h\u00e1 que n\u00e3o morrer\u00e3o, at\u00e9 que vejam o Reino de Deus&#8221;.<\/p>\n<p>Isso costuma ser tomado como uma profecia de que o fim do mundo ocorreria antes da morte da primeira gera\u00e7\u00e3o de crist\u00e3os. No entanto, a frase &#8220;reino de Deus&#8221; tamb\u00e9m pode se referir \u00e0 &#8220;express\u00e3o externa do reino invis\u00edvel de Deus&#8221;.<\/p>\n<p>O reino est\u00e1 encarnado no pr\u00f3prio Cristo e, portanto, poderia ser &#8220;visto&#8221; se Cristo o manifestasse de uma maneira incomum, inclusive em sua pr\u00f3pria&nbsp;vida&nbsp;terrena, como foi o evento da Transfigura\u00e7\u00e3o.<\/p>\n<p>O Papa Em\u00e9rito&nbsp;Bento XVI&nbsp;afirmou que Jesus &#8220;argumentou de forma convincente que a coloca\u00e7\u00e3o dessa frase imediatamente antes da Transfigura\u00e7\u00e3o a relaciona claramente a esse evento&#8221;.<\/p>\n<p>&#8220;A alguns, isto \u00e9, aos tr\u00eas disc\u00edpulos que acompanham Jesus \u00e0 montanha, \u00e9 prometido que presenciar\u00e3o pessoalmente a vinda do Reino de Deus \u2018no poder\u2019\u201d, acrescentou.<\/p>\n<p><strong>3. A Transfigura\u00e7\u00e3o foi testemunhada pelos tr\u00eas disc\u00edpulos principais<\/strong><\/p>\n<p>A Transfigura\u00e7\u00e3o ocorreu na presen\u00e7a dos ap\u00f3stolos Jo\u00e3o, Pedro e Tiago, os tr\u00eas disc\u00edpulos principais.<\/p>\n<p>O fato de Jesus ter permitido apenas tr\u00eas de seus disc\u00edpulos presenciarem o evento pode ter provocado a discuss\u00e3o que rapidamente ocorreu sobre qual dos disc\u00edpulos era o maior (Lucas 9, 46).<\/p>\n<p><strong>4. N\u00e3o se sabe exatamente onde ocorreu a Transfigura\u00e7\u00e3o<\/strong><\/p>\n<p>S\u00e3o Lucas declara que Jesus levou os tr\u00eas \u00e0 &#8220;montanha para rezar&#8221;. Costuma-se pensar que esta montanha \u00e9 o Monte Tabor, em Israel, mas nenhum dos evangelhos a identifica com exatid\u00e3o.<\/p>\n<p><strong>5. A Transfigura\u00e7\u00e3o serviu para fortalecer a f\u00e9 dos ap\u00f3stolos<\/strong><\/p>\n<p>Segundo o&nbsp;Catecismo&nbsp;da&nbsp;Igreja&nbsp;Cat\u00f3lica numeral 568: \u201cA Transfigura\u00e7\u00e3o de Cristo tem por finalidade fortificar a f\u00e9 dos ap\u00f3stolos em vista da Paix\u00e3o: a subida \u00e0 \u2018elevada montanha\u2019 prepara a subida ao Calv\u00e1rio. Cristo, Cabe\u00e7a da Igreja, manifesta o que seu Corpo cont\u00e9m e irradia nos&nbsp;sacramentos&nbsp;\u2018a esperan\u00e7a da Gl\u00f3ria\u2019&#8221;.<\/p>\n<p><strong>6. O Evangelho de Lucas \u00e9 o que d\u00e1 mais detalhes deste acontecimento<\/strong><\/p>\n<p>S\u00e3o Lucas menciona v\u00e1rios detalhes sobre a Transfigura\u00e7\u00e3o que outros evangelistas n\u00e3o fazem. Por exemplo, observa que isso aconteceu enquanto Jesus estava rezando; menciona que Pedro e seus companheiros &#8220;tinham-se deixado vencer pelo sono; ao despertarem, viram a gl\u00f3ria de Jesus e os dois personagens em sua companhia&#8221;. Tamb\u00e9m menciona que Pedro sugeriu a cria\u00e7\u00e3o de tendas enquanto Mois\u00e9s e Elias se preparavam para partir.<\/p>\n<p><strong>7. A Apari\u00e7\u00e3o de Mois\u00e9s e Elias representa a Lei e os Profetas.<\/strong><\/p>\n<p>Mois\u00e9s e Elias representam os dois principais componentes do Antigo Testamento: a Lei e os Profetas.<\/p>\n<p>Mois\u00e9s foi o doador da Lei e Elias foi considerado o maior dos profetas.<\/p>\n<p><strong>8. A sugest\u00e3o de S\u00e3o Pedro foi err\u00f4nea<\/strong><\/p>\n<p>O fato de que a sugest\u00e3o de Pedro ocorra quando Mois\u00e9s e Elias est\u00e3o se preparando para partir revela um desejo de prolongar a experi\u00eancia da gl\u00f3ria. Isso significa que Pedro est\u00e1 se centrando no incorreto.<\/p>\n<p>A experi\u00eancia da Transfigura\u00e7\u00e3o tem como objetivo sinalizar os sofrimentos que Jesus est\u00e1 prestes a experimentar. Est\u00e1 destinado a fortalecer a f\u00e9 dos disc\u00edpulos, revelando-lhes a m\u00e3o divina que est\u00e1 trabalhando nos acontecimentos que Jesus sofrer\u00e1.<\/p>\n<p>Pedro erra o alvo e quer ficar na montanha, ao contr\u00e1rio da mensagem que Mois\u00e9s e Elias expuseram.<\/p>\n<p>Como aparente repreens\u00e3o disso, ocorre uma teofania: \u201cVeio uma nuvem e encobriu-os com a sua sombra; e os disc\u00edpulos, vendo-os desaparecer na nuvem, tiveram um grande pavor. Ent\u00e3o, da nuvem saiu uma voz: \u2018Este \u00e9 o meu Filho muito amado; ouvi-o!\u2019&#8221;.<\/p>\n<p><em>Publicado originalmente em&nbsp;National Catholic Register.<\/em><\/p>\n<p>Foto Transfigura\u00e7\u00e3o. Cr\u00e9dito: WikimediaCommons<\/p>\n","protected":false},"excerpt":{"rendered":"<p>Este artigo re\u00fane 8 dados que todo cat\u00f3lico deve saber sobre a festa da Transfigura\u00e7\u00e3o do Senhor, celebrada em 6 de agosto. 1. Transfigura\u00e7\u00e3o significa &#8220;mudan\u00e7a de forma&#8221; A palavra &#8220;transfigura\u00e7\u00e3o&#8221; provem das ra\u00edzes latinas trans (&#8220;atrav\u00e9s&#8221;) e figura (&#8220;forma, aspecto&#8221;). Portanto, significa uma mudan\u00e7a de forma ou apar\u00eancia. Foi o que aconteceu com Jesus&nbsp;<\/p>\n<p><a class=\"btn btn-style\" href=\"https:\/\/portalcatolico.net\/portal\/8-dados-que-deve-saber-sobre-a-transfiguracao-do-senhor\/\">Continue Reading<\/a><\/p>\n","protected":false},"author":2,"featured_media":69887,"comment_status":"open","ping_status":"open","sticky":false,"template":"","format":"standard","meta":{"footnotes":""},"categories":[4],"tags":[],"class_list":["post-69886","post","type-post","status-publish","format-standard","has-post-thumbnail","hentry","category-destaques"],"_links":{"self":[{"href":"https:\/\/portalcatolico.net\/portal\/wp-json\/wp\/v2\/posts\/69886","targetHints":{"allow":["GET"]}}],"collection":[{"href":"https:\/\/portalcatolico.net\/portal\/wp-json\/wp\/v2\/posts"}],"about":[{"href":"https:\/\/portalcatolico.net\/portal\/wp-json\/wp\/v2\/types\/post"}],"author":[{"embeddable":true,"href":"https:\/\/portalcatolico.net\/portal\/wp-json\/wp\/v2\/users\/2"}],"replies":[{"embeddable":true,"href":"https:\/\/portalcatolico.net\/portal\/wp-json\/wp\/v2\/comments?post=69886"}],"version-history":[{"count":1,"href":"https:\/\/portalcatolico.net\/portal\/wp-json\/wp\/v2\/posts\/69886\/revisions"}],"predecessor-version":[{"id":69888,"href":"https:\/\/portalcatolico.net\/portal\/wp-json\/wp\/v2\/posts\/69886\/revisions\/69888"}],"wp:featuredmedia":[{"embeddable":true,"href":"https:\/\/portalcatolico.net\/portal\/wp-json\/wp\/v2\/media\/69887"}],"wp:attachment":[{"href":"https:\/\/portalcatolico.net\/portal\/wp-json\/wp\/v2\/media?parent=69886"}],"wp:term":[{"taxonomy":"category","embeddable":true,"href":"https:\/\/portalcatolico.net\/portal\/wp-json\/wp\/v2\/categories?post=69886"},{"taxonomy":"post_tag","embeddable":true,"href":"https:\/\/portalcatolico.net\/portal\/wp-json\/wp\/v2\/tags?post=69886"}],"curies":[{"name":"wp","href":"https:\/\/api.w.org\/{rel}","templated":true}]}}