{"id":69844,"date":"2020-07-30T18:39:29","date_gmt":"2020-07-30T21:39:29","guid":{"rendered":"http:\/\/portalcatolico.net\/portal\/?p=69844"},"modified":"2020-08-02T18:39:49","modified_gmt":"2020-08-02T21:39:49","slug":"o-perdao-de-assis-a-porta-aberta-a-graca-em-tempo-de-pandemia","status":"publish","type":"post","link":"https:\/\/portalcatolico.net\/portal\/o-perdao-de-assis-a-porta-aberta-a-graca-em-tempo-de-pandemia\/","title":{"rendered":"O Perd\u00e3o de Assis: a \u201cporta aberta\u201d \u00e0 gra\u00e7a em tempo de pandemia"},"content":{"rendered":"<div class=\"article__subTitle\">Na \u00faltima quarta-feira (29) teve in\u00edcio o Tr\u00edduo de prepara\u00e7\u00e3o ao Perd\u00e3o. As celebra\u00e7\u00f5es foram realizadas com as medidas anti-Covid. Entrevista com o frei Simone Ceccabao, respons\u00e1vel pelo Santu\u00e1rio da Porci\u00fancula: a miseric\u00f3rdia de Deus cuida da preciosa vida dos jovens.<\/div>\n<div>&nbsp;<\/div>\n<div class=\"title__separator\">Um perd\u00e3o que continua a &#8220;gerar Para\u00edso&#8221;: foi assim que o Papa Francisco, durante sua visita a Assis h\u00e1 quatro anos, falou da gra\u00e7a que o frade de Assis havia pedido \u201cpara todos, para um mundo que ainda hoje precisa de miseric\u00f3rdia, e para que possamos ser seus instrumentos&#8221; e &#8220;sinais de perd\u00e3o&#8221;. Na noite da \u00faltima quarta-feira&nbsp; (29\/07) teve in\u00edcio em Assis, o Tr\u00edduo de prepara\u00e7\u00e3o para o Perd\u00e3o com a celebra\u00e7\u00e3o presidida pelo Bispo de Tortona, Dom Vittorio Viola. A festa do Perd\u00e3o de Assis est\u00e1 intimamente ligada \u00e0 Porci\u00fancula, a pequena igrejinha reconstru\u00edda por S\u00e3o Francisco e que hoje est\u00e1 no interior da Bas\u00edlica de Santa Maria dos Anjos, em Assis, cidade italiana da regi\u00e3o da \u00dambria.<\/div>\n<div>\n<p><strong>O que \u00e9 Perd\u00e3o?<\/strong><\/p>\n<p>Para obter a Indulg\u00eancia Plen\u00e1ria para si mesmo ou para familiares que faleceram, atravessando o limiar da Porci\u00fancula, \u00e9 necess\u00e1rio fazer a confiss\u00e3o, participar da Missa e da Eucaristia, renovar a profiss\u00e3o de f\u00e9 recitando o Credo e Pai Nosso, e por fim a ora\u00e7\u00e3o segundo as inten\u00e7\u00f5es do Papa e pelo Pont\u00edfice.&nbsp; Foi exatamente na Porci\u00fancula, que S\u00e3o Francisco de Assis teve a inspira\u00e7\u00e3o divina de pedir indulg\u00eancia ao Papa Hon\u00f3rio III e em 2 de agosto de 1216, diante de uma grande multid\u00e3o, o frade, na presen\u00e7a dos bispos da \u00dambria, promulgou o Grande Perd\u00e3o, para cada ano.<\/p>\n<p><strong>Perd\u00e3o, fonte inesgot\u00e1vel<\/strong><\/p>\n<p>E ainda hoje a Porci\u00fancula \u00e9 uma &#8220;porta sempre aberta&#8221; para aqueles que querem se valer da gra\u00e7a de Deus atrav\u00e9s do Sacramento da Reconcilia\u00e7\u00e3o. Uma fonte que nunca deixa de gerar \u00e1gua limpa, apesar das restri\u00e7\u00f5es impostas pela pandemia. A entrevista com Frei Simone Ceccobao, o respons\u00e1vel pelo Santu\u00e1rio da Porci\u00fancula:<\/p>\n<p><b>Frei Simone Ceccobao:<\/b>&nbsp;O perd\u00e3o \u00e9 sempre o perd\u00e3o. No sentido de que em sua ess\u00eancia a pandemia teve pouco efeito, mas de fato, em sua estrutura, a Festa do Perd\u00e3o deste ano teve que passar por algumas altera\u00e7\u00f5es. A Bas\u00edlica teve que se adaptar corretamente a todas as regulamenta\u00e7\u00f5es sobre distanciamento social, sobre a higieniza\u00e7\u00e3o dos espa\u00e7os, n\u00e3o haver\u00e1 as grandes multid\u00f5es de outros anos. Uma mudan\u00e7a significativa foi o deslocamento das confiss\u00f5es da Bas\u00edlica para o convento da Porci\u00fancula. Poder\u00edamos dizer que a casa dos frades se torna a casa da miseric\u00f3rdia. O perd\u00e3o \u00e9 sempre o perd\u00e3o. Gosto de v\u00ea-lo assim este ano, porque \u00e9 verdade que h\u00e1 uma emerg\u00eancia ainda em andamento que nos fez sentir um pouco mais fr\u00e1geis, um pouco menores, um pouco mais indefesos, mas ao mesmo tempo essa emerg\u00eancia destacou de maneira muito forte a urg\u00eancia do perd\u00e3o que torna nossas vidas novas.<\/p>\n<p><i>Tamb\u00e9m faltar\u00e1 a Marcha Franciscana, que era um dos momentos mais importantes do Perd\u00e3o&#8230;<\/i><\/p>\n<p><b>Frei Ceccobao:<\/b>&nbsp;Faltar\u00e1 a marcha que era um dos momentos mais comoventes junto com a abertura da porta da Porci\u00fancula. Para os jovens haver\u00e1 uma catequese no dia primeiro de agosto e uma pequena representa\u00e7\u00e3o de jovens, de todas as regi\u00f5es da It\u00e1lia, se reunir\u00e3o aqui na Porci\u00fancula e, portanto, simbolicamente, esses milhares de jovens ainda estar\u00e3o aqui.<\/p>\n<p><i>Nesta \u00e9poca de pandemia, o que o perd\u00e3o pode representar para os jovens?<\/i><\/p>\n<p><b>Frei Ceccobao:<\/b>&nbsp;Acredito que nesta pandemia os jovens sejam os que se encontraram mais expostos, mais desprovidos de meios, quero dizer espirituais, os que se sentiram mais perdidos, e que tenham sentido mais solid\u00e3o. O an\u00fancio do perd\u00e3o \u00e9 um an\u00fancio forte e lembra-lhes que Deus est\u00e1 pr\u00f3ximo de seu medo, que Deus est\u00e1 pr\u00f3ximo de suas inseguran\u00e7as, que Deus vem para tomar conta de suas quedas, Deus \u00e9 o Pai de miseric\u00f3rdia, ou seja, Ele tem um cora\u00e7\u00e3o pr\u00f3ximo do que \u00e9 miser\u00e1vel e ferido. Gosto de citar a inscri\u00e7\u00e3o que se encontra na soleira da Porci\u00fancula, no ch\u00e3o,&nbsp;<i>hic locus sanctus est<\/i>, este lugar \u00e9 sagrado, e paradoxalmente o pisamos toda vez que entramos na Porci\u00fancula.<\/p>\n<div>\n<div class=\"article__embed article__embed--border embed_style\">\n<blockquote><p>\u201cEste lugar \u00e9 santo porque Deus se curva, se abaixa, porque Deus nos d\u00e1 uma m\u00e3o quando estamos no ch\u00e3o, quando somos os mais indefesos, quando sentimos que nossa vida est\u00e1 amea\u00e7ada e vale pouco&#8221;. Afirmo com todo o cora\u00e7\u00e3o que sinto que a vida destes jovens \u00e9 preciosa, que a sua vida \u00e9 a p\u00e9rola preciosa, que sua vida \u00e9 o tesouro precioso, e desta p\u00e9rola e deste tesouro a miseric\u00f3rdia de Deus tem extremo cuidado\u201d<\/p><\/blockquote>\n<\/div>\n<\/div>\n<\/div>\n<div class=\"article__text\">\n<p><b>Por Benedetta Capelli \u2013 Vatican News<\/b><\/p>\n<\/div>\n","protected":false},"excerpt":{"rendered":"<p>Na \u00faltima quarta-feira (29) teve in\u00edcio o Tr\u00edduo de prepara\u00e7\u00e3o ao Perd\u00e3o. As celebra\u00e7\u00f5es foram realizadas com as medidas anti-Covid. Entrevista com o frei Simone Ceccabao, respons\u00e1vel pelo Santu\u00e1rio da Porci\u00fancula: a miseric\u00f3rdia de Deus cuida da preciosa vida dos jovens. &nbsp; Um perd\u00e3o que continua a &#8220;gerar Para\u00edso&#8221;: foi assim que o Papa Francisco,&nbsp;<\/p>\n<p><a class=\"btn btn-style\" href=\"https:\/\/portalcatolico.net\/portal\/o-perdao-de-assis-a-porta-aberta-a-graca-em-tempo-de-pandemia\/\">Continue Reading<\/a><\/p>\n","protected":false},"author":2,"featured_media":69845,"comment_status":"open","ping_status":"open","sticky":false,"template":"","format":"standard","meta":{"footnotes":""},"categories":[5],"tags":[],"class_list":["post-69844","post","type-post","status-publish","format-standard","has-post-thumbnail","hentry","category-igreja_no_mundo"],"_links":{"self":[{"href":"https:\/\/portalcatolico.net\/portal\/wp-json\/wp\/v2\/posts\/69844","targetHints":{"allow":["GET"]}}],"collection":[{"href":"https:\/\/portalcatolico.net\/portal\/wp-json\/wp\/v2\/posts"}],"about":[{"href":"https:\/\/portalcatolico.net\/portal\/wp-json\/wp\/v2\/types\/post"}],"author":[{"embeddable":true,"href":"https:\/\/portalcatolico.net\/portal\/wp-json\/wp\/v2\/users\/2"}],"replies":[{"embeddable":true,"href":"https:\/\/portalcatolico.net\/portal\/wp-json\/wp\/v2\/comments?post=69844"}],"version-history":[{"count":1,"href":"https:\/\/portalcatolico.net\/portal\/wp-json\/wp\/v2\/posts\/69844\/revisions"}],"predecessor-version":[{"id":69846,"href":"https:\/\/portalcatolico.net\/portal\/wp-json\/wp\/v2\/posts\/69844\/revisions\/69846"}],"wp:featuredmedia":[{"embeddable":true,"href":"https:\/\/portalcatolico.net\/portal\/wp-json\/wp\/v2\/media\/69845"}],"wp:attachment":[{"href":"https:\/\/portalcatolico.net\/portal\/wp-json\/wp\/v2\/media?parent=69844"}],"wp:term":[{"taxonomy":"category","embeddable":true,"href":"https:\/\/portalcatolico.net\/portal\/wp-json\/wp\/v2\/categories?post=69844"},{"taxonomy":"post_tag","embeddable":true,"href":"https:\/\/portalcatolico.net\/portal\/wp-json\/wp\/v2\/tags?post=69844"}],"curies":[{"name":"wp","href":"https:\/\/api.w.org\/{rel}","templated":true}]}}