{"id":69778,"date":"2020-07-20T19:20:03","date_gmt":"2020-07-20T22:20:03","guid":{"rendered":"http:\/\/portalcatolico.net\/portal\/?p=69778"},"modified":"2020-07-20T19:20:03","modified_gmt":"2020-07-20T22:20:03","slug":"incendio-da-catedral-de-nantes-comunicado-dos-bispos-franceses","status":"publish","type":"post","link":"https:\/\/portalcatolico.net\/portal\/incendio-da-catedral-de-nantes-comunicado-dos-bispos-franceses\/","title":{"rendered":"Inc\u00eandio da Catedral de Nantes: comunicado dos bispos franceses"},"content":{"rendered":"<div class=\"article__subTitle\">\u201cN\u00e3o \u00e9 apenas um patrim\u00f4nio religioso que \u00e9 destru\u00eddo, mas tamb\u00e9m um s\u00edmbolo da f\u00e9 cat\u00f3lica que \u00e9 danificada, ferindo o cora\u00e7\u00e3o dos cat\u00f3licos que ali encontram abrigo espiritual, ponto de refer\u00eancia para sua f\u00e9&#8221;. Declara\u00e7\u00e3o dos Bispos da Fran\u00e7a depois do inc\u00eandio criminoso da Catedral de Nantes.<\/div>\n<div>&nbsp;<\/div>\n<div class=\"title__separator\">Segundo o canal de not\u00edcias franc\u00eas BFM, foi detido um homem que estaria envolvido no inc\u00eandio da Catedral de Nantes. Esta pessoa era um volunt\u00e1rio que teria recebido ordens para fechar a igreja na v\u00e9spera do inc\u00eandio. Est\u00e3o sendo feitas investiga\u00e7\u00f5es sobre o caso, mas o promotor Pierre Senn\u00e8s afirmou que &#8220;qualquer interpreta\u00e7\u00e3o que possa implicar o envolvimento desta pessoa no que aconteceu \u00e9 prematura e precipitada&#8221;.<\/div>\n<h2><strong>Ou\u00e7a e compartilhe!<\/strong><\/h2>\n<div>\n<audio class=\"wp-audio-shortcode\" id=\"audio-69778-1\" preload=\"none\" style=\"width: 100%;\" controls=\"controls\"><source type=\"audio\/mpeg\" src=\"http:\/\/portalcatolico.net\/portal\/wp-content\/uploads\/2020\/07\/135661506_F135661506.mp3?_=1\" \/><a href=\"http:\/\/portalcatolico.net\/portal\/wp-content\/uploads\/2020\/07\/135661506_F135661506.mp3\">http:\/\/portalcatolico.net\/portal\/wp-content\/uploads\/2020\/07\/135661506_F135661506.mp3<\/a><\/audio>\n<\/div>\n<div>\n<p><b>Continuam as investiga\u00e7\u00f5es<\/b><\/p>\n<p>Sennes anunciou que ser\u00e1 feita uma investiga\u00e7\u00e3o por inc\u00eandio criminoso, mas at\u00e9 o momento n\u00e3o foi encontrado &#8220;nenhum sinal de entrada for\u00e7ada&#8221;. O Primeiro Ministro Jean Castex e v\u00e1rios ministros foram imediatamente ao local, prometendo que o Estado far\u00e1 todos os esfor\u00e7os para a reconstru\u00e7\u00e3o e para esclarecer o caso. As chamas &#8211; circunscritas pelos bombeiros &#8211; se desenvolveram perto do \u00f3rg\u00e3o, que ficou destru\u00eddo, e em ambos os lados da nave.<\/p>\n<p><b>Fogo iniciou no \u00f3rg\u00e3o<\/b><\/p>\n<p>Segundo as primeiras reconstru\u00e7\u00f5es as chamas se desenvolveram por volta das 7h30 da manh\u00e3. Logo depois os habitantes da \u00e1rea deram o alarme: atrav\u00e9s da janela ros\u00e1cea g\u00f3tica, viram o impressionante fogo dentro da catedral. Cerca de 100 bombeiros vieram de toda a regi\u00e3o, os primeiros n\u00e3o hesitaram em arrombar a porta para intervir imediatamente. Todos os esfor\u00e7os foram concentrados no objeto de maior risco, o grande \u00f3rg\u00e3o que havia pegado fogo primeiro. Em seguida, cuidaram de proteger as obras de arte que enriquecem as paredes da catedral.<\/p>\n<p><b>Os bispos: ferido o cora\u00e7\u00e3o de todos os fi\u00e9is<\/b><\/p>\n<p>Em um comunicado, a Confer\u00eancia Episcopal Francesa deu voz aos sentimentos de todos os cat\u00f3licos do pa\u00eds, salientando que &#8220;ap\u00f3s o inc\u00eandio de Notre-Dame em Paris em abril de 2019 e o desta mesma catedral em Nantes em 1972, n\u00e3o \u00e9 apenas uma parte do patrim\u00f4nio religioso que \u00e9 destru\u00eddo, mas tamb\u00e9m um s\u00edmbolo da f\u00e9 cat\u00f3lica que \u00e9 danificada, ferindo o cora\u00e7\u00e3o de todos aqueles para quem estes edif\u00edcios s\u00e3o lugares de ora\u00e7\u00e3o, abrigos espirituais, pontos de refer\u00eancia para sua f\u00e9&#8221;.<\/p>\n<p><b>Os cat\u00f3licos da Fran\u00e7a em ora\u00e7\u00e3o<\/b><\/p>\n<p>Os bispos franceses convidam os cat\u00f3licos franceses a se unirem em ora\u00e7\u00e3o em apoio aos cat\u00f3licos de Nantes e comunicaram que, de Bruxelas, o Presidente da Rep\u00fablica, Emmanuel Macron, falou com o Presidente da Confer\u00eancia Episcopal da Fran\u00e7a, Dom Eric de Moulins-Beaufort, exprimindo &#8220;sua compaix\u00e3o&#8221;. &#8220;Macron quis expressar o v\u00ednculo que une a comunidade nacional com a comunidade cat\u00f3lica diante deste novo drama&#8221;.<\/p>\n<\/div>\n<div class=\"article__text\">\n<p><b>Por Alessandro Guarasci \/Vatican News<\/b><\/p>\n<\/div>\n","protected":false},"excerpt":{"rendered":"<p>\u201cN\u00e3o \u00e9 apenas um patrim\u00f4nio religioso que \u00e9 destru\u00eddo, mas tamb\u00e9m um s\u00edmbolo da f\u00e9 cat\u00f3lica que \u00e9 danificada, ferindo o cora\u00e7\u00e3o dos cat\u00f3licos que ali encontram abrigo espiritual, ponto de refer\u00eancia para sua f\u00e9&#8221;. Declara\u00e7\u00e3o dos Bispos da Fran\u00e7a depois do inc\u00eandio criminoso da Catedral de Nantes. &nbsp; Segundo o canal de not\u00edcias franc\u00eas&nbsp;<\/p>\n<p><a class=\"btn btn-style\" href=\"https:\/\/portalcatolico.net\/portal\/incendio-da-catedral-de-nantes-comunicado-dos-bispos-franceses\/\">Continue Reading<\/a><\/p>\n","protected":false},"author":2,"featured_media":69780,"comment_status":"open","ping_status":"open","sticky":false,"template":"","format":"standard","meta":{"footnotes":""},"categories":[5],"tags":[],"class_list":["post-69778","post","type-post","status-publish","format-standard","has-post-thumbnail","hentry","category-igreja_no_mundo"],"_links":{"self":[{"href":"https:\/\/portalcatolico.net\/portal\/wp-json\/wp\/v2\/posts\/69778","targetHints":{"allow":["GET"]}}],"collection":[{"href":"https:\/\/portalcatolico.net\/portal\/wp-json\/wp\/v2\/posts"}],"about":[{"href":"https:\/\/portalcatolico.net\/portal\/wp-json\/wp\/v2\/types\/post"}],"author":[{"embeddable":true,"href":"https:\/\/portalcatolico.net\/portal\/wp-json\/wp\/v2\/users\/2"}],"replies":[{"embeddable":true,"href":"https:\/\/portalcatolico.net\/portal\/wp-json\/wp\/v2\/comments?post=69778"}],"version-history":[{"count":1,"href":"https:\/\/portalcatolico.net\/portal\/wp-json\/wp\/v2\/posts\/69778\/revisions"}],"predecessor-version":[{"id":69781,"href":"https:\/\/portalcatolico.net\/portal\/wp-json\/wp\/v2\/posts\/69778\/revisions\/69781"}],"wp:featuredmedia":[{"embeddable":true,"href":"https:\/\/portalcatolico.net\/portal\/wp-json\/wp\/v2\/media\/69780"}],"wp:attachment":[{"href":"https:\/\/portalcatolico.net\/portal\/wp-json\/wp\/v2\/media?parent=69778"}],"wp:term":[{"taxonomy":"category","embeddable":true,"href":"https:\/\/portalcatolico.net\/portal\/wp-json\/wp\/v2\/categories?post=69778"},{"taxonomy":"post_tag","embeddable":true,"href":"https:\/\/portalcatolico.net\/portal\/wp-json\/wp\/v2\/tags?post=69778"}],"curies":[{"name":"wp","href":"https:\/\/api.w.org\/{rel}","templated":true}]}}