{"id":69775,"date":"2020-07-20T19:12:21","date_gmt":"2020-07-20T22:12:21","guid":{"rendered":"http:\/\/portalcatolico.net\/portal\/?p=69775"},"modified":"2020-07-20T19:12:21","modified_gmt":"2020-07-20T22:12:21","slug":"bispo-de-propria-testa-positivo-para-covid-19","status":"publish","type":"post","link":"https:\/\/portalcatolico.net\/portal\/bispo-de-propria-testa-positivo-para-covid-19\/","title":{"rendered":"Bispo de Propri\u00e1 testa positivo para Covid-19"},"content":{"rendered":"<p>A Diocese de Propria\u0301 (SE) comunicou que no s\u00e1bado, 18 de julho, seu Bispo Diocesano, Dom Vi\u0301tor Agnaldo de Menezes, foi diagnosticado com Covid-19.<\/p>\n<p>\u201cCom a gra\u00e7as de Deus, ele encontra-se bem, num quadro absolutamente est\u00e1vel, seguindo as recomenda\u00e7\u00f5es m\u00e9dicas comuns. Direto da Resid\u00eancia Episcopal, em suas ora\u00e7\u00f5es, une-se aos seus filhos diocesanos que tamb\u00e9m encontram-se em quarentena\u201d, afirma a Diocese.\u2800<\/p>\n<p>\u201cRoguemos a Nossa Senhora de Fa\u0301tima, \u2018Sau\u0301de dos Enfermos\u2019, pela sua recupera\u00e7\u00e3o e, prontamente, retorne ao seu pastoreio\u201d, completa nota publicada no domingo, 19 de julho.<\/p>\n<p>Al\u00e9m de Dom Vi\u0301tor Agnaldo outros prelados brasileiros testaram positivo para Covid-19, como: o Bispo de Picos (PI), Dom Pl\u00ednio Jos\u00e9 Luz da Silva, que realizou tratamento em um hospital de Teresina; o Bispo de Colatina (ES), Dom Joaquim Wladimir Lopes Dias, o qual n\u00e3o apresenta sintomas e segue em isolamento na resid\u00eancia episcopal; o Bispo de Crate\u00fas (CE), Dom Ailton Menegussi, &nbsp;que tamb\u00e9m segue em tratamento domiciliar.<\/p>\n<p>Al\u00e9m disso, o Bispo de Palmares, Dom Henrique Soares da Costa, faleceu no \u00faltimo dia 18 de julho, ap\u00f3s cerca de duas semanas internada com Covid-19. Ele foi entubado no dia 16 de julho, festa de&nbsp;Nossa Senhora do Carmo&nbsp;e morreu no dia mariano, s\u00e1bado. O Prelado foi sepultado na Catedral de Palmares, no domingo, 19 de julho.<\/p>\n<p>Tamb\u00e9m o Arcebispo em\u00e9rito da Para\u00edba, Dom Aldo di Cillo Paggoto, faleceu em 14 de abril apresentando sintomas de Covid-19. O Prelado, que estava em Fortaleza (CE), lutava contra um c\u00e2ncer desde 2017 e teve insufici\u00eancia respirat\u00f3ria.(ACI)<\/p>\n<p>Dom Vi\u0301tor Agnaldo de Menezes \/ Foto: Diocese de Propria\u0301<\/p>\n","protected":false},"excerpt":{"rendered":"<p>A Diocese de Propria\u0301 (SE) comunicou que no s\u00e1bado, 18 de julho, seu Bispo Diocesano, Dom Vi\u0301tor Agnaldo de Menezes, foi diagnosticado com Covid-19. \u201cCom a gra\u00e7as de Deus, ele encontra-se bem, num quadro absolutamente est\u00e1vel, seguindo as recomenda\u00e7\u00f5es m\u00e9dicas comuns. Direto da Resid\u00eancia Episcopal, em suas ora\u00e7\u00f5es, une-se aos seus filhos diocesanos que tamb\u00e9m&nbsp;<\/p>\n<p><a class=\"btn btn-style\" href=\"https:\/\/portalcatolico.net\/portal\/bispo-de-propria-testa-positivo-para-covid-19\/\">Continue Reading<\/a><\/p>\n","protected":false},"author":2,"featured_media":69776,"comment_status":"open","ping_status":"open","sticky":false,"template":"","format":"standard","meta":{"footnotes":""},"categories":[4],"tags":[],"class_list":["post-69775","post","type-post","status-publish","format-standard","has-post-thumbnail","hentry","category-destaques"],"_links":{"self":[{"href":"https:\/\/portalcatolico.net\/portal\/wp-json\/wp\/v2\/posts\/69775","targetHints":{"allow":["GET"]}}],"collection":[{"href":"https:\/\/portalcatolico.net\/portal\/wp-json\/wp\/v2\/posts"}],"about":[{"href":"https:\/\/portalcatolico.net\/portal\/wp-json\/wp\/v2\/types\/post"}],"author":[{"embeddable":true,"href":"https:\/\/portalcatolico.net\/portal\/wp-json\/wp\/v2\/users\/2"}],"replies":[{"embeddable":true,"href":"https:\/\/portalcatolico.net\/portal\/wp-json\/wp\/v2\/comments?post=69775"}],"version-history":[{"count":1,"href":"https:\/\/portalcatolico.net\/portal\/wp-json\/wp\/v2\/posts\/69775\/revisions"}],"predecessor-version":[{"id":69777,"href":"https:\/\/portalcatolico.net\/portal\/wp-json\/wp\/v2\/posts\/69775\/revisions\/69777"}],"wp:featuredmedia":[{"embeddable":true,"href":"https:\/\/portalcatolico.net\/portal\/wp-json\/wp\/v2\/media\/69776"}],"wp:attachment":[{"href":"https:\/\/portalcatolico.net\/portal\/wp-json\/wp\/v2\/media?parent=69775"}],"wp:term":[{"taxonomy":"category","embeddable":true,"href":"https:\/\/portalcatolico.net\/portal\/wp-json\/wp\/v2\/categories?post=69775"},{"taxonomy":"post_tag","embeddable":true,"href":"https:\/\/portalcatolico.net\/portal\/wp-json\/wp\/v2\/tags?post=69775"}],"curies":[{"name":"wp","href":"https:\/\/api.w.org\/{rel}","templated":true}]}}