{"id":69772,"date":"2020-07-20T19:09:38","date_gmt":"2020-07-20T22:09:38","guid":{"rendered":"http:\/\/portalcatolico.net\/portal\/?p=69772"},"modified":"2020-07-20T19:09:38","modified_gmt":"2020-07-20T22:09:38","slug":"covid-19-a-igreja-como-um-todo-se-entristece-com-cada-morte-de-bispos-padres-diaconos-e-de-cada-batizado-afirma-dom-joel","status":"publish","type":"post","link":"https:\/\/portalcatolico.net\/portal\/covid-19-a-igreja-como-um-todo-se-entristece-com-cada-morte-de-bispos-padres-diaconos-e-de-cada-batizado-afirma-dom-joel\/","title":{"rendered":"Covid-19: \u201ca Igreja, como um todo, se entristece com cada morte: de bispos, padres, di\u00e1conos e de cada batizado\u201d, afirma dom Joel"},"content":{"rendered":"<p>O Brasil continua como o segundo pa\u00eds do mundo com maior n\u00famero de casos e mortes na pandemia do novo coronav\u00edrus, chegando a marca de 2.098.389 infectados, segundo dados do mais recente boletim do Conselho Nacional de Secret\u00e1rios de Sa\u00fade (Conass). &nbsp;No total, 79.488 pessoas morreram pela doen\u00e7a.<\/p>\n<p>No episcopado brasileiro, a Covid-19 tamb\u00e9m tem feito suas primeiras v\u00edtimas. Desde o in\u00edcio da pandemia no pa\u00eds, dois bispos j\u00e1 tiveram o \u00f3bito confirmado pela doen\u00e7a. O caso mais recente foi o de dom Henrique Soares da Costa, bispo de Palmares (PE), que faleceu na noite do \u00faltimo s\u00e1bado, 18 de junho, aos 57 anos de idade (<a href=\"https:\/\/www.cnbb.org.br\/falece-o-bispo-da-diocese-de-palmares-pe-dom-henrique-soares-da-costa\/\">relembre o caso<\/a>). Al\u00e9m dele, dom Aldo Pagotto, arcebispo em\u00e9rito da Para\u00edba, teve o \u00f3bito confirmado pela doen\u00e7a. O bispo faleceu em abril, aos 70 anos de idade (<a href=\"https:\/\/www.cnbb.org.br\/dom-aldo-di-cillo-pagotto-arcebispo-emerito-da-paraiba-faleceu-nesta-terca\/\">relembre o caso<\/a>).<\/p>\n<p>Dom Joel Portella, secret\u00e1rio-geral da Confer\u00eancia Nacional dos Bispos do Brasil (CNBB), disse que a Igreja, como um todo, se entristece com cada morte: de bispos, padres, di\u00e1conos e de cada batizado e batizada. \u201cA morte \u00e9 sempre cruel, ainda mais quando chega do modo devastador como est\u00e1 acontecendo na pandemia\u201d, disse.<\/p>\n<p>Para ele, junto com a tristeza, v\u00eam, por certo, a esperan\u00e7a e o compromisso. \u201cA esperan\u00e7a \u00e9 a da feliz ressurrei\u00e7\u00e3o para dom Henrique Soares e todos que a morte ceifou de junto de n\u00f3s. Como crist\u00e3os, somos anunciadores da Ressurrei\u00e7\u00e3o e \u00e9 nessa hora que nossa f\u00e9 \u00e9 ainda mais testada\u201d, apontou.<\/p>\n<p>O compromisso, segundo dom Joel, \u00e9 o de trabalhar para que o enfrentamento da pandemia seja feito com tranquilidade, uni\u00e3o de for\u00e7as, apoio m\u00fatuo, solidariedade, resili\u00eancia e tudo mais de que necessitamos nesse momento. \u201cN\u00f3s devemos isso a todas as v\u00edtimas da Covid-19, ao nosso pa\u00eds e \u00e0s gera\u00e7\u00f5es futuras. Deus, que acolheu os mortos pela pandemia, nos fortalece no cuidado de n\u00f3s mesmos e uns dos outros\u201d, reiterou.<\/p>\n<p><strong>F\u00e9 e confian\u00e7a \u2013<\/strong>&nbsp;Apesar do n\u00famero de \u00f3bitos, o Brasil registrou nesta segunda-feira, 20 de julho, o total de 1.371.229 pessoas curadas do coronav\u00edrus. Dessa estat\u00edstica fazem parte quatro membros do episcopado.<\/p>\n<p>Sabe-se que at\u00e9 o presente momento os bispos que est\u00e3o curados da doen\u00e7a s\u00e3o: dom Juarez Souza da Silva, bispo de Parna\u00edba (PI); dom Alberto Taveira Corr\u00eaa, arcebispo de Bel\u00e9m (PA), dom Ant\u00f4nio de Assis Ribeiro, bispo auxiliar de Bel\u00e9m (PA), e dom Edson Tasquetto Damian, bispo de S\u00e3o Gabriel da Cachoeira (AM).<\/p>\n<p>Outros quatro est\u00e3o de repouso e em recupera\u00e7\u00e3o, s\u00e3o eles: dom Ailton Menegussi, bispo de Crate\u00fas (CE); dom Pl\u00ednio Jos\u00e9 da Luz, bispo de Picos (PI); dom V\u00edtor Agnaldo de Menezes, bispo de Propria (SE) e dom Joaquim Wladimir Lopes Dias, bispo de Colatina (ES).<\/p>\n<h3><strong>Sacerdotes<\/strong><\/h3>\n<p>Cresce tamb\u00e9m o n\u00famero de padres do Brasil acometidos pela Covid-19. O \u00faltimo levantamento realizado pela Comiss\u00e3o Nacional de Presb\u00edteros (CNP), divulgado no dia 29 de maio no portal da CNBB, trouxe a confirma\u00e7\u00e3o de 117 infectados e 14 mortes (<a href=\"https:\/\/www.cnbb.org.br\/comissao-nacional-de-presbiteros-registra-mais-de-100-casos-confirmados-de-padres-com-covid-19-no-brasil\/\">confira a mat\u00e9ria<\/a>). Um novo est\u00e1 sendo produzido pela Comiss\u00e3o e dever\u00e1 ser divulgado em breve.<\/p>\n<p><a href=\"https:\/\/www.cnbb.org.br\/wp-content\/uploads\/sites\/32\/2020\/05\/ESTATISTICAS-DOS-PRESB%C3%8DTEROS-DO-BRASIL-ACOMETIDOS-PELO-COVID-19-1.pdf\">Confira o documento na \u00edntegra<\/a>.<\/p>\n<p>Foto de capa: &nbsp;Fernando Zhiminaicela\/Pixabay<\/p>\n<p>Fonte:CNBB<\/p>\n<p>&nbsp;<\/p>\n","protected":false},"excerpt":{"rendered":"<p>O Brasil continua como o segundo pa\u00eds do mundo com maior n\u00famero de casos e mortes na pandemia do novo coronav\u00edrus, chegando a marca de 2.098.389 infectados, segundo dados do mais recente boletim do Conselho Nacional de Secret\u00e1rios de Sa\u00fade (Conass). &nbsp;No total, 79.488 pessoas morreram pela doen\u00e7a. No episcopado brasileiro, a Covid-19 tamb\u00e9m tem&nbsp;<\/p>\n<p><a class=\"btn btn-style\" href=\"https:\/\/portalcatolico.net\/portal\/covid-19-a-igreja-como-um-todo-se-entristece-com-cada-morte-de-bispos-padres-diaconos-e-de-cada-batizado-afirma-dom-joel\/\">Continue Reading<\/a><\/p>\n","protected":false},"author":2,"featured_media":69773,"comment_status":"open","ping_status":"open","sticky":false,"template":"","format":"standard","meta":{"footnotes":""},"categories":[3],"tags":[],"class_list":["post-69772","post","type-post","status-publish","format-standard","has-post-thumbnail","hentry","category-noticias_regionais"],"_links":{"self":[{"href":"https:\/\/portalcatolico.net\/portal\/wp-json\/wp\/v2\/posts\/69772","targetHints":{"allow":["GET"]}}],"collection":[{"href":"https:\/\/portalcatolico.net\/portal\/wp-json\/wp\/v2\/posts"}],"about":[{"href":"https:\/\/portalcatolico.net\/portal\/wp-json\/wp\/v2\/types\/post"}],"author":[{"embeddable":true,"href":"https:\/\/portalcatolico.net\/portal\/wp-json\/wp\/v2\/users\/2"}],"replies":[{"embeddable":true,"href":"https:\/\/portalcatolico.net\/portal\/wp-json\/wp\/v2\/comments?post=69772"}],"version-history":[{"count":1,"href":"https:\/\/portalcatolico.net\/portal\/wp-json\/wp\/v2\/posts\/69772\/revisions"}],"predecessor-version":[{"id":69774,"href":"https:\/\/portalcatolico.net\/portal\/wp-json\/wp\/v2\/posts\/69772\/revisions\/69774"}],"wp:featuredmedia":[{"embeddable":true,"href":"https:\/\/portalcatolico.net\/portal\/wp-json\/wp\/v2\/media\/69773"}],"wp:attachment":[{"href":"https:\/\/portalcatolico.net\/portal\/wp-json\/wp\/v2\/media?parent=69772"}],"wp:term":[{"taxonomy":"category","embeddable":true,"href":"https:\/\/portalcatolico.net\/portal\/wp-json\/wp\/v2\/categories?post=69772"},{"taxonomy":"post_tag","embeddable":true,"href":"https:\/\/portalcatolico.net\/portal\/wp-json\/wp\/v2\/tags?post=69772"}],"curies":[{"name":"wp","href":"https:\/\/api.w.org\/{rel}","templated":true}]}}