{"id":69769,"date":"2020-07-19T19:02:55","date_gmt":"2020-07-19T22:02:55","guid":{"rendered":"http:\/\/portalcatolico.net\/portal\/?p=69769"},"modified":"2020-07-19T19:02:55","modified_gmt":"2020-07-19T22:02:55","slug":"participe-do-triduo-em-louvor-a-santa-maria-madalena","status":"publish","type":"post","link":"https:\/\/portalcatolico.net\/portal\/participe-do-triduo-em-louvor-a-santa-maria-madalena\/","title":{"rendered":"Participe do Tr\u00edduo em louvor a Santa Maria Madalena"},"content":{"rendered":"<div dir=\"auto\">O Tr\u00edduo em louvor a Santa Maria Madalena acontecer\u00e1 de 19 a 22 de julho, \u00e0s 16h30, com o tema: &#8220;O que queres de mim? Vem e segue-me!&#8221;<\/div>\n<div dir=\"auto\">A presen\u00e7a dos fieis ser\u00e1 seguindo os protocolos exigidos pela Prefeitura de Itabuna. Para evitar aglomera\u00e7\u00e3o na igreja, voc\u00ea pode acompanhar a transmiss\u00e3o da missa pelas redes sociais da par\u00f3quia.<\/div>\n<div dir=\"auto\">A Par\u00f3quia de Santa Maria Madalena fica no&nbsp;Bairro Nova Itabuna, em Itabuna (BA), e pertence \u00e0&nbsp;Diocese de Itabuna, no Sul da Bahia.Tem como p\u00e1roco, o padre Tony Val\u00e9rio.<\/div>\n<div dir=\"auto\">Vale ressaltar que, no dia 22, ap\u00f3s a missa, haver\u00e1 carreata.&nbsp;<\/div>\n","protected":false},"excerpt":{"rendered":"<p>O Tr\u00edduo em louvor a Santa Maria Madalena acontecer\u00e1 de 19 a 22 de julho, \u00e0s 16h30, com o tema: &#8220;O que queres de mim? Vem e segue-me!&#8221; A presen\u00e7a dos fieis ser\u00e1 seguindo os protocolos exigidos pela Prefeitura de Itabuna. Para evitar aglomera\u00e7\u00e3o na igreja, voc\u00ea pode acompanhar a transmiss\u00e3o da missa pelas redes&nbsp;<\/p>\n<p><a class=\"btn btn-style\" href=\"https:\/\/portalcatolico.net\/portal\/participe-do-triduo-em-louvor-a-santa-maria-madalena\/\">Continue Reading<\/a><\/p>\n","protected":false},"author":2,"featured_media":69770,"comment_status":"open","ping_status":"open","sticky":false,"template":"","format":"standard","meta":{"footnotes":""},"categories":[4],"tags":[],"class_list":["post-69769","post","type-post","status-publish","format-standard","has-post-thumbnail","hentry","category-destaques"],"_links":{"self":[{"href":"https:\/\/portalcatolico.net\/portal\/wp-json\/wp\/v2\/posts\/69769","targetHints":{"allow":["GET"]}}],"collection":[{"href":"https:\/\/portalcatolico.net\/portal\/wp-json\/wp\/v2\/posts"}],"about":[{"href":"https:\/\/portalcatolico.net\/portal\/wp-json\/wp\/v2\/types\/post"}],"author":[{"embeddable":true,"href":"https:\/\/portalcatolico.net\/portal\/wp-json\/wp\/v2\/users\/2"}],"replies":[{"embeddable":true,"href":"https:\/\/portalcatolico.net\/portal\/wp-json\/wp\/v2\/comments?post=69769"}],"version-history":[{"count":1,"href":"https:\/\/portalcatolico.net\/portal\/wp-json\/wp\/v2\/posts\/69769\/revisions"}],"predecessor-version":[{"id":69771,"href":"https:\/\/portalcatolico.net\/portal\/wp-json\/wp\/v2\/posts\/69769\/revisions\/69771"}],"wp:featuredmedia":[{"embeddable":true,"href":"https:\/\/portalcatolico.net\/portal\/wp-json\/wp\/v2\/media\/69770"}],"wp:attachment":[{"href":"https:\/\/portalcatolico.net\/portal\/wp-json\/wp\/v2\/media?parent=69769"}],"wp:term":[{"taxonomy":"category","embeddable":true,"href":"https:\/\/portalcatolico.net\/portal\/wp-json\/wp\/v2\/categories?post=69769"},{"taxonomy":"post_tag","embeddable":true,"href":"https:\/\/portalcatolico.net\/portal\/wp-json\/wp\/v2\/tags?post=69769"}],"curies":[{"name":"wp","href":"https:\/\/api.w.org\/{rel}","templated":true}]}}