{"id":69718,"date":"2020-07-12T16:41:48","date_gmt":"2020-07-12T19:41:48","guid":{"rendered":"http:\/\/portalcatolico.net\/portal\/?p=69718"},"modified":"2020-07-12T18:40:39","modified_gmt":"2020-07-12T21:40:39","slug":"o-processo-de-evangelizacao-de-nossas-paroquias-e-diocese-depende-em-grande-parte-da-contribuicao-do-dizimo-dos-fieis","status":"publish","type":"post","link":"https:\/\/portalcatolico.net\/portal\/o-processo-de-evangelizacao-de-nossas-paroquias-e-diocese-depende-em-grande-parte-da-contribuicao-do-dizimo-dos-fieis\/","title":{"rendered":"O processo de evangeliza\u00e7\u00e3o de nossas Par\u00f3quias e Diocese depende, em grande parte, da contribui\u00e7\u00e3o do d\u00edzimo dos fi\u00e9is"},"content":{"rendered":"<p>No m\u00eas de julho nossa Igreja se dedica \u00e0 evangeliza\u00e7\u00e3o e conscientiza\u00e7\u00e3o da partilha por meio da contribui\u00e7\u00e3o do d\u00edzimo.<br \/>\nO processo de evangeliza\u00e7\u00e3o de nossas Par\u00f3quias e Diocese depende, em grande parte, da contribui\u00e7\u00e3o do d\u00edzimo dos fi\u00e9is. A organiza\u00e7\u00e3o diocesana prev\u00ea que todo o montante seja destinado para a obra da evangeliza\u00e7\u00e3o. Na nossa Diocese 40% fica para a comunidade, 50% para a par\u00f3quia e 10% para a Diocese. O fiel cat\u00f3lico sabe que al\u00e9m do d\u00edzimo, temos, tamb\u00e9m, festas, promo\u00e7\u00f5es, ofertas nas celebra\u00e7\u00f5es e doa\u00e7\u00f5es. Muito j\u00e1 se trabalhou sobre esta realidade em nossa Diocese. H\u00e1 um belo trabalho. Todas as par\u00f3quias j\u00e1 t\u00eam d\u00edzimo implantado, que deixou de ser uma taxa. A conscientiza\u00e7\u00e3o para o d\u00edzimo deve ser cont\u00ednua e, cada vez, mais aprofundada.<\/p>\n<p>\u201cO d\u00edzimo \u00e9 uma contribui\u00e7\u00e3o sistem\u00e1tica e peri\u00f3dica dos fi\u00e9is, por meio da qual cada comunidade assume, corresponsavelmente, sua sustenta\u00e7\u00e3o e a da Igreja. Ele pressup\u00f5e pessoas evangelizadas e comprometidas com a evangeliza\u00e7\u00e3o.\u201d (CNBB, Doc. 106, n.6). Como sabemos, nunca o d\u00edzimo \u00e9 uma taxa. Mas, em algum lugar, se n\u00e3o estabeleces o m\u00ednimo, a contribui\u00e7\u00e3o \u00e9 muito pequena. Isto revela, sem d\u00favidas, a falta de consci\u00eancia da necessidade da Par\u00f3quia, a falta de f\u00e9 da pessoa ou a pouca transpar\u00eancia na gest\u00e3o administrativa.<\/p>\n<p><strong>O primeiro e insubstitu\u00edvel olhar do dizimista \u00e9 para Deus, sua bondade e tudo o que ele significa em sua vida e de sua fam\u00edlia. \u201cQue poderei retribuir ao Senhor por todo o bem que ele me fez?<\/strong> (Sl 115,1). O d\u00edzimo \u00e9 um ato de gratid\u00e3o a Deus, um muito obrigado. Mas, por que tem que ser para minha par\u00f3quia? Porque a ela eu perten\u00e7o, nela eu vivo minha f\u00e9, sinto-me vinculado a ela. Nunca deve ser por causa de um sal\u00e3o ou para ter algum direito depois. Tamb\u00e9m est\u00e1 errada a ideia que o d\u00edzimo deve ser contribu\u00eddo somente nos momentos em que a fam\u00edlia tem alguma necessidade especial, como a catequese dos filhos ou o casamento, por exemplo. N\u00e3o, o d\u00edzimo tem um valor em si mesmo. \u00c9 um gesto gratuito. E deve seguir o que a consci\u00eancia da pessoa diz. Sem d\u00favidas, a palavra mais apropriada para falar do d\u00edzimo \u00e9 contribui\u00e7\u00e3o.<\/p>\n<p><strong>A primeira dimens\u00e3o do d\u00edzimo \u00e9 religiosa<\/strong>. Tem a ver com Deus. Diante de tudo o que tenho e trabalhei para ter, Deus \u00e9 sempre a fonte \u00faltima. Qualquer outro fundamento primeiro n\u00e3o est\u00e1 certo. Ele \u00e9 o Senhor de tudo. Ao contribuir com o d\u00edzimo, o fiel deve dizer no seu interior: \u201cobrigado, Senhor\u201d.<\/p>\n<p><strong>Em segundo lugar, tem a ver com a comunidade eclesial.<\/strong> Eu estou e sou Igreja de Jesus Cristo. Isto significa que quando comentamos algo da Igreja, falamos de n\u00f3s mesmos. A forma\u00e7\u00e3o dos membros da comunidade, com cursos e atualiza\u00e7\u00f5es, juntamente com todo o tipo de catequese \u00e9 essencial hoje. Sem esta forma\u00e7\u00e3o, n\u00e3o \u00e9 poss\u00edvel ser crist\u00e3o hoje. Em terceiro lugar, o d\u00edzimo deve ser mission\u00e1rio. Isto em duas dimens\u00f5es. Primeiro em ir, sair, levar a Palavra. Isto sabemos que custa. E \u00e9 um recurso bem aplicado. Em segundo lugar, em ser mission\u00e1rio com as par\u00f3quias que tem menos condi\u00e7\u00f5es. N\u00e3o \u00e9 bom que haja tanta disparidade de recursos de uma com a outra.<\/p>\n<p><strong>Em terceiro lugar, a dimens\u00e3o caritativa,<\/strong> que se manifesta no cuidado com os pobres, por parte da comunidade. Os primeiros crist\u00e3os diziam que \u201centre eles ningu\u00e9m passava necessidade\u201d (At 4,34). Este cuidado pastoral com os necessitados \u00e9 profundamente evang\u00e9lico e nunca deve ser esquecido. Deve-se prever, no or\u00e7amento anual, este gasto paroquial. Enfim, os recursos advindos da contribui\u00e7\u00e3o com o d\u00edzimo servem tamb\u00e9m para a manuten\u00e7\u00e3o e conserva\u00e7\u00e3o dos bens e propriedades das comunidades: Padres, funcion\u00e1rios, cursos de forma\u00e7\u00e3o, semin\u00e1rio, templos, sal\u00f5es, casa paroquial, secret\u00e1ria paroquial e diocesana, carro da par\u00f3quia, e tantos outros itens. Vamos evangelizar e descobrir a import\u00e2ncia do d\u00edzimo e ser um dizimista consciente.<\/p>\n<p>Pastoral do D\u00edzimo e da Catequese<\/p>\n<p>Enviado Por:Dom&nbsp; Jos\u00e9 Edson Santana de Oliveira\/Diocese de Eun\u00e1polis(BA)<\/p>\n","protected":false},"excerpt":{"rendered":"<p>No m\u00eas de julho nossa Igreja se dedica \u00e0 evangeliza\u00e7\u00e3o e conscientiza\u00e7\u00e3o da partilha por meio da contribui\u00e7\u00e3o do d\u00edzimo. O processo de evangeliza\u00e7\u00e3o de nossas Par\u00f3quias e Diocese depende, em grande parte, da contribui\u00e7\u00e3o do d\u00edzimo dos fi\u00e9is. A organiza\u00e7\u00e3o diocesana prev\u00ea que todo o montante seja destinado para a obra da evangeliza\u00e7\u00e3o. Na&nbsp;<\/p>\n<p><a class=\"btn btn-style\" href=\"https:\/\/portalcatolico.net\/portal\/o-processo-de-evangelizacao-de-nossas-paroquias-e-diocese-depende-em-grande-parte-da-contribuicao-do-dizimo-dos-fieis\/\">Continue Reading<\/a><\/p>\n","protected":false},"author":2,"featured_media":69719,"comment_status":"open","ping_status":"open","sticky":false,"template":"","format":"standard","meta":{"footnotes":""},"categories":[69],"tags":[],"class_list":["post-69718","post","type-post","status-publish","format-standard","has-post-thumbnail","hentry","category-artigos"],"_links":{"self":[{"href":"https:\/\/portalcatolico.net\/portal\/wp-json\/wp\/v2\/posts\/69718","targetHints":{"allow":["GET"]}}],"collection":[{"href":"https:\/\/portalcatolico.net\/portal\/wp-json\/wp\/v2\/posts"}],"about":[{"href":"https:\/\/portalcatolico.net\/portal\/wp-json\/wp\/v2\/types\/post"}],"author":[{"embeddable":true,"href":"https:\/\/portalcatolico.net\/portal\/wp-json\/wp\/v2\/users\/2"}],"replies":[{"embeddable":true,"href":"https:\/\/portalcatolico.net\/portal\/wp-json\/wp\/v2\/comments?post=69718"}],"version-history":[{"count":4,"href":"https:\/\/portalcatolico.net\/portal\/wp-json\/wp\/v2\/posts\/69718\/revisions"}],"predecessor-version":[{"id":69723,"href":"https:\/\/portalcatolico.net\/portal\/wp-json\/wp\/v2\/posts\/69718\/revisions\/69723"}],"wp:featuredmedia":[{"embeddable":true,"href":"https:\/\/portalcatolico.net\/portal\/wp-json\/wp\/v2\/media\/69719"}],"wp:attachment":[{"href":"https:\/\/portalcatolico.net\/portal\/wp-json\/wp\/v2\/media?parent=69718"}],"wp:term":[{"taxonomy":"category","embeddable":true,"href":"https:\/\/portalcatolico.net\/portal\/wp-json\/wp\/v2\/categories?post=69718"},{"taxonomy":"post_tag","embeddable":true,"href":"https:\/\/portalcatolico.net\/portal\/wp-json\/wp\/v2\/tags?post=69718"}],"curies":[{"name":"wp","href":"https:\/\/api.w.org\/{rel}","templated":true}]}}