{"id":69606,"date":"2020-06-23T23:41:35","date_gmt":"2020-06-24T02:41:35","guid":{"rendered":"http:\/\/portalcatolico.net\/portal\/?p=69606"},"modified":"2020-06-27T17:42:06","modified_gmt":"2020-06-27T20:42:06","slug":"24-de-junho-dia-de-sao-joao-batista","status":"publish","type":"post","link":"https:\/\/portalcatolico.net\/portal\/24-de-junho-dia-de-sao-joao-batista\/","title":{"rendered":"24 de junho: dia de S\u00e3o Jo\u00e3o Batista"},"content":{"rendered":"<p>No dia 24 de junho festeja-se o nascimento de S\u00e3o Jo\u00e3o Batista, o precursor de Jesus Cristo. Muitas festas populares existem inspiradas nesta data, as mais famosas s\u00e3o as de S\u00e3o Jo\u00e3o. Criadas pelos camponeses europeus para celebrar o in\u00edcio do ver\u00e3o, o evento chegou ao Brasil durante a coloniza\u00e7\u00e3o com a chegada dos portugueses. &#8220;\u00c9 uma festa de mudan\u00e7a de esta\u00e7\u00e3o e, portanto, in\u00edcio de um per\u00edodo de mais sol, a festa do sol vencedor&#8221;, explica o presidente da Comiss\u00e3o para a Liturgia, dom Armando Bucciol.<\/p>\n<p>Fogueiras, bandeirinhas, m\u00fasica, quadrilha s\u00e3o caracter\u00edsticas t\u00edpicas das festas juninas, como s\u00e3o conhecidas. Do ponto de vista lit\u00fargico, a festa de S\u00e3o Jo\u00e3o possui uma grande riqueza teol\u00f3gica. A figura de Jo\u00e3o Batista, profeta que se encontra na B\u00edblia entre o primeiro e o segundo testamento \u00e9 marcante na hist\u00f3ria religiosa do povo de Israel.<\/p>\n<p>Filho de Zacarias e de Isabel (prima de Maria, a M\u00e3e de Jesus), Jo\u00e3o pregava um batismo de penit\u00eancia e batizou muitos judeus, inclusive Jesus, no Rio Jord\u00e3o. Da\u00ed a origem de ser chamado Batista, porque batizava com \u00e1gua. A mando do Rei Herodes, Jo\u00e3o foi aprisionado e levado para a fortaleza de Macaeros, onde foi mantido por dez meses. O motivo deste aprisionamento apontava para a lideran\u00e7a de uma revolu\u00e7\u00e3o. Herod\u00edades, por interm\u00e9dio da filha Salom\u00e9, conseguiu que Herodes matasse Jo\u00e3o Batista e entregasse a sua cabe\u00e7a numa bandeja.<\/p>\n<p>Jo\u00e3o Batista, nome que significa &#8220;Deus \u00e9 prop\u00edcio&#8221;, \u00e9 o precursor de Jesus, aquele que preparou os caminhos do Senhor. No tempo lit\u00fargico, Jo\u00e3o Batista nasceu cerca de seis meses antes de Jesus; portanto a Festa de S\u00e3o Jo\u00e3o foi fixada no dia 24 de junho, seis meses antes da v\u00e9spera do Natal. \u00c9 o \u00fanico santo cujo nascimento e mart\u00edrio, este \u00faltimo no dia 29 de agosto, s\u00e3o evocados em duas solenidades pelos crist\u00e3os.<\/p>\n<p>Desse modo, a noite de 23 de junho, v\u00e9spera do Dia de S\u00e3o Jo\u00e3o, marca o in\u00edcio da celebra\u00e7\u00e3o da festa de S\u00e3o Jo\u00e3o Batista. Al\u00e9m da comemora\u00e7\u00e3o religiosa, os costumes regionais se mostram presentes. No Brasil, os famosos arraiais com m\u00fasica e comidas tradicionais acontecem em v\u00e1rios cantos do pa\u00eds.<\/p>\n<p>Foto:Divulga\u00e7\u00e3o<\/p>\n","protected":false},"excerpt":{"rendered":"<p>No dia 24 de junho festeja-se o nascimento de S\u00e3o Jo\u00e3o Batista, o precursor de Jesus Cristo. Muitas festas populares existem inspiradas nesta data, as mais famosas s\u00e3o as de S\u00e3o Jo\u00e3o. Criadas pelos camponeses europeus para celebrar o in\u00edcio do ver\u00e3o, o evento chegou ao Brasil durante a coloniza\u00e7\u00e3o com a chegada dos portugueses.&nbsp;<\/p>\n<p><a class=\"btn btn-style\" href=\"https:\/\/portalcatolico.net\/portal\/24-de-junho-dia-de-sao-joao-batista\/\">Continue Reading<\/a><\/p>\n","protected":false},"author":2,"featured_media":69607,"comment_status":"open","ping_status":"open","sticky":false,"template":"","format":"standard","meta":{"footnotes":""},"categories":[69],"tags":[],"class_list":["post-69606","post","type-post","status-publish","format-standard","has-post-thumbnail","hentry","category-artigos"],"_links":{"self":[{"href":"https:\/\/portalcatolico.net\/portal\/wp-json\/wp\/v2\/posts\/69606","targetHints":{"allow":["GET"]}}],"collection":[{"href":"https:\/\/portalcatolico.net\/portal\/wp-json\/wp\/v2\/posts"}],"about":[{"href":"https:\/\/portalcatolico.net\/portal\/wp-json\/wp\/v2\/types\/post"}],"author":[{"embeddable":true,"href":"https:\/\/portalcatolico.net\/portal\/wp-json\/wp\/v2\/users\/2"}],"replies":[{"embeddable":true,"href":"https:\/\/portalcatolico.net\/portal\/wp-json\/wp\/v2\/comments?post=69606"}],"version-history":[{"count":1,"href":"https:\/\/portalcatolico.net\/portal\/wp-json\/wp\/v2\/posts\/69606\/revisions"}],"predecessor-version":[{"id":69608,"href":"https:\/\/portalcatolico.net\/portal\/wp-json\/wp\/v2\/posts\/69606\/revisions\/69608"}],"wp:featuredmedia":[{"embeddable":true,"href":"https:\/\/portalcatolico.net\/portal\/wp-json\/wp\/v2\/media\/69607"}],"wp:attachment":[{"href":"https:\/\/portalcatolico.net\/portal\/wp-json\/wp\/v2\/media?parent=69606"}],"wp:term":[{"taxonomy":"category","embeddable":true,"href":"https:\/\/portalcatolico.net\/portal\/wp-json\/wp\/v2\/categories?post=69606"},{"taxonomy":"post_tag","embeddable":true,"href":"https:\/\/portalcatolico.net\/portal\/wp-json\/wp\/v2\/tags?post=69606"}],"curies":[{"name":"wp","href":"https:\/\/api.w.org\/{rel}","templated":true}]}}