{"id":69578,"date":"2020-06-23T20:12:53","date_gmt":"2020-06-23T23:12:53","guid":{"rendered":"http:\/\/portalcatolico.net\/portal\/?p=69578"},"modified":"2020-06-23T20:12:53","modified_gmt":"2020-06-23T23:12:53","slug":"retorno-as-celebracoes-com-presenca-dos-fieis-exige-atitudes-contra-a-infeccao-do-novo-coronavirus","status":"publish","type":"post","link":"https:\/\/portalcatolico.net\/portal\/retorno-as-celebracoes-com-presenca-dos-fieis-exige-atitudes-contra-a-infeccao-do-novo-coronavirus\/","title":{"rendered":"Retorno \u00e0s celebra\u00e7\u00f5es com presen\u00e7a dos fi\u00e9is exige atitudes contra a infec\u00e7\u00e3o do novo coronav\u00edrus"},"content":{"rendered":"<p>O retorno \u00e0s celebra\u00e7\u00f5es com presen\u00e7a dos fi\u00e9is exige atitudes e posturas contra a infe\u00e7\u00e3o pelo novo coronav\u00edrus. \u00c9 o que diz o documento enviado pela Confer\u00eancia Nacional dos Bispos do Brasil (CNBB) aos bispos com \u201corienta\u00e7\u00f5es Lit\u00fargico-Pastorais para o retorno \u00e0s atividades presenciais\u201d. O assessor da Comiss\u00e3o Episcopal Pastoral para a Liturgia da CNBB, padre Leonardo Pinheiro, gravou um v\u00eddeo explicando estas orienta\u00e7\u00f5es e ressaltando os cuidados que devem ser tomados antes, durante e depois das celebra\u00e7\u00f5es diante deste contexto de pandemia.<\/p>\n<p>Ap\u00f3s quase tr\u00eas meses de atividades suspensas, algumas arquidioceses e dioceses no Brasil retomam, aos poucos, as celebra\u00e7\u00f5es com a presen\u00e7a dos fi\u00e9is. A rotina de abertura das igrejas foi poss\u00edvel depois que governos municipais e estaduais publicaram decretos autorizando a realiza\u00e7\u00e3o das missas com o povo.<\/p>\n<blockquote class=\"wp-embedded-content\"><p><a href=\"https:\/\/www.cnbb.org.br\/cnbb-envia-aos-bispos-do-brasil-orientacoes-liturgico-pastorais-para-retorno-as-atividades\/\">CNBB envia aos bispos do Brasil orienta\u00e7\u00f5es lit\u00fargico-pastorais para retorno \u00e0s atividades<\/a><\/p><\/blockquote>\n<p><iframe loading=\"lazy\" class=\"wp-embedded-content\" src=\"https:\/\/www.cnbb.org.br\/cnbb-envia-aos-bispos-do-brasil-orientacoes-liturgico-pastorais-para-retorno-as-atividades\/embed\/#?secret=JXo8vUY8cE#?secret=bkgyx4v9ks\" width=\"600\" height=\"445\" frameborder=\"0\" data-secret=\"bkgyx4v9ks\" data-mce-fragment=\"1\"><\/iframe><\/p>\n<p>Mas este retorno \u201crequer um bom planejamento, muita coragem e esperan\u00e7a, pois a Igreja tamb\u00e9m tem a grave responsabilidade de prevenir o cont\u00e1gio da COVID-19, em sintonia com as autoridades sanit\u00e1rias\u201d, diz o documento da CNBB. A Comiss\u00e3o para a Liturgia ressalta que, na medida em que for retomada a participa\u00e7\u00e3o comunit\u00e1ria nas celebra\u00e7\u00f5es, segundo as orienta\u00e7\u00f5es dos Bispos diocesanos, \u201cser\u00e1 necess\u00e1rio garantir atitudes e posturas contra a infe\u00e7\u00e3o\u201d.<\/p>\n<h3>Confira o v\u00eddeo do padre Leonardo Pinheiro:<\/h3>\n<p><iframe loading=\"lazy\"  id=\"_ytid_97603\"  width=\"480\" height=\"270\"  data-origwidth=\"480\" data-origheight=\"270\" src=\"https:\/\/www.youtube.com\/embed\/jT1EP_N20Tg?enablejsapi=1&#038;autoplay=0&#038;cc_load_policy=0&#038;cc_lang_pref=&#038;iv_load_policy=1&#038;loop=0&#038;rel=1&#038;fs=1&#038;playsinline=0&#038;autohide=2&#038;theme=dark&#038;color=red&#038;controls=1&#038;disablekb=0&#038;\" class=\"__youtube_prefs__  epyt-is-override  no-lazyload\" title=\"YouTube player\"  allow=\"fullscreen; accelerometer; autoplay; clipboard-write; encrypted-media; gyroscope; picture-in-picture; web-share\" referrerpolicy=\"strict-origin-when-cross-origin\" allowfullscreen data-no-lazy=\"1\" data-skipgform_ajax_framebjll=\"\"><\/iframe><\/p>\n<h3>Arquidioceses e dioceses retornam \u00e0s atividades presenciais<\/h3>\n<p>Desde o final de abril algumas arquidioceses e dioceses puderam retornar \u00e0s atividades com a presen\u00e7a dos fi\u00e9is, mas sempre com orienta\u00e7\u00f5es de higiene e distanciamento, de modo a evitar o cont\u00e1gio pelo novo coronav\u00edrus. Paralelamente, algumas Igrejas Particulares tiveram que voltar com medidas mais restritivas, por conta do aumento de casos em suas localidades. Confira alguns destaques:<\/p>\n<h4>Norte 1<\/h4>\n<p>Na arquidiocese de Manaus (AM), foram divulgadas orienta\u00e7\u00f5es que sugerem um processo gradual a partir do dia 24 de junho, com tr\u00eas etapas de retorno de atividades: de 24 de junho a 4 de julho: abertura das igrejas para ora\u00e7\u00e3o, pr\u00e1tica devocional pessoal, sem concentra\u00e7\u00e3o de pessoas; a partir de 28 de junho: Celebra\u00e7\u00e3o de Missa apenas com um n\u00famero limitado de agentes de pastoral; e a partir de 4 e 5 de julho: in\u00edcio das Missas e Celebra\u00e7\u00f5es da Palavra com o povo de Deus.&nbsp;<a href=\"https:\/\/arquidiocesedemanaus.org.br\/wp-content\/uploads\/2020\/03\/ORIENTACOES-PASTORAIS_-RETORNO-DAS-CELEBRACOES-_-21.6.2020.pdf\">Confira o documento na \u00edntegra.&nbsp;<\/a><\/p>\n<h4><strong>Norte 2<\/strong><\/h4>\n<p>A arquidiocese de Bel\u00e9m (PA) voltou em 6 de junho a receber os fi\u00e9is para as celebra\u00e7\u00f5es, mas com 15% do total de ocupa\u00e7\u00e3o, limitado a 200 pessoas na Igreja. O estado do Par\u00e1 registra crescimento de cont\u00e1gios principalmente no interior. Em Santar\u00e9m, um decreto da prefeitura autorizou a abertura das Igrejas com 30% da capacidade, mas que n\u00e3o exceda 100 pessoas, al\u00e9m de outras orienta\u00e7\u00f5es de distanciamento, higieniza\u00e7\u00e3o e restri\u00e7\u00f5es. O arcebispo deve divulgar orienta\u00e7\u00f5es em breve.<\/p>\n<h4><strong>Norte 3<\/strong><\/h4>\n<p>Em Palmas (TO), ainda n\u00e3o h\u00e1 retorno das missas com a presen\u00e7a dos fi\u00e9is, somente das atividades presenciais da c\u00faria metropolitana.<\/p>\n<h4>Noroeste<\/h4>\n<p>Em Porto Velho (RO) e demais dioceses do Regional Noroeste, est\u00e3o mantidas as normas de isolamento e as celebra\u00e7\u00e3o pelas redes sociais.<\/p>\n<h4>Nordeste 1<\/h4>\n<p>No Cear\u00e1, as Igrejas continuam fechadas, uma vez que as cidades est\u00e3o em fases diferentes de abertura ou fechamento total. Em nota, os bispos do Regional Nordeste 1 da CNBB&nbsp;sugeriram que cada diocese adote no seu planejamento as medidas de prote\u00e7\u00e3o propostas pela CNBB que visam ao cuidado, \u00e0 defesa e \u00e0 preserva\u00e7\u00e3o da vida. \u201cEnquanto isso, as nossas celebra\u00e7\u00f5es continuar\u00e3o acontecendo a portas fechadas, sem a presen\u00e7a dos fi\u00e9is, que delas participam atrav\u00e9s das m\u00eddias, \u00e0 exce\u00e7\u00e3o daquele n\u00famero bem reduzido dos que dever\u00e3o exercer servi\u00e7os e minist\u00e9rios lit\u00fargicos\u201d.<\/p>\n<h4>Nordeste 2<\/h4>\n<p>No Rio Grande do Norte, os bispos da Prov\u00edncia Eclesi\u00e1stica de Natal resolveram manter as igrejas fechadas. H\u00e1 receio de que uma abertura seja sucedida de uma necessidade de fechar novamente, uma vez que a rede p\u00fablica de sa\u00fade j\u00e1 se aproxima da ocupa\u00e7\u00e3o m\u00e1xima.<\/p>\n<p>As primeiras experi\u00eancias para a retomada das celebra\u00e7\u00f5es lit\u00fargicas com a presen\u00e7a dos fi\u00e9is ficam por conta das arquidioceses da Para\u00edba (PB) e de Olinda e Recife (PE) e da diocese de Guarabira (PB). Nos templos, deve ser respeitada a lota\u00e7\u00e3o m\u00e1xima de 30% da capacidade total, al\u00e9m de uma s\u00e9rie de recomenda\u00e7\u00f5es para a seguran\u00e7a dos fi\u00e9is dentro dos espa\u00e7os lit\u00fargicos.&nbsp;<a href=\"http:\/\/cnbbne2.org.br\/dioceses-e-arquidioceses-da-paraiba-e-de-pernambuco-iniciam-reabertura-das-igrejas\/\">Saiba mais.&nbsp;<\/a><\/p>\n<h4>Nordeste 3<\/h4>\n<p>Em Salvador (BA), a arquidiocese segue os decretos municipal e estadual, que determinam missas com, no m\u00e1ximo, 50 pessoas dentro dos templos. Por\u00e9m, a maior parte das par\u00f3quias est\u00e1 realizando a Celebra\u00e7\u00e3o Eucar\u00edstica sem a presen\u00e7a dos fi\u00e9is, com transmiss\u00e3o ao vivo pelas redes sociais.<\/p>\n<div class=\"yF0IC\">\n<div class=\"post-content__body\">\n<div class=\"Bkj7Z _3zFq8 _2fe0R\">\n<div class=\"kcuBq YK7RC blog-post-page-font _3EDx7 uatYj\">\n<div class=\"kaqlz _2QFkw blog-post-page-font VqbkD\">\n<p class=\"XzvDs _208Ie tFDi5 blog-post-text-font blog-post-text-color _2QAo- _25MYV _6RI6N tFDi5 public-DraftStyleDefault-block-depth0 public-DraftStyleDefault-ltr\">Em Aracaju (SE), o arcebispo dom Jo\u00e3o Jos\u00e9 Costa est\u00e1 preparando um novo decreto com orienta\u00e7\u00f5es e crit\u00e9rios para a retomada das celebra\u00e7\u00f5es nos templos. O documento estar\u00e1 em sintonia com as orienta\u00e7\u00f5es apresentadas pela CNBB e tamb\u00e9m nas recomenda\u00e7\u00f5es das autoridades civis. As par\u00f3quias ir\u00e3o promover as readequa\u00e7\u00f5es necess\u00e1rias para as celebra\u00e7\u00f5es presenciais.<\/p>\n<h4 class=\"XzvDs _208Ie tFDi5 blog-post-text-font blog-post-text-color _2QAo- _25MYV _6RI6N tFDi5 public-DraftStyleDefault-block-depth0 public-DraftStyleDefault-ltr\">Nordeste 5<\/h4>\n<p class=\"XzvDs _208Ie tFDi5 blog-post-text-font blog-post-text-color _2QAo- _1iXso _7G6-i tFDi5 public-DraftStyleDefault-block-depth0 public-DraftStyleDefault-ltr\">No dia 15 de junho, foi publicado decreto com as novas normas para o funcionamento das par\u00f3quias.&nbsp;O documento normatiza, sobretudo, a reabertura das igreja para a celebra\u00e7\u00e3o da missa com a presen\u00e7a de fi\u00e9is e ressalta n\u00e3o se tratar \u201cda libera\u00e7\u00e3o geral das depend\u00eancias, muito menos o abandono das pr\u00e1ticas sanit\u00e1rias adotadas mesmo quando fechadas\u201d. No texto, h\u00e1 a regulamenta\u00e7\u00e3o da quantidade (em porcentagem) de pessoas e refor\u00e7o dos cuidados em uma retomada gradual da vida eclesial.<\/p>\n<\/div>\n<\/div>\n<\/div>\n<\/div>\n<\/div>\n<h4>Centro-Oeste<\/h4>\n<p>Nas arquidiocese de Bras\u00edlia (DF) e Goi\u00e2nia (GO), seguem as celebra\u00e7\u00f5es presenciais com redu\u00e7\u00e3o de fi\u00e9is de acordo com orienta\u00e7\u00f5es das autoridades locais.<\/p>\n<h4>Leste 1<\/h4>\n<p>A arquidiocese de S\u00e3o Sebasti\u00e3o do Rio de Janeiro (RJ) comunicou oficialmente o retorno das atividades religiosas de suas mais de 280 igrejas na cidade para o pr\u00f3ximo dia 4 de julho. Outras dioceses seguem sem a presen\u00e7a de fi\u00e9is.<\/p>\n<h4>Leste 2<\/h4>\n<p>Em Minas Gerais, as arquidiocese de Belo Horizonte, Juiz de Fora e Uberaba divulgaram orienta\u00e7\u00f5es para retorno das celebra\u00e7\u00f5es com o povo. J\u00e1 em Pouso Alegre (MG), o arcebispo metropolitano, dom Jos\u00e9 Luiz Majella Delgado, enviou uma mensagem, por v\u00eddeo, incentivando a perseveran\u00e7a e unidade entre todos.&nbsp;<a href=\"https:\/\/www.cnbb.org.br\/arquidioceses-de-minas-gerais-enviam-orientacoes-sobre-retorno-de-celebracoes\/\">Saiba mais<\/a>.<\/p>\n<p><img decoding=\"async\" class=\"aligncenter\" src=\"https:\/\/www.cnbbleste2.org.br\/imagens\/190620-9Qwof1IsnXAF3.jpg\"><\/p>\n<p>&nbsp;<\/p>\n<h4>Oeste 2<\/h4>\n<p>A arquidiocese de Cuiab\u00e1 tem orienta\u00e7\u00f5es para retorno das missas com fi\u00e9is desde o dia 1\u00ba de maio. O documento do arcebispo, dom Milton Santos pode ser conferido&nbsp;<a href=\"http:\/\/www.arquidiocesecuiaba.org.br\/wp-content\/uploads\/2020\/05\/SUGESTOES-ARQUIDIOCESE-CUIABA-TEMPO-DE-PANDEMIA.pdf\">na \u00edntegra aqui<\/a>.<\/p>\n<h4>Sul 1<\/h4>\n<p>Epicentro da pandemia no Brasil, com&nbsp;<b>221.973&nbsp;<\/b>casos, de acordo com dados atualizados pelo Minist\u00e9rio da Sa\u00fade na tarde de ontem, no estado de S\u00e3o Paulo algumas dioceses come\u00e7aram a abrir novamente suas portas, nos dias 13 e 14 de junho. As celebra\u00e7\u00f5es ocorrem com a presen\u00e7a de, no m\u00e1ximo, 30% da capacidade do recinto, para garantir o distanciamento entre as pessoas, e seguindo as normas sanit\u00e1rias e de higiene, como o uso de m\u00e1scaras e \u00e1lcool em gel, al\u00e9m de medi\u00e7\u00e3o de temperatura corporal.<\/p>\n<h4>Sul 2<\/h4>\n<p>No Paran\u00e1, as Igrejas seguem fechadas e as dioceses acompanham os n\u00fameros da pandemia. Em Londrina (PR), as&nbsp;<strong>Missas com a presen\u00e7a de fi\u00e9is continuam suspensas at\u00e9 o final do m\u00eas de junho, quando a quest\u00e3o ser\u00e1 reavaliada<\/strong>.&nbsp;Secretarias e igrejas continuam abertas para atendimentos individuais e ora\u00e7\u00f5es pessoais.<\/p>\n<h4>Sul 3<\/h4>\n<p>Em Porto Alegre (RS), o arcebispo metropolitano, dom Jaime Spengler, emitiu Nota Oficial no s\u00e1bado, 20, orientando sobre o fechamento das igrejas, ap\u00f3s classifica\u00e7\u00e3o governamental do territ\u00f3rio da arquidiocese como bandeira vermelha. A nota pode ser lida&nbsp;<a href=\"https:\/\/bit.ly\/2AUnWBq\">na \u00edntegra aqui<\/a>.<\/p>\n<p>Na diocese de Cruz Alta (RS), as celebra\u00e7\u00f5es ocorrem de acordo com as orienta\u00e7\u00f5es de sa\u00fade, com participa\u00e7\u00e3o de at\u00e9 30 pessoas ou 25% da capacidade e uso de m\u00e1scaras.<\/p>\n<h4>Sul 4<\/h4>\n<p>Em Santa Catarina, as dioceses de Chapec\u00f3, Lages, Ca\u00e7ador, Joa\u00e7aba, Rio do Sul e Blumenau continuam sem celebra\u00e7\u00f5es p\u00fablicas, observando os crescentes dados da pandemia nas cidades que comp\u00f5em o territ\u00f3rio diocesano. A arquidiocese de Florian\u00f3polis e as dioceses Joinville, Tubar\u00e3o e Crici\u00fama j\u00e1 autorizaram a retomada das celebra\u00e7\u00f5es p\u00fablicas nas par\u00f3quias que conseguem responder a uma s\u00e9rie de normas sanit\u00e1rias para que se evite o cont\u00e1gio.<\/p>\n<p>Fonte:CNBB<\/p>\n","protected":false},"excerpt":{"rendered":"<p>O retorno \u00e0s celebra\u00e7\u00f5es com presen\u00e7a dos fi\u00e9is exige atitudes e posturas contra a infe\u00e7\u00e3o pelo novo coronav\u00edrus. \u00c9 o que diz o documento enviado pela Confer\u00eancia Nacional dos Bispos do Brasil (CNBB) aos bispos com \u201corienta\u00e7\u00f5es Lit\u00fargico-Pastorais para o retorno \u00e0s atividades presenciais\u201d. O assessor da Comiss\u00e3o Episcopal Pastoral para a Liturgia da CNBB,&nbsp;<\/p>\n<p><a class=\"btn btn-style\" href=\"https:\/\/portalcatolico.net\/portal\/retorno-as-celebracoes-com-presenca-dos-fieis-exige-atitudes-contra-a-infeccao-do-novo-coronavirus\/\">Continue Reading<\/a><\/p>\n","protected":false},"author":2,"featured_media":69579,"comment_status":"open","ping_status":"open","sticky":false,"template":"","format":"standard","meta":{"footnotes":""},"categories":[3],"tags":[],"class_list":["post-69578","post","type-post","status-publish","format-standard","has-post-thumbnail","hentry","category-noticias_regionais"],"_links":{"self":[{"href":"https:\/\/portalcatolico.net\/portal\/wp-json\/wp\/v2\/posts\/69578","targetHints":{"allow":["GET"]}}],"collection":[{"href":"https:\/\/portalcatolico.net\/portal\/wp-json\/wp\/v2\/posts"}],"about":[{"href":"https:\/\/portalcatolico.net\/portal\/wp-json\/wp\/v2\/types\/post"}],"author":[{"embeddable":true,"href":"https:\/\/portalcatolico.net\/portal\/wp-json\/wp\/v2\/users\/2"}],"replies":[{"embeddable":true,"href":"https:\/\/portalcatolico.net\/portal\/wp-json\/wp\/v2\/comments?post=69578"}],"version-history":[{"count":1,"href":"https:\/\/portalcatolico.net\/portal\/wp-json\/wp\/v2\/posts\/69578\/revisions"}],"predecessor-version":[{"id":69580,"href":"https:\/\/portalcatolico.net\/portal\/wp-json\/wp\/v2\/posts\/69578\/revisions\/69580"}],"wp:featuredmedia":[{"embeddable":true,"href":"https:\/\/portalcatolico.net\/portal\/wp-json\/wp\/v2\/media\/69579"}],"wp:attachment":[{"href":"https:\/\/portalcatolico.net\/portal\/wp-json\/wp\/v2\/media?parent=69578"}],"wp:term":[{"taxonomy":"category","embeddable":true,"href":"https:\/\/portalcatolico.net\/portal\/wp-json\/wp\/v2\/categories?post=69578"},{"taxonomy":"post_tag","embeddable":true,"href":"https:\/\/portalcatolico.net\/portal\/wp-json\/wp\/v2\/tags?post=69578"}],"curies":[{"name":"wp","href":"https:\/\/api.w.org\/{rel}","templated":true}]}}