{"id":69575,"date":"2020-06-23T20:05:12","date_gmt":"2020-06-23T23:05:12","guid":{"rendered":"http:\/\/portalcatolico.net\/portal\/?p=69575"},"modified":"2020-06-23T20:05:12","modified_gmt":"2020-06-23T23:05:12","slug":"vaticano-emite-uma-moeda-de-2-euros-pelo-centenario-de-sao-joao-paulo-ii","status":"publish","type":"post","link":"https:\/\/portalcatolico.net\/portal\/vaticano-emite-uma-moeda-de-2-euros-pelo-centenario-de-sao-joao-paulo-ii\/","title":{"rendered":"Vaticano emite uma moeda de 2 euros pelo centen\u00e1rio de S\u00e3o Jo\u00e3o Paulo II"},"content":{"rendered":"<p>O Vaticano colocou em circula\u00e7\u00e3o a partir desta ter\u00e7a-feira, 23 de junho, uma nova edi\u00e7\u00e3o de moedas de euro de curso legal e selos postais.<\/p>\n<p>Trata-se de uma moeda comemorativa de 2 euros dedicada ao centen\u00e1rio do nascimento de S\u00e3o Jo\u00e3o Paulo II, das quais ser\u00e3o emitidas 70 mil unidades.<\/p>\n<p>Em declara\u00e7\u00f5es \u00e0 ag\u00eancia italiana do grupo&nbsp;ACI, o diretor da Zecca do Estado da Cidade do Vaticano, Mauro Olivieri, explicou que os anivers\u00e1rios mais importantes s\u00e3o comemorados com as moedas de 2 euros e n\u00e3o em moedas de ouro ou prata, que t\u00eam muito menos difus\u00e3o.<\/p>\n<p>Al\u00e9m disso, as moedas de 2 euros podem ser usadas em qualquer pa\u00eds da zona do euro, enquanto moedas de ouro e prata s\u00e3o reconhecidas apenas no Vaticano.<\/p>\n<p>Olivieri destacou que esta moeda deveria ter entrado em circula\u00e7\u00e3o em maio passado, mas devido \u00e0 epidemia de coronav\u00edrus, teve que ser adiada para esta ter\u00e7a-feira, 23 de junho.<\/p>\n<p>Por outro lado, o Departamento Numism\u00e1tico da Santa S\u00e9 tamb\u00e9m emitiu uma moeda de edi\u00e7\u00e3o especial bimet\u00e1lica de 5 euros por ocasi\u00e3o do 250\u00ba anivers\u00e1rio do nascimento do compositor Ludwig van Beethoven; uma moeda de 10 euros sobre o&nbsp;Batismo; e uma moeda de ouro de 100 euros por ocasi\u00e3o da Constitui\u00e7\u00e3o Apost\u00f3lica do Conc\u00edlio Vaticano II Dei Verbum.<\/p>\n<p>Tamb\u00e9m foram emitidas v\u00e1rias s\u00e9ries filat\u00e9licas com selos de 1,10 e 1,15 euros, por ocasi\u00e3o do centen\u00e1rio da morte de Santa Teresa dos Andes, e outros temas.(ACI)<\/p>\n<p>Foto: Daniel Ib\u00e1\u00f1ez<\/p>\n","protected":false},"excerpt":{"rendered":"<p>O Vaticano colocou em circula\u00e7\u00e3o a partir desta ter\u00e7a-feira, 23 de junho, uma nova edi\u00e7\u00e3o de moedas de euro de curso legal e selos postais. Trata-se de uma moeda comemorativa de 2 euros dedicada ao centen\u00e1rio do nascimento de S\u00e3o Jo\u00e3o Paulo II, das quais ser\u00e3o emitidas 70 mil unidades. Em declara\u00e7\u00f5es \u00e0 ag\u00eancia italiana&nbsp;<\/p>\n<p><a class=\"btn btn-style\" href=\"https:\/\/portalcatolico.net\/portal\/vaticano-emite-uma-moeda-de-2-euros-pelo-centenario-de-sao-joao-paulo-ii\/\">Continue Reading<\/a><\/p>\n","protected":false},"author":2,"featured_media":69576,"comment_status":"open","ping_status":"open","sticky":false,"template":"","format":"standard","meta":{"footnotes":""},"categories":[5],"tags":[],"class_list":["post-69575","post","type-post","status-publish","format-standard","has-post-thumbnail","hentry","category-igreja_no_mundo"],"_links":{"self":[{"href":"https:\/\/portalcatolico.net\/portal\/wp-json\/wp\/v2\/posts\/69575","targetHints":{"allow":["GET"]}}],"collection":[{"href":"https:\/\/portalcatolico.net\/portal\/wp-json\/wp\/v2\/posts"}],"about":[{"href":"https:\/\/portalcatolico.net\/portal\/wp-json\/wp\/v2\/types\/post"}],"author":[{"embeddable":true,"href":"https:\/\/portalcatolico.net\/portal\/wp-json\/wp\/v2\/users\/2"}],"replies":[{"embeddable":true,"href":"https:\/\/portalcatolico.net\/portal\/wp-json\/wp\/v2\/comments?post=69575"}],"version-history":[{"count":1,"href":"https:\/\/portalcatolico.net\/portal\/wp-json\/wp\/v2\/posts\/69575\/revisions"}],"predecessor-version":[{"id":69577,"href":"https:\/\/portalcatolico.net\/portal\/wp-json\/wp\/v2\/posts\/69575\/revisions\/69577"}],"wp:featuredmedia":[{"embeddable":true,"href":"https:\/\/portalcatolico.net\/portal\/wp-json\/wp\/v2\/media\/69576"}],"wp:attachment":[{"href":"https:\/\/portalcatolico.net\/portal\/wp-json\/wp\/v2\/media?parent=69575"}],"wp:term":[{"taxonomy":"category","embeddable":true,"href":"https:\/\/portalcatolico.net\/portal\/wp-json\/wp\/v2\/categories?post=69575"},{"taxonomy":"post_tag","embeddable":true,"href":"https:\/\/portalcatolico.net\/portal\/wp-json\/wp\/v2\/tags?post=69575"}],"curies":[{"name":"wp","href":"https:\/\/api.w.org\/{rel}","templated":true}]}}