{"id":69565,"date":"2020-06-23T19:50:18","date_gmt":"2020-06-23T22:50:18","guid":{"rendered":"http:\/\/portalcatolico.net\/portal\/?p=69565"},"modified":"2020-06-23T19:50:18","modified_gmt":"2020-06-23T22:50:18","slug":"silenciopelador-igrejas-expressam-solidariedade-aos-familiares-das-vitimas-do-covid-19-por-meio-do-silencio-e-da-oracao","status":"publish","type":"post","link":"https:\/\/portalcatolico.net\/portal\/silenciopelador-igrejas-expressam-solidariedade-aos-familiares-das-vitimas-do-covid-19-por-meio-do-silencio-e-da-oracao\/","title":{"rendered":"#Sil\u00eancioPelaDor: Igrejas expressam solidariedade aos familiares das v\u00edtimas do COVID-19 por meio do sil\u00eancio e da ora\u00e7\u00e3o"},"content":{"rendered":"<p>A escadaria da Igreja Sant\u00edssima Trindade, em \u00c1guas de Meninos, onde sobem dezenas de pessoas todos os dias, agora \u00e9 s\u00f3 sil\u00eancio. Nenhuma palavra, nenhuma a\u00e7\u00e3o, apenas a ora\u00e7\u00e3o silenciosa de homens e mulheres que compreendem a dor do pr\u00f3ximo e se uniram para expressar solidariedade aos familiares das v\u00edtimas do COVID-19, que, segundo o levantamento realizado pelo cons\u00f3rcio de ve\u00edculos de imprensa, j\u00e1 acomete mais de um milh\u00e3o de brasileiros.<\/p>\n<p>O que os moradores da Comunidade da Trindade est\u00e3o fazendo ao silenciarem nas escadarias tem nome: \u201cSomente o sil\u00eancio pode ecoar a nossa dor\u201d. Esta \u00e9 a campanha idealizada pelo respons\u00e1vel da Comunidade, Henrique Peregrino, em parceria com a C\u00e1ritas Nacional, a Confer\u00eancia dos Religiosos do Brasil (CRB), o Centro de Estudos B\u00edblicos (CEBI), o Conselho Nacional de Igrejas Crist\u00e3s do Brasil (CONIC), o Conselho Ecum\u00eanico Baiano de Igrejas Crist\u00e3s (CEBIC), a Coordenadoria Ecum\u00eanica de Servi\u00e7o (CESE), a Funda\u00e7\u00e3o Luterana de Diaconia (FLD), o Centro de Estudos e A\u00e7\u00e3o Social (CEAS) e o N\u00facleo Apost\u00f3lico da Companhia de Jesus na Bahia (MAGIS).<\/p>\n<p>Lan\u00e7ada no dia 11 de junho, a iniciativa, que tamb\u00e9m \u00e9 conhecida como \u201cN\u00e3o-A\u00e7\u00e3o\u201d, al\u00e9m de ser um momento permanente de ora\u00e7\u00e3o em meio ao sil\u00eancio, \u00e9 tamb\u00e9m uma oportunidade de denunciar a ina\u00e7\u00e3o de \u00f3rg\u00e3os governamentais diante do crescente n\u00famero de casos e de mortes. \u201cIsso se tornou uma miss\u00e3o diante da responsabilidade da vida do pr\u00f3ximo\u201d, afirma Henrique.<\/p>\n<p><strong>O sil\u00eancio<\/strong><\/p>\n<p><a href=\"https:\/\/cdn.arquidiocesesalvador.org.br\/wp-content\/uploads\/2020\/06\/Sil%C3%AAncio-pela-Dor3.jpg\"><img loading=\"lazy\" decoding=\"async\" class=\"alignright  wp-image-96690\" src=\"https:\/\/redeexcelsior.com.br\/wp\/wp-content\/uploads\/2020\/06\/SilC3AAncio-pela-Dor3.jpg\" alt=\"\" width=\"551\" height=\"287\"><\/a>Nas escadarias, homens e mulheres se revezam, diariamente, para que o ato seja realizado de maneira permanente e seguindo todas as recomenda\u00e7\u00f5es sanit\u00e1rias, como explica Henrique Peregrino, que montou uma tenda de frente para a Avenida Jequitaia, onde as pessoas se abrigam para ter esse momento oracional. \u201cDispon\u00edvel o dia todo, do nascer ao p\u00f4r do sol, das 6h \u00e0s 18h, sempre h\u00e1 pessoas que assumem a presen\u00e7a silenciosa e oracional\u201d, explica.<\/p>\n<p>Henrique Peregrino ressalta que tamb\u00e9m chegou a participar de outras a\u00e7\u00f5es e assinou peti\u00e7\u00f5es para que algo fosse feito diante do cen\u00e1rio, mas percebeu que era necess\u00e1rio algo mais e que o sil\u00eancio e a \u201cN\u00e3o-A\u00e7\u00e3o\u201d podiam completar de modo a tornar o clamor ainda mais forte. Contudo, ele explica que n\u00e3o \u00e9 um sil\u00eancio calado, \u201c\u00e9 um sil\u00eancio de protesto e indigna\u00e7\u00e3o. N\u00f3s n\u00e3o podemos ficar sem rea\u00e7\u00e3o diante da situa\u00e7\u00e3o em que diariamente milhares de vidas s\u00e3o perdidas. N\u00e3o podemos achar isso normal, porque ningu\u00e9m quer que o Brasil se torne um cemit\u00e9rio. Estamos todos aqui para a vida! Jesus disse \u2018Eu vim para que todos tenham vida e a tenham em plenitude\u2019\u201d, destaca.<\/p>\n<p>De acordo com a moradora da Comunidade da Trindade, Juci de Souza, de 54 anos, que participa presencialmente nas escadarias da Igreja, sempre das 16h \u00e0s 18h, \u00e9 uma experi\u00eancia \u00fanica porque, segundo ela, antes da pandemia j\u00e1 refletia sobre o ac\u00famulo de informa\u00e7\u00f5es, a rotina dos seres humanos e o barulho de tr\u00e2nsito da cidade, j\u00e1 que muita gente n\u00e3o est\u00e1 cumprindo o isolamento social. \u201cEu vivo essa experi\u00eancia para silenciar esse barulho que vem como uma resposta de toda a situa\u00e7\u00e3o e sentir que, mesmo diante disso, eu posso entrar em comunh\u00e3o e em sintonia com todos os gritos e dor que assolam o mundo\u201d, diz. Juci destaca, ainda, que as pessoas est\u00e3o vivendo como se as mortes e os casos de COVID-19 fossem algo comum. \u201cVoc\u00ea saber que 50 mil vidas j\u00e1 se foram, e ter isso como algo natural, \u00e9 n\u00e3o sentir empatia pela dor do outro\u201d, conclui.<\/p>\n<p>Para a pastora da Igreja Presbiteriana Unida, S\u00f4nia Mota, que abra\u00e7ou a campanha na Igreja onde congrega e na CESE, que tamb\u00e9m faz parte da iniciativa, a sensa\u00e7\u00e3o \u00e9 de que diante dos discursos feitos por meio dos respons\u00e1veis pela Sa\u00fade no Brasil, as pessoas acabaram ficando cansadas com tantas ocorr\u00eancias que envolvem vidas. \u201cEntendemos que o sil\u00eancio tamb\u00e9m pode ser uma forma de protesto, mas n\u00e3o \u00e9 o sil\u00eancio que se omite, mas sim o sil\u00eancio que quer falar alto. Na pr\u00f3pria B\u00edblia h\u00e1 muitos momentos de sil\u00eancio. Silenciar-se diante de uma dor profunda. Silenciar-se para chamar aten\u00e7\u00e3o\u201d, diz.<\/p>\n<p><strong>#Sil\u00eancioPelaDor<\/strong><\/p>\n<p>As pessoas tamb\u00e9m podem participar da campanha sem sair das casas. \u201cPode ser dentro do apartamento, da casa, qual que seja a moradia, essa pessoa pode reservar um momento para ficar em sil\u00eancio. E, para que esse sil\u00eancio ecoe, n\u00f3s pedimos que as pessoas escrevam o lema, tirem uma foto e publiquem nas redes sociais com a #Sil\u00eancioPelaDor\u201d, pede Henrique Peregrino.<\/p>\n<p>A campanha tamb\u00e9m pode ser acompanhada, pelos internautas, atrav\u00e9s do Instagram: @silenciopelador e do Facebook: Sil\u00eancio Pela Dor.<\/p>\n<p>Fonte: Noticias da Arquidiocese de Salvador (BA)<\/p>\n","protected":false},"excerpt":{"rendered":"<p>A escadaria da Igreja Sant\u00edssima Trindade, em \u00c1guas de Meninos, onde sobem dezenas de pessoas todos os dias, agora \u00e9 s\u00f3 sil\u00eancio. Nenhuma palavra, nenhuma a\u00e7\u00e3o, apenas a ora\u00e7\u00e3o silenciosa de homens e mulheres que compreendem a dor do pr\u00f3ximo e se uniram para expressar solidariedade aos familiares das v\u00edtimas do COVID-19, que, segundo o&nbsp;<\/p>\n<p><a class=\"btn btn-style\" href=\"https:\/\/portalcatolico.net\/portal\/silenciopelador-igrejas-expressam-solidariedade-aos-familiares-das-vitimas-do-covid-19-por-meio-do-silencio-e-da-oracao\/\">Continue Reading<\/a><\/p>\n","protected":false},"author":2,"featured_media":69566,"comment_status":"open","ping_status":"open","sticky":false,"template":"","format":"standard","meta":{"footnotes":""},"categories":[3],"tags":[],"class_list":["post-69565","post","type-post","status-publish","format-standard","has-post-thumbnail","hentry","category-noticias_regionais"],"_links":{"self":[{"href":"https:\/\/portalcatolico.net\/portal\/wp-json\/wp\/v2\/posts\/69565","targetHints":{"allow":["GET"]}}],"collection":[{"href":"https:\/\/portalcatolico.net\/portal\/wp-json\/wp\/v2\/posts"}],"about":[{"href":"https:\/\/portalcatolico.net\/portal\/wp-json\/wp\/v2\/types\/post"}],"author":[{"embeddable":true,"href":"https:\/\/portalcatolico.net\/portal\/wp-json\/wp\/v2\/users\/2"}],"replies":[{"embeddable":true,"href":"https:\/\/portalcatolico.net\/portal\/wp-json\/wp\/v2\/comments?post=69565"}],"version-history":[{"count":1,"href":"https:\/\/portalcatolico.net\/portal\/wp-json\/wp\/v2\/posts\/69565\/revisions"}],"predecessor-version":[{"id":69567,"href":"https:\/\/portalcatolico.net\/portal\/wp-json\/wp\/v2\/posts\/69565\/revisions\/69567"}],"wp:featuredmedia":[{"embeddable":true,"href":"https:\/\/portalcatolico.net\/portal\/wp-json\/wp\/v2\/media\/69566"}],"wp:attachment":[{"href":"https:\/\/portalcatolico.net\/portal\/wp-json\/wp\/v2\/media?parent=69565"}],"wp:term":[{"taxonomy":"category","embeddable":true,"href":"https:\/\/portalcatolico.net\/portal\/wp-json\/wp\/v2\/categories?post=69565"},{"taxonomy":"post_tag","embeddable":true,"href":"https:\/\/portalcatolico.net\/portal\/wp-json\/wp\/v2\/tags?post=69565"}],"curies":[{"name":"wp","href":"https:\/\/api.w.org\/{rel}","templated":true}]}}