{"id":69515,"date":"2020-06-18T17:30:01","date_gmt":"2020-06-18T20:30:01","guid":{"rendered":"http:\/\/portalcatolico.net\/portal\/?p=69515"},"modified":"2020-06-18T21:30:30","modified_gmt":"2020-06-19T00:30:30","slug":"sao-joao-batista-devotos-acompanham-novenario-pelas-redes-sociais","status":"publish","type":"post","link":"https:\/\/portalcatolico.net\/portal\/sao-joao-batista-devotos-acompanham-novenario-pelas-redes-sociais\/","title":{"rendered":"S\u00e3o Jo\u00e3o Batista: devotos acompanham noven\u00e1rio pelas redes sociais"},"content":{"rendered":"<p>Com o tema \u201cS\u00e3o Jo\u00e3o Batista, anunciador da Palavra\u201d, a Par\u00f3quia S\u00e3o Jo\u00e3o Batista, localizada na Vasco da Gama, est\u00e1 realizando o noven\u00e1rio em prepara\u00e7\u00e3o \u00e0 festa do padroeiro. A programa\u00e7\u00e3o teve in\u00edcio no dia 15 e segue at\u00e9 o dia festivo: 24 de junho, sempre com transmiss\u00e3o pelo Instagram (@psjbssa) e pelo Youtube (Par\u00f3quia S\u00e3o Jo\u00e3o Batista SSA).<\/p>\n<p>Todas as noites, o noven\u00e1rio, que acontece at\u00e9 o dia 23 de junho, tem in\u00edcio \u00e0s 19h. De 15 a 18 de junho, e tamb\u00e9m no dia 20, os fi\u00e9is acompanham a recita\u00e7\u00e3o do Ter\u00e7o. No dia 19 acontecer\u00e1 a Missa em honra ao Sagrado Cora\u00e7\u00e3o de Jesus. J\u00e1 de 21 a 23 de junho os fi\u00e9is poder\u00e3o acompanhar a Santa Missa. Os festejos em honra a S\u00e3o Jo\u00e3o ser\u00e3o encerrados no dia 24 de junho, quando ser\u00e1 celebrada a Missa Solene, tamb\u00e9m \u00e0s 19h.<\/p>\n<p><strong>&nbsp;<\/strong><strong>S\u00e3o Jo\u00e3o Batista<\/strong><\/p>\n<p>Jo\u00e3o Batista, nome que significa \u201cDeus \u00e9 prop\u00edcio\u201d, \u00e9 o precursor de Jesus, aquele que preparou os caminhos do Senhor. Filho de Zacarias e de Isabel (prima de Maria, a M\u00e3e de Jesus), Jo\u00e3o pregava um batismo de penit\u00eancia e batizou muitos judeus, inclusive Jesus, no Rio Jord\u00e3o. Da\u00ed a origem de ser chamado Batista, porque batizava com \u00e1gua.<\/p>\n<p>A mando do Rei Herodes, Jo\u00e3o foi aprisionado e levado para a fortaleza de Macaeros, onde foi mantido por dez meses. O motivo deste aprisionamento apontava para a lideran\u00e7a de uma revolu\u00e7\u00e3o. Herod\u00edades, por interm\u00e9dio da filha Salom\u00e9, conseguiu que Herodes matasse Jo\u00e3o Batista e entregasse a sua cabe\u00e7a numa bandeja.<\/p>\n<p>S\u00e3o Jo\u00e3o Batista \u00e9 o \u00fanico santo que tem o nascimento (24 de junho) e o mart\u00edrio (29 de agosto) celebrados pelos crist\u00e3os.<\/p>\n<p>Por: Sara Gomes\/Arquidiocese de Salvador (BA)<\/p>\n","protected":false},"excerpt":{"rendered":"<p>Com o tema \u201cS\u00e3o Jo\u00e3o Batista, anunciador da Palavra\u201d, a Par\u00f3quia S\u00e3o Jo\u00e3o Batista, localizada na Vasco da Gama, est\u00e1 realizando o noven\u00e1rio em prepara\u00e7\u00e3o \u00e0 festa do padroeiro. A programa\u00e7\u00e3o teve in\u00edcio no dia 15 e segue at\u00e9 o dia festivo: 24 de junho, sempre com transmiss\u00e3o pelo Instagram (@psjbssa) e pelo Youtube (Par\u00f3quia&nbsp;<\/p>\n<p><a class=\"btn btn-style\" href=\"https:\/\/portalcatolico.net\/portal\/sao-joao-batista-devotos-acompanham-novenario-pelas-redes-sociais\/\">Continue Reading<\/a><\/p>\n","protected":false},"author":2,"featured_media":69516,"comment_status":"open","ping_status":"open","sticky":false,"template":"","format":"standard","meta":{"footnotes":""},"categories":[3],"tags":[],"class_list":["post-69515","post","type-post","status-publish","format-standard","has-post-thumbnail","hentry","category-noticias_regionais"],"_links":{"self":[{"href":"https:\/\/portalcatolico.net\/portal\/wp-json\/wp\/v2\/posts\/69515","targetHints":{"allow":["GET"]}}],"collection":[{"href":"https:\/\/portalcatolico.net\/portal\/wp-json\/wp\/v2\/posts"}],"about":[{"href":"https:\/\/portalcatolico.net\/portal\/wp-json\/wp\/v2\/types\/post"}],"author":[{"embeddable":true,"href":"https:\/\/portalcatolico.net\/portal\/wp-json\/wp\/v2\/users\/2"}],"replies":[{"embeddable":true,"href":"https:\/\/portalcatolico.net\/portal\/wp-json\/wp\/v2\/comments?post=69515"}],"version-history":[{"count":1,"href":"https:\/\/portalcatolico.net\/portal\/wp-json\/wp\/v2\/posts\/69515\/revisions"}],"predecessor-version":[{"id":69517,"href":"https:\/\/portalcatolico.net\/portal\/wp-json\/wp\/v2\/posts\/69515\/revisions\/69517"}],"wp:featuredmedia":[{"embeddable":true,"href":"https:\/\/portalcatolico.net\/portal\/wp-json\/wp\/v2\/media\/69516"}],"wp:attachment":[{"href":"https:\/\/portalcatolico.net\/portal\/wp-json\/wp\/v2\/media?parent=69515"}],"wp:term":[{"taxonomy":"category","embeddable":true,"href":"https:\/\/portalcatolico.net\/portal\/wp-json\/wp\/v2\/categories?post=69515"},{"taxonomy":"post_tag","embeddable":true,"href":"https:\/\/portalcatolico.net\/portal\/wp-json\/wp\/v2\/tags?post=69515"}],"curies":[{"name":"wp","href":"https:\/\/api.w.org\/{rel}","templated":true}]}}