{"id":69507,"date":"2020-06-18T18:57:55","date_gmt":"2020-06-18T21:57:55","guid":{"rendered":"http:\/\/portalcatolico.net\/portal\/?p=69507"},"modified":"2020-06-18T18:58:56","modified_gmt":"2020-06-18T21:58:56","slug":"paroquia-em-itabuna-realiza-tarde-de-adoracao-online","status":"publish","type":"post","link":"https:\/\/portalcatolico.net\/portal\/paroquia-em-itabuna-realiza-tarde-de-adoracao-online\/","title":{"rendered":"Par\u00f3quia em Itabuna realiza Tarde de Adora\u00e7\u00e3o online!"},"content":{"rendered":"<p>A Par\u00f3quia Santa Rita de C\u00e1ssia convida todo o povo de Deus&nbsp;para uma&nbsp;Tarde de Adora\u00e7\u00e3o ao Sant\u00edssimo Sacramento, momento muito especial para adorar Jesus na Eucaristia.<\/p>\n<p>A Tarde de Adora\u00e7\u00e3o acontecer\u00e1 nesta&nbsp;sexta-feira (19), \u00e0s 15h, na Igreja matriz. Devido \u00e0 pandemia do Coronav\u00edrus, os fieis&nbsp;cat\u00f3licos poder\u00e3o&nbsp; acompanhar a Adora\u00e7\u00e3o ao Sant\u00edssimo Sacramento, ao vivo pelo&nbsp;Youtube,&nbsp; no canal da par\u00f3quia (neste link:&nbsp;<a href=\"https:\/\/www.youtube.com\/channel\/UCqHlggjAvy9SeWftMJhuZPg\" target=\"_blank\" rel=\"noopener noreferrer\">https:\/\/www.youtube.com\/channel\/UCqHlggjAvy9SeWftMJhuZPg<\/a>).<\/p>\n<p>Vale ressaltar que&nbsp;a par\u00f3quia Santa Rita de C\u00e1ssia fica situada no bairro S\u00e3o&nbsp;Caetano, na cidade e diocese de Itabuna, sul da Bahia, mas est\u00e1 fechada, para evitar aglomera\u00e7\u00f5es.<\/p>\n<p><b>Ora\u00e7\u00e3o ao Cora\u00e7\u00e3o de Jesus na Eucaristia<\/b><br \/>\nCora\u00e7\u00e3o de Jesus na Eucaristia, am\u00e1vel companheiro do nosso ex\u00edlio, eu Vos adoro! Cora\u00e7\u00e3o Eucar\u00edstico de Jesus, Cora\u00e7\u00e3o solit\u00e1rio, eu Vos adoro!<br \/>\nCora\u00e7\u00e3o humilhado, eu Vos adoro!<br \/>\nCora\u00e7\u00e3o abandonado, Cora\u00e7\u00e3o esquecido, Cora\u00e7\u00e3o desprezado, Cora\u00e7\u00e3o ultrajado, eu Vos adoro!<br \/>\nCora\u00e7\u00e3o desconhecido dos homens, Cora\u00e7\u00e3o amante, eu Vos adoro! Cora\u00e7\u00e3o bondoso, eu Vos adoro!<br \/>\nCora\u00e7\u00e3o que desejais ser amado, Cora\u00e7\u00e3o paciente em esperar-nos, eu Vos adoro!<br \/>\nCora\u00e7\u00e3o interessado em atender-\u00adnos, Cora\u00e7\u00e3o desejoso de ser suplicado, eu Vos adoro!<br \/>\nCora\u00e7\u00e3o, fonte de novas gra\u00e7as, silencioso, que desejais falar \u00e0s almas, eu Vos adoro!<br \/>\nCora\u00e7\u00e3o, doce ref\u00fagio dos pecadores, eu Vos adoro!<br \/>\nCora\u00e7\u00e3o, que ensinais os segredos da uni\u00e3o divina, eu Vos adoro!<br \/>\nCora\u00e7\u00e3o Eucar\u00edstico de Jesus, eu Vos adoro!<\/p>\n<p><b>Ora\u00e7\u00e3o a Jesus Sacramentado<\/b><br \/>\nMeu Jesus Cristo, Filho de Deus vivo, eis-\u00adme aqui em companhia da Sant\u00edssima Virgem, dos Anjos, dos Santos do C\u00e9u e dos justos da Terra, para visitar-\u00adVos e adorar-Vos nesta H\u00f3stia Consagrada. Creio firmemente que estais t\u00e3o presente, poderoso e glorioso como estais no C\u00e9u; e pelos Vossos m\u00e9ritos, espero alcan\u00e7ar a gl\u00f3ria eterna, seguindo em tudo Vossas divinas inspira\u00e7\u00f5es; e em agradecimento de Vosso divino amor, quero amar-\u00adVos com todo o meu cora\u00e7\u00e3o e minha alma, pot\u00eancias e sentidos.<\/p>\n<p>Suplico-\u00adVos, Salvador de minha alma, pelo Sangue precioso que derramastes em Vossa circuncis\u00e3o e em Vossa Sant\u00edssima Paix\u00e3o, que exerciteis comigo este of\u00edcio de Salvador, dando-\u00adme, pela intercess\u00e3o<br \/>\nde Vossa Sant\u00edssima M\u00e3e, os dons da ora\u00e7\u00e3o juntamente com a perseveran\u00e7a, para que, quando deixar esta vida, me guieis \u00e0 gl\u00f3ria eterna que gozais no C\u00e9u. Am\u00e9m.<\/p>\n<p>Foto:Divulga\u00e7\u00e3o<\/p>\n","protected":false},"excerpt":{"rendered":"<p>A Par\u00f3quia Santa Rita de C\u00e1ssia convida todo o povo de Deus&nbsp;para uma&nbsp;Tarde de Adora\u00e7\u00e3o ao Sant\u00edssimo Sacramento, momento muito especial para adorar Jesus na Eucaristia. A Tarde de Adora\u00e7\u00e3o acontecer\u00e1 nesta&nbsp;sexta-feira (19), \u00e0s 15h, na Igreja matriz. Devido \u00e0 pandemia do Coronav\u00edrus, os fieis&nbsp;cat\u00f3licos poder\u00e3o&nbsp; acompanhar a Adora\u00e7\u00e3o ao Sant\u00edssimo Sacramento, ao vivo pelo&nbsp;Youtube,&nbsp;&nbsp;<\/p>\n<p><a class=\"btn btn-style\" href=\"https:\/\/portalcatolico.net\/portal\/paroquia-em-itabuna-realiza-tarde-de-adoracao-online\/\">Continue Reading<\/a><\/p>\n","protected":false},"author":2,"featured_media":69508,"comment_status":"open","ping_status":"open","sticky":false,"template":"","format":"standard","meta":{"footnotes":""},"categories":[4],"tags":[],"class_list":["post-69507","post","type-post","status-publish","format-standard","has-post-thumbnail","hentry","category-destaques"],"_links":{"self":[{"href":"https:\/\/portalcatolico.net\/portal\/wp-json\/wp\/v2\/posts\/69507","targetHints":{"allow":["GET"]}}],"collection":[{"href":"https:\/\/portalcatolico.net\/portal\/wp-json\/wp\/v2\/posts"}],"about":[{"href":"https:\/\/portalcatolico.net\/portal\/wp-json\/wp\/v2\/types\/post"}],"author":[{"embeddable":true,"href":"https:\/\/portalcatolico.net\/portal\/wp-json\/wp\/v2\/users\/2"}],"replies":[{"embeddable":true,"href":"https:\/\/portalcatolico.net\/portal\/wp-json\/wp\/v2\/comments?post=69507"}],"version-history":[{"count":2,"href":"https:\/\/portalcatolico.net\/portal\/wp-json\/wp\/v2\/posts\/69507\/revisions"}],"predecessor-version":[{"id":69510,"href":"https:\/\/portalcatolico.net\/portal\/wp-json\/wp\/v2\/posts\/69507\/revisions\/69510"}],"wp:featuredmedia":[{"embeddable":true,"href":"https:\/\/portalcatolico.net\/portal\/wp-json\/wp\/v2\/media\/69508"}],"wp:attachment":[{"href":"https:\/\/portalcatolico.net\/portal\/wp-json\/wp\/v2\/media?parent=69507"}],"wp:term":[{"taxonomy":"category","embeddable":true,"href":"https:\/\/portalcatolico.net\/portal\/wp-json\/wp\/v2\/categories?post=69507"},{"taxonomy":"post_tag","embeddable":true,"href":"https:\/\/portalcatolico.net\/portal\/wp-json\/wp\/v2\/tags?post=69507"}],"curies":[{"name":"wp","href":"https:\/\/api.w.org\/{rel}","templated":true}]}}