{"id":69504,"date":"2020-06-17T19:59:44","date_gmt":"2020-06-17T22:59:44","guid":{"rendered":"http:\/\/portalcatolico.net\/portal\/?p=69504"},"modified":"2020-06-17T19:59:44","modified_gmt":"2020-06-17T22:59:44","slug":"como-fazer-uma-boa-adoracao","status":"publish","type":"post","link":"https:\/\/portalcatolico.net\/portal\/como-fazer-uma-boa-adoracao\/","title":{"rendered":"Como fazer uma boa adora\u00e7\u00e3o?"},"content":{"rendered":"<h2 class=\"subtitle\">Adorar a Eucaristia \u00e9 olhar para Jesus e deixar que Ele nos olhe<\/h2>\n<div class=\"base-post-content\">\n<div dir=\"auto\">Aadora\u00e7\u00e3o ao Sant\u00edssimo Sacramento \u00e9 um momento de gra\u00e7as. N\u00f3s, cat\u00f3licos, cremos firmemente naquilo que Jesus disse em Jo\u00e3o cap. 6: \u201cO p\u00e3o que eu darei \u00e9 a minha pr\u00f3pria carne\u201d. N\u00e3o precisamos de nenhum milagre eucar\u00edstico para acreditar nisto. N\u00e3o \u00e9 simbolismo, n\u00e3o teatro, \u00e9 PRESEN\u00c7A REAL. Lanciano \u00e9 para os incr\u00e9dulos. O Evangelho \u00e9 para os fi\u00e9is.<\/div>\n<div dir=\"auto\">&nbsp;<\/div>\n<div dir=\"auto\">Mas, Gabriel, se \u00e9 realmente a carne de Jesus, porque Ele n\u00e3o permite uma transforma\u00e7\u00e3o vis\u00edvel? A\u00ed eu te pergunto: \u201cVoc\u00ea comeria um peda\u00e7o de carne humana?\u201d. Pois bem. Jesus se d\u00e1 no p\u00e3o para que ningu\u00e9m tenha medo de se aproximar d\u2019Ele. Agora vamos falar da adora\u00e7\u00e3o.<\/div>\n<div dir=\"auto\">&nbsp;<\/div>\n<div dir=\"auto\">Certa vez um te\u00f3logo disse: \u201cA Eucaristia \u00e9 pra ser comida, n\u00e3o para ser adorada\u201d. Falou a maior besteira do mundo! Se cremos que ali est\u00e1 Jesus, a 2\u00b0 pessoa da Sant\u00edssima Trindade, \u00e9 l\u00f3gico que precisamos dar \u00e0 H\u00f3stia Consagrada um culto de adora\u00e7\u00e3o (Latria). Santo Agostinho, no s\u00e9c. IV, j\u00e1 dizia: \u201cNingu\u00e9m coma deste p\u00e3o, sem antes O adorar\u201d. Portanto, joelhos dobrados (a n\u00e3o ser que voc\u00ea sofra com reumatismo).<\/div>\n<div dir=\"auto\">&nbsp;<\/div>\n<div dir=\"auto\">Quinta-feira n\u00e3o \u00e9 o \u00fanico dia para a adora\u00e7\u00e3o. Jesus est\u00e1 no tabern\u00e1culo todos os dias, por isso voc\u00ea n\u00e3o precisa aguardar o momento da comunidade para visitar o Senhor. At\u00e9 porque, na maioria das comunidades, existe mais barulho que adora\u00e7\u00e3o. O povo canta\u2026 canta\u2026 canta\u2026 mas n\u00e3o faz um minuto de sil\u00eancio. Adora\u00e7\u00e3o \u00e9 CONTEMPLA\u00c7\u00c3O. \u00c9 olhar para Jesus e deixar que Ele nos olhe. Assim como um casal de namorados n\u00e3o precisa de muita conversa quando est\u00e3o abra\u00e7ados, assim deve ser nossa rela\u00e7\u00e3o com o Senhor, pois quem ama de verdade, fala at\u00e9 com o sil\u00eancio.<\/div>\n<div dir=\"auto\">&nbsp;<\/div>\n<div dir=\"auto\">Voc\u00ea est\u00e1 diante daquele Homem que andou sobre as \u00e1guas, que curou o cego de nascen\u00e7a, que aben\u00e7oou as crian\u00e7as e conversou com a samaritana. \u00c9 o mesmo. Nem mais, nem menos. Santa Teresa dizia: \u201cN\u00e3o vejo, n\u00e3o sinto, mais CREIO\u201d.<\/div>\n<div dir=\"auto\">&nbsp;<\/div>\n<div dir=\"auto\">Se voc\u00ea tem facilidade em se distrair, pode se servir de algumas ora\u00e7\u00f5es, como a Ladainha do Cora\u00e7\u00e3o de Jesus, o Ter\u00e7o da Miseric\u00f3rdia, ou at\u00e9 mesmo a medita\u00e7\u00e3o de um Salmo. Tais ora\u00e7\u00f5es podem ser intercaladas com uma m\u00fasica apropriada. Se tiver um canto gregoriano tocando baixinho na caixa de som, a\u00ed \u00e9 a pura sensa\u00e7\u00e3o do C\u00e9u.<\/div>\n<div dir=\"auto\">&nbsp;<\/div>\n<div dir=\"auto\">Lembre-se: quem cr\u00ea verdadeiramente em Jesus Eucar\u00edstico, n\u00e3o espera que Ele seja colocado num ostens\u00f3rio. At\u00e9 mesmo quando um ministro passa ao nosso lado com a \u00e2mbula, devemos inclinar, com rever\u00eancia, nossa cabe\u00e7a.<\/div>\n<div dir=\"auto\">&nbsp;<\/div>\n<div dir=\"auto\">Enfim, n\u00f3s somos felizardos. Jesus disse aos ap\u00f3stolos que estaria com a Igreja todos os dias, at\u00e9 o fim do mundo, e a forma mais especial que Ele inventou para cumprir esta promessa foi a Eucaristia.<\/div>\n<div dir=\"auto\">&nbsp;<\/div>\n<div dir=\"auto\">Tem algo a contar pra Jesus? Est\u00e1 esperando o qu\u00ea? Corra para o sacr\u00e1rio! O Senhor te espera de bra\u00e7os abertos. Feliz quem cr\u00ea. Feliz quem O ama. Feliz quem O adora. Feliz quem n\u2019Ele espera. Am\u00e9m!<\/div>\n<div dir=\"auto\">(Seminarista Gabriel Vila Verde\/Aleteia)<\/div>\n<\/div>\n","protected":false},"excerpt":{"rendered":"<p>Adorar a Eucaristia \u00e9 olhar para Jesus e deixar que Ele nos olhe Aadora\u00e7\u00e3o ao Sant\u00edssimo Sacramento \u00e9 um momento de gra\u00e7as. N\u00f3s, cat\u00f3licos, cremos firmemente naquilo que Jesus disse em Jo\u00e3o cap. 6: \u201cO p\u00e3o que eu darei \u00e9 a minha pr\u00f3pria carne\u201d. N\u00e3o precisamos de nenhum milagre eucar\u00edstico para acreditar nisto. N\u00e3o \u00e9&nbsp;<\/p>\n<p><a class=\"btn btn-style\" href=\"https:\/\/portalcatolico.net\/portal\/como-fazer-uma-boa-adoracao\/\">Continue Reading<\/a><\/p>\n","protected":false},"author":2,"featured_media":69505,"comment_status":"open","ping_status":"open","sticky":false,"template":"","format":"standard","meta":{"footnotes":""},"categories":[69],"tags":[],"class_list":["post-69504","post","type-post","status-publish","format-standard","has-post-thumbnail","hentry","category-artigos"],"_links":{"self":[{"href":"https:\/\/portalcatolico.net\/portal\/wp-json\/wp\/v2\/posts\/69504","targetHints":{"allow":["GET"]}}],"collection":[{"href":"https:\/\/portalcatolico.net\/portal\/wp-json\/wp\/v2\/posts"}],"about":[{"href":"https:\/\/portalcatolico.net\/portal\/wp-json\/wp\/v2\/types\/post"}],"author":[{"embeddable":true,"href":"https:\/\/portalcatolico.net\/portal\/wp-json\/wp\/v2\/users\/2"}],"replies":[{"embeddable":true,"href":"https:\/\/portalcatolico.net\/portal\/wp-json\/wp\/v2\/comments?post=69504"}],"version-history":[{"count":1,"href":"https:\/\/portalcatolico.net\/portal\/wp-json\/wp\/v2\/posts\/69504\/revisions"}],"predecessor-version":[{"id":69506,"href":"https:\/\/portalcatolico.net\/portal\/wp-json\/wp\/v2\/posts\/69504\/revisions\/69506"}],"wp:featuredmedia":[{"embeddable":true,"href":"https:\/\/portalcatolico.net\/portal\/wp-json\/wp\/v2\/media\/69505"}],"wp:attachment":[{"href":"https:\/\/portalcatolico.net\/portal\/wp-json\/wp\/v2\/media?parent=69504"}],"wp:term":[{"taxonomy":"category","embeddable":true,"href":"https:\/\/portalcatolico.net\/portal\/wp-json\/wp\/v2\/categories?post=69504"},{"taxonomy":"post_tag","embeddable":true,"href":"https:\/\/portalcatolico.net\/portal\/wp-json\/wp\/v2\/tags?post=69504"}],"curies":[{"name":"wp","href":"https:\/\/api.w.org\/{rel}","templated":true}]}}