{"id":69501,"date":"2020-06-17T17:49:55","date_gmt":"2020-06-17T20:49:55","guid":{"rendered":"http:\/\/portalcatolico.net\/portal\/?p=69501"},"modified":"2020-06-17T17:50:21","modified_gmt":"2020-06-17T20:50:21","slug":"imagem-de-nossa-senhora-aparecida-percorrera-algumas-ruas-de-salvador-no-proximo-domingo-21","status":"publish","type":"post","link":"https:\/\/portalcatolico.net\/portal\/imagem-de-nossa-senhora-aparecida-percorrera-algumas-ruas-de-salvador-no-proximo-domingo-21\/","title":{"rendered":"Imagem de Nossa Senhora Aparecida percorrer\u00e1 algumas ruas de Salvador no pr\u00f3ximo domingo (21)"},"content":{"rendered":"<p>Para suplicar a Deus, pela intercess\u00e3o da Rainha e Padroeira do Brasil, o fim da pandemia, o Grupo de Ora\u00e7\u00e3o Ter\u00e7o dos Homens (GOTH\u2019s) realizar\u00e1, no pr\u00f3ximo domingo (21), uma carreata com a imagem de Nossa Senhora Aparecida pelas ruas da capital baiana. A atividade, marcada pela f\u00e9, esperan\u00e7a e devo\u00e7\u00e3o, ter\u00e1 in\u00edcio \u00e0s 8h, no Santu\u00e1rio Nossa Senhora da Concei\u00e7\u00e3o Aparecida (Imbu\u00ed) e seguir\u00e1 at\u00e9 a Bas\u00edlica Santu\u00e1rio Senhor Bom Jesus do Bonfim.<\/p>\n<p>Ao longo de todo o trajeto, os membros do GOTH\u2019s realizar\u00e3o ora\u00e7\u00f5es, pedindo a intercess\u00e3o de Nossa Senhora. Ao sair do Imbu\u00ed, a carreata far\u00e1 o seguinte percurso (ida): Avenida Paralela, Avenida Lu\u00eds Eduardo Magalh\u00e3es, Avenida San Martin, Largo do Tanque, viaduto dos Motoristas, Caminho de Areia, Largo do Papagaio, Bonfim.<\/p>\n<p>Na volta, os fi\u00e9is sair\u00e3o do Bonfim e percorrer\u00e3o a Avenida Dendezeiros, Largo de Mora, Cal\u00e7ada, Avenida Jequitaia, Com\u00e9rcio, Avenida Contorno, Campo Grande, Dique do Toror\u00f3, Avenida Bonoc\u00f4, LIP, Avenida Paralela, Imbu\u00ed.<\/p>\n<p>\u00c9 importante ressaltar que a carreata ter\u00e1 um n\u00famero reduzido de ve\u00edculos, j\u00e1 organizados pelo Grupo de Ora\u00e7\u00e3o Ter\u00e7o dos Homens, e ser\u00e3o tomadas todas as precau\u00e7\u00f5es para evitar a transmiss\u00e3o do coronav\u00edrus como, por exemplo, uso obrigat\u00f3rio da m\u00e1scara e do \u00e1lcool em gel e n\u00famero reduzido de pessoas dentro dos carros que acompanhar\u00e3o o trajeto.<\/p>\n<p>Com informa\u00e7\u00f5es:Arquidiocese de Salvador (BA)<\/p>\n","protected":false},"excerpt":{"rendered":"<p>Para suplicar a Deus, pela intercess\u00e3o da Rainha e Padroeira do Brasil, o fim da pandemia, o Grupo de Ora\u00e7\u00e3o Ter\u00e7o dos Homens (GOTH\u2019s) realizar\u00e1, no pr\u00f3ximo domingo (21), uma carreata com a imagem de Nossa Senhora Aparecida pelas ruas da capital baiana. A atividade, marcada pela f\u00e9, esperan\u00e7a e devo\u00e7\u00e3o, ter\u00e1 in\u00edcio \u00e0s 8h,&nbsp;<\/p>\n<p><a class=\"btn btn-style\" href=\"https:\/\/portalcatolico.net\/portal\/imagem-de-nossa-senhora-aparecida-percorrera-algumas-ruas-de-salvador-no-proximo-domingo-21\/\">Continue Reading<\/a><\/p>\n","protected":false},"author":2,"featured_media":69502,"comment_status":"open","ping_status":"open","sticky":false,"template":"","format":"standard","meta":{"footnotes":""},"categories":[4],"tags":[],"class_list":["post-69501","post","type-post","status-publish","format-standard","has-post-thumbnail","hentry","category-destaques"],"_links":{"self":[{"href":"https:\/\/portalcatolico.net\/portal\/wp-json\/wp\/v2\/posts\/69501","targetHints":{"allow":["GET"]}}],"collection":[{"href":"https:\/\/portalcatolico.net\/portal\/wp-json\/wp\/v2\/posts"}],"about":[{"href":"https:\/\/portalcatolico.net\/portal\/wp-json\/wp\/v2\/types\/post"}],"author":[{"embeddable":true,"href":"https:\/\/portalcatolico.net\/portal\/wp-json\/wp\/v2\/users\/2"}],"replies":[{"embeddable":true,"href":"https:\/\/portalcatolico.net\/portal\/wp-json\/wp\/v2\/comments?post=69501"}],"version-history":[{"count":1,"href":"https:\/\/portalcatolico.net\/portal\/wp-json\/wp\/v2\/posts\/69501\/revisions"}],"predecessor-version":[{"id":69503,"href":"https:\/\/portalcatolico.net\/portal\/wp-json\/wp\/v2\/posts\/69501\/revisions\/69503"}],"wp:featuredmedia":[{"embeddable":true,"href":"https:\/\/portalcatolico.net\/portal\/wp-json\/wp\/v2\/media\/69502"}],"wp:attachment":[{"href":"https:\/\/portalcatolico.net\/portal\/wp-json\/wp\/v2\/media?parent=69501"}],"wp:term":[{"taxonomy":"category","embeddable":true,"href":"https:\/\/portalcatolico.net\/portal\/wp-json\/wp\/v2\/categories?post=69501"},{"taxonomy":"post_tag","embeddable":true,"href":"https:\/\/portalcatolico.net\/portal\/wp-json\/wp\/v2\/tags?post=69501"}],"curies":[{"name":"wp","href":"https:\/\/api.w.org\/{rel}","templated":true}]}}