{"id":69495,"date":"2020-06-16T18:20:13","date_gmt":"2020-06-16T21:20:13","guid":{"rendered":"http:\/\/portalcatolico.net\/portal\/?p=69495"},"modified":"2020-06-16T18:20:13","modified_gmt":"2020-06-16T21:20:13","slug":"qual-e-o-objetivo-do-rosario","status":"publish","type":"post","link":"https:\/\/portalcatolico.net\/portal\/qual-e-o-objetivo-do-rosario\/","title":{"rendered":"Qual \u00e9 o objetivo do Ros\u00e1rio?"},"content":{"rendered":"<p class=\"subtitle\">O principal prop\u00f3sito do Ros\u00e1rio \u00e9 aproximar as almas de Jesus. Mas como?<\/p>\n<p>Ros\u00e1rio \u00e9 uma devo\u00e7\u00e3o popular entre os cat\u00f3licos, mas \u00e0s vezes seu principal objetivo \u00e9 esquecido.<\/p>\n<p>Falando de hist\u00f3ria, lembremos que as contas do Ros\u00e1rio eram usadas pelos leigos para acompanhar o n\u00famero de ora\u00e7\u00f5es que recitavam. Esta \u00e9 a explica\u00e7\u00e3o natural por tr\u00e1s do prop\u00f3sito do Ros\u00e1rio, mas tamb\u00e9m h\u00e1 uma resposta sobrenatural.<\/p>\n<p>S\u00e3o Jo\u00e3o Paulo II foi um fervoroso promotor do Ros\u00e1rio e em sua enc\u00edclica&nbsp;<em>Rosarium Virginis Mariae<\/em>. resumiu o objetivo principal dessa ora\u00e7\u00e3o:<\/p>\n<blockquote><p>\u201cO Ros\u00e1rio, de fato, ainda que caracterizado pela sua fisionomia mariana, no seu \u00e2mago \u00e9 ora\u00e7\u00e3o cristol\u00f3gica. Na sobriedade dos seus elementos, concentra&nbsp;<i>a profundidade de toda a mensagem evang\u00e9lica,&nbsp;<\/i>da qual \u00e9 quase um comp\u00eandio. Nele ecoa a ora\u00e7\u00e3o de Maria, o seu perene&nbsp;<i>Magnificat<\/i>&nbsp;pela obra da Encarna\u00e7\u00e3o redentora iniciada no seu ventre virginal. Com ele, o povo crist\u00e3o&nbsp;<i>frequenta a escola de Maria,&nbsp;<\/i>para deixar-se introduzir na contempla\u00e7\u00e3o da beleza do rosto de Cristo e na experi\u00eancia da profundidade do seu amor. Mediante o Ros\u00e1rio, o crente alcan\u00e7a a gra\u00e7a em abund\u00e2ncia, como se a recebesse das mesmas m\u00e3os da M\u00e3e do Redentor.<\/p><\/blockquote>\n<p>O Padre John Procter, em seu livro&nbsp;<em>The Rosary Guide for Priests and People (<\/em>\u201cO Guia do Ros\u00e1rio para Sacerdotes e Leigos\u201d, discorre sobre o objetivo do Ros\u00e1rio: aproximar as almas de Jesus Cristo. Diz ele:<\/p>\n<blockquote><p><em>\u201c\u2018Pregue o Evangelho a toda criatura viva\u2019, foi a recomenda\u00e7\u00e3o do Divino Mestre; pela ora\u00e7\u00e3o do Ros\u00e1rio, o ministro leva \u00e0 letra a palavra de Seu Mestre. Pois quais s\u00e3o os mist\u00e9rios do Ros\u00e1rio sen\u00e3o um ep\u00edtome do Evangelho? Quais s\u00e3o os quinze cap\u00edtulos que resumem a hist\u00f3ria, a vida, os ensinamentos de Jesus Cristo?\u2026&nbsp;<\/em>Estes s\u00e3o os mist\u00e9rios que est\u00e3o inclu\u00eddos na devo\u00e7\u00e3o do Ros\u00e1rio. N\u00f3s os chamamos de \u2018Mist\u00e9rios do Evangelho\u2019, e dissemos que eles pregam Jesus Cristo, Sua Encarna\u00e7\u00e3o, Sua Vida, Sua Reden\u00e7\u00e3o e Seus triunfos para o mundo.\u201d<\/p><\/blockquote>\n<p>Esse prop\u00f3sito do Ros\u00e1riuo \u00e9 cumprido pela medita\u00e7\u00e3o nos mist\u00e9rios, enquanto o devoto recita as ora\u00e7\u00f5es e continua contando as contas. A ora\u00e7\u00e3o pode levar a uma profunda experi\u00eancia da medita\u00e7\u00e3o crist\u00e3, aprofundando o conhecimento e o amor de Jesus Cristo.(Aleteia)<\/p>\n<p>Foto:Pascal Deloche | Godong<\/p>\n","protected":false},"excerpt":{"rendered":"<p>O principal prop\u00f3sito do Ros\u00e1rio \u00e9 aproximar as almas de Jesus. Mas como? Ros\u00e1rio \u00e9 uma devo\u00e7\u00e3o popular entre os cat\u00f3licos, mas \u00e0s vezes seu principal objetivo \u00e9 esquecido. Falando de hist\u00f3ria, lembremos que as contas do Ros\u00e1rio eram usadas pelos leigos para acompanhar o n\u00famero de ora\u00e7\u00f5es que recitavam. Esta \u00e9 a explica\u00e7\u00e3o natural&nbsp;<\/p>\n<p><a class=\"btn btn-style\" href=\"https:\/\/portalcatolico.net\/portal\/qual-e-o-objetivo-do-rosario\/\">Continue Reading<\/a><\/p>\n","protected":false},"author":2,"featured_media":69496,"comment_status":"open","ping_status":"open","sticky":false,"template":"","format":"standard","meta":{"footnotes":""},"categories":[69],"tags":[],"class_list":["post-69495","post","type-post","status-publish","format-standard","has-post-thumbnail","hentry","category-artigos"],"_links":{"self":[{"href":"https:\/\/portalcatolico.net\/portal\/wp-json\/wp\/v2\/posts\/69495","targetHints":{"allow":["GET"]}}],"collection":[{"href":"https:\/\/portalcatolico.net\/portal\/wp-json\/wp\/v2\/posts"}],"about":[{"href":"https:\/\/portalcatolico.net\/portal\/wp-json\/wp\/v2\/types\/post"}],"author":[{"embeddable":true,"href":"https:\/\/portalcatolico.net\/portal\/wp-json\/wp\/v2\/users\/2"}],"replies":[{"embeddable":true,"href":"https:\/\/portalcatolico.net\/portal\/wp-json\/wp\/v2\/comments?post=69495"}],"version-history":[{"count":1,"href":"https:\/\/portalcatolico.net\/portal\/wp-json\/wp\/v2\/posts\/69495\/revisions"}],"predecessor-version":[{"id":69497,"href":"https:\/\/portalcatolico.net\/portal\/wp-json\/wp\/v2\/posts\/69495\/revisions\/69497"}],"wp:featuredmedia":[{"embeddable":true,"href":"https:\/\/portalcatolico.net\/portal\/wp-json\/wp\/v2\/media\/69496"}],"wp:attachment":[{"href":"https:\/\/portalcatolico.net\/portal\/wp-json\/wp\/v2\/media?parent=69495"}],"wp:term":[{"taxonomy":"category","embeddable":true,"href":"https:\/\/portalcatolico.net\/portal\/wp-json\/wp\/v2\/categories?post=69495"},{"taxonomy":"post_tag","embeddable":true,"href":"https:\/\/portalcatolico.net\/portal\/wp-json\/wp\/v2\/tags?post=69495"}],"curies":[{"name":"wp","href":"https:\/\/api.w.org\/{rel}","templated":true}]}}