{"id":69492,"date":"2020-06-16T17:50:09","date_gmt":"2020-06-16T20:50:09","guid":{"rendered":"http:\/\/portalcatolico.net\/portal\/?p=69492"},"modified":"2020-06-16T17:50:09","modified_gmt":"2020-06-16T20:50:09","slug":"joao-paulo-ii-grande-dom-de-deus-para-a-igreja-a-polonia-e-o-mundo","status":"publish","type":"post","link":"https:\/\/portalcatolico.net\/portal\/joao-paulo-ii-grande-dom-de-deus-para-a-igreja-a-polonia-e-o-mundo\/","title":{"rendered":"Jo\u00e3o Paulo II: grande dom de Deus para a Igreja, a Pol\u00f4nia e o mundo"},"content":{"rendered":"<div class=\"article__subTitle\">O ano de 2020 marca oficialmente o centen\u00e1rio de nascimento de Karol Wojty\u0142a e, em v\u00e1rias partes do mundo, se comemora o legado deixado pelo Papa polon\u00eas. \u201cS\u00e3o Jo\u00e3o Paulo II foi um grande dom de Deus para a Pol\u00f4nia, a Europa, o mundo e a Igreja\u201d, disse o arcebispo Stanis\u0142aw G\u0105decki durante missa celebrada na Bas\u00edlica da Apresenta\u00e7\u00e3o da Sant\u00edssima Virgem Maria, na cidade natal de Wojty\u0142a, em Wadowice.<\/div>\n<div class=\"title__separator\">&nbsp;<\/div>\n<div class=\"article__text\">\n<p><b>O m\u00eas de celebra\u00e7\u00e3o oficial do centen\u00e1rio de nascimento de Karol Wojty\u0142a foi maio, por ter nascido no dia 18 do ano de 1920, mas as comemora\u00e7\u00f5es de anivers\u00e1rio pelo legado deixado pelo Papa e hoje Santo Jo\u00e3o Paulo II continuam acontecendo em v\u00e1rias partes do mundo. Na Pol\u00f4nia, seu pa\u00eds natal, os bispos locais celebraram missas em Crac\u00f3via, onde foi arcebispo de 1964 a 1978; em Wadowice, onde nasceu; e em Kalwaria Zebrzydowska, onde se encontra o Santu\u00e1rio dos Padres Bernardini, visitado pelo futuro Pont\u00edfice em v\u00e1rias oportunidades.<\/b><\/p>\n<p><strong>Homenagens com missa e concerto<\/strong>&nbsp;<\/p>\n<p>No Santu\u00e1rio S\u00e3o Jo\u00e3o Paulo II, em Crac\u00f3via, o arcebispo em\u00e9rito da cidade, cardeal Stanislaw Dziwisz, que tamb\u00e9m foi secret\u00e1rio particular do Pont\u00edfice, celebrou a missa. Na homilia, o purpurado definiu o saudoso Papa \u201cum exemplo bonito e forte do minist\u00e9rio pastoral do bispo na Igreja\u201d. A celebra\u00e7\u00e3o eucar\u00edstica foi seguida por um concerto em homenagem a Karol Wojty\u0142a e contou com a presen\u00e7a dos bispos poloneses e do N\u00fancio Apost\u00f3lico no pa\u00eds, o arcebispo Salvatore Pennacchio.<\/p>\n<p><strong>O santu\u00e1rio de peregrina\u00e7\u00e3o de JPII<\/strong><\/p>\n<p>J\u00e1 em Kalwaria Zebrzydowska, conhecida tamb\u00e9m como \u201ca Jerusal\u00e9m polonesa\u201d, a Confer\u00eancia Episcopal confiou a Igreja \u00e0 prote\u00e7\u00e3o de Nossa Senhora nesta segunda-feira (15). Os bispos recordaram que Jo\u00e3o Paulo II peregrinou muitas vezes ao santu\u00e1rio local: a primeira vez, por exemplo, foi acompanhado do pai, depois da morte da sua m\u00e3e.<\/p>\n<p><strong>A recorda\u00e7\u00e3o na terra natal&nbsp;<\/strong><\/p>\n<p>Enfim, os bispos poloneses celebraram uma missa na Bas\u00edlica da Apresenta\u00e7\u00e3o da Sant\u00edssima Virgem Maria em Wadowice, onde Karol Wojty\u0142a foi batizado em 20 de junho de 1920. A cerim\u00f4nia foi presidida pelo arcebispo Stanis\u0142aw G\u0105decki, presidente da Confer\u00eancia Episcopal Polonesa.&nbsp;Na homilia, o arcebispo disse:<\/p>\n<div>\n<div class=\"article__embed article__embed--border embed_style\">\n<blockquote><p>\u201cS\u00e3o Jo\u00e3o Paulo II foi um grande dom de Deus para a Pol\u00f4nia, a Europa, o mundo e a Igreja, e foi uma consci\u00eancia para o mundo.\u201d<\/p>\n<p>Do presidente dos bispos tamb\u00e9m veio a recorda\u00e7\u00e3o do servi\u00e7o prestado pelo Papa polon\u00eas, em toda a sua vida, \u201ca Deus e ao homem: ele ensinou a viver e viveu como ensinou. N\u00e3o s\u00f3 falava de ora\u00e7\u00e3o, mas rezava realmente. N\u00e3o s\u00f3 pedia para amar todos, mas amava todos e isso se percebia em cada palavra sua e em cada gesto seu&#8221;.(<i>Vatican News &#8211; IP)<\/i><\/p>\n<p>Foto:O Papa Jo\u00e3o Paulo II em uma das visitas ao Brasil, em outubro de 1991<\/p><\/blockquote>\n<\/div>\n<\/div>\n<\/div>\n","protected":false},"excerpt":{"rendered":"<p>O ano de 2020 marca oficialmente o centen\u00e1rio de nascimento de Karol Wojty\u0142a e, em v\u00e1rias partes do mundo, se comemora o legado deixado pelo Papa polon\u00eas. \u201cS\u00e3o Jo\u00e3o Paulo II foi um grande dom de Deus para a Pol\u00f4nia, a Europa, o mundo e a Igreja\u201d, disse o arcebispo Stanis\u0142aw G\u0105decki durante missa celebrada&nbsp;<\/p>\n<p><a class=\"btn btn-style\" href=\"https:\/\/portalcatolico.net\/portal\/joao-paulo-ii-grande-dom-de-deus-para-a-igreja-a-polonia-e-o-mundo\/\">Continue Reading<\/a><\/p>\n","protected":false},"author":2,"featured_media":69493,"comment_status":"open","ping_status":"open","sticky":false,"template":"","format":"standard","meta":{"footnotes":""},"categories":[69],"tags":[],"class_list":["post-69492","post","type-post","status-publish","format-standard","has-post-thumbnail","hentry","category-artigos"],"_links":{"self":[{"href":"https:\/\/portalcatolico.net\/portal\/wp-json\/wp\/v2\/posts\/69492","targetHints":{"allow":["GET"]}}],"collection":[{"href":"https:\/\/portalcatolico.net\/portal\/wp-json\/wp\/v2\/posts"}],"about":[{"href":"https:\/\/portalcatolico.net\/portal\/wp-json\/wp\/v2\/types\/post"}],"author":[{"embeddable":true,"href":"https:\/\/portalcatolico.net\/portal\/wp-json\/wp\/v2\/users\/2"}],"replies":[{"embeddable":true,"href":"https:\/\/portalcatolico.net\/portal\/wp-json\/wp\/v2\/comments?post=69492"}],"version-history":[{"count":1,"href":"https:\/\/portalcatolico.net\/portal\/wp-json\/wp\/v2\/posts\/69492\/revisions"}],"predecessor-version":[{"id":69494,"href":"https:\/\/portalcatolico.net\/portal\/wp-json\/wp\/v2\/posts\/69492\/revisions\/69494"}],"wp:featuredmedia":[{"embeddable":true,"href":"https:\/\/portalcatolico.net\/portal\/wp-json\/wp\/v2\/media\/69493"}],"wp:attachment":[{"href":"https:\/\/portalcatolico.net\/portal\/wp-json\/wp\/v2\/media?parent=69492"}],"wp:term":[{"taxonomy":"category","embeddable":true,"href":"https:\/\/portalcatolico.net\/portal\/wp-json\/wp\/v2\/categories?post=69492"},{"taxonomy":"post_tag","embeddable":true,"href":"https:\/\/portalcatolico.net\/portal\/wp-json\/wp\/v2\/tags?post=69492"}],"curies":[{"name":"wp","href":"https:\/\/api.w.org\/{rel}","templated":true}]}}