{"id":69484,"date":"2020-06-13T23:30:57","date_gmt":"2020-06-14T02:30:57","guid":{"rendered":"http:\/\/portalcatolico.net\/portal\/?p=69484"},"modified":"2020-06-14T16:32:18","modified_gmt":"2020-06-14T19:32:18","slug":"festa-de-santo-antonio-a-bencao-do-alto-do-helicoptero-na-italia-e-dos-paes-no-brasil","status":"publish","type":"post","link":"https:\/\/portalcatolico.net\/portal\/festa-de-santo-antonio-a-bencao-do-alto-do-helicoptero-na-italia-e-dos-paes-no-brasil\/","title":{"rendered":"Festa de Santo Ant\u00f4nio: a b\u00ean\u00e7\u00e3o do alto do helic\u00f3ptero na It\u00e1lia e dos p\u00e3es no Brasil"},"content":{"rendered":"<div class=\"article__subTitle\">A Igreja celebra Santo Ant\u00f4nio neste s\u00e1bado, 13 de junho. Por causa das restri\u00e7\u00f5es impostas pela crise sanit\u00e1ria, a programa\u00e7\u00e3o precisou ser alterada em diferentes lugares. No Brasil, volunt\u00e1rios se muniram de m\u00e1scaras e luvas para preparar os tradicionais p\u00e3es de Santo Ant\u00f4nio que est\u00e3o sendo distribu\u00eddos no interior do Rio de Janeiro. Na It\u00e1lia, depois de s\u00e9culos, n\u00e3o ter\u00e1 prociss\u00e3o com a imagem do santo em P\u00e1dua, mas a b\u00ean\u00e7\u00e3o vir\u00e1 do alto de um helic\u00f3ptero. Devotos do mundo inteiro podem se inscrever para a festa da Bas\u00edlica de Santo Ant\u00f4nio de P\u00e1dua, inclusive enviando pedidos de intercess\u00e3o que ser\u00e3o depositados no t\u00famulo do santo.<\/div>\n<div>&nbsp;<\/div>\n<div class=\"title__separator\">\n<p>Nesta sexta-feira, 12 de junho, o Brasil comemora o Dia dos Namorados, data que antecede a celebra\u00e7\u00e3o de Santo Ant\u00f4nio, em 13 de junho, conhecido popularmente como \u201csanto casamenteiro\u201d, que intercede por quem quer conseguir um namorado ou marido e formar uma fam\u00edlia. \u201cNesta \u00e9poca, muitos jovens recorrem a Santo Ant\u00f4nio \u00e0 procura de uma gra\u00e7a\u201d, afirma Pe. Roberto Camillato, reitor do santu\u00e1rio em honra ao santo em Vit\u00f3ria\/ES. \u201cN\u00e3o se sabe de onde vem essa devo\u00e7\u00e3o; o que se sabe \u00e9 que esse santo era muito atento \u00e0s quest\u00f5es familiares\u201d, acrescenta Frei Alu\u00edsio Ant\u00f4nio de Oliveira, dos Franciscanos Menores Conventuais, de Ca\u00e7apava\/SP.<\/p>\n<p>Apesar das restri\u00e7\u00f5es impostas pela pandemia, a Igreja tem procurado celebrar o santo, sem perder a tradi\u00e7\u00e3o. Segundo informa\u00e7\u00f5es da&nbsp;Diocese de Campos dos Goytacazes\/RJ, a Igreja Matriz Santo Ant\u00f4nio, em Porci\u00fancula, noroeste fluminense, tem realizado a Trezena virtual e uma equipe de volunt\u00e1rios da par\u00f3quia preparou os p\u00e3ezinhos, seguindo todas as normas de preven\u00e7\u00e3o \u00e0 Covid-19, como uso de luvas e m\u00e1scaras \u2013 inclusive personalizadas com a imagem do santo.<\/p>\n<div>\n<div class=\"article__embed article__embed--unwrap\">\n<figure><img loading=\"lazy\" decoding=\"async\" class=\"wp-image-69485 aligncenter\" src=\"http:\/\/portalcatolico.net\/portal\/wp-content\/uploads\/2020\/06\/cq5dam.thumbnail.cropped.750.422-3-1-300x169.jpeg\" alt=\"\" width=\"628\" height=\"354\" srcset=\"https:\/\/portalcatolico.net\/portal\/wp-content\/uploads\/2020\/06\/cq5dam.thumbnail.cropped.750.422-3-1-300x169.jpeg 300w, https:\/\/portalcatolico.net\/portal\/wp-content\/uploads\/2020\/06\/cq5dam.thumbnail.cropped.750.422-3-1.jpeg 750w\" sizes=\"auto, (max-width: 628px) 100vw, 628px\" \/><\/figure>\n<div class=\"photo_embed--Title\">A equipe de volunt\u00e1rios preparando os p\u00e3es de Santo Ant\u00f4nio<\/div>\n<\/div>\n<\/div>\n<p>O Pe. Thiago Linhares aben\u00e7oou os p\u00e3es de Santo Ant\u00f4nio durante missa transmitida online e, depois da celebra\u00e7\u00e3o, ajudou na distribui\u00e7\u00e3o pelos bairros da cidade, sempre acompanhados da imagem do padroeiro. J\u00e1 no&nbsp;Santu\u00e1rio-Bas\u00edlica de Santo Ant\u00f4nio de Vit\u00f3ria, \u00e0s 16h desta sexta-feira, a data ser\u00e1 comemorada com uma live com Z\u00e9 Vicente, direto do Cear\u00e1, com transmiss\u00e3o ao vivo, por streaming, nas plataformas oficiais do santu\u00e1rio. J\u00e1 neste s\u00e1bado (13), dia em que a Igreja celebra Santo Ant\u00f4nio, as missas direto da bas\u00edlica ser\u00e3o transmitidas online \u00e0s 8h e \u00e0s 15h.<\/p>\n<p><strong>As celebra\u00e7\u00f5es direto de P\u00e1dua, na It\u00e1lia<\/strong><\/p>\n<p>A festa de Santo Ant\u00f4nio, na It\u00e1lia, tamb\u00e9m vai sofrer altera\u00e7\u00f5es neste ano. Na cidade onde ele faleceu, em 1231, em P\u00e1dua, quando tinha apenas 36 anos, o complexo da Bas\u00edlica de Santo Ant\u00f4nio tamb\u00e9m j\u00e1 est\u00e1 promovendo a Trezena e se preparando para o s\u00e1bado (13).<\/p>\n<p>Al\u00e9m da possibilidade dos devotos seguirem as&nbsp;imagens de dentro do templo durante 24h, todos os dias da semana, pelo site oficial da Bas\u00edlica, a comunidade cat\u00f3lica est\u00e1 sendo convidada a participar da festa, junto com os Frades Franciscanos Conventuais e milhares de pessoas do mundo inteiro. &nbsp;A transmiss\u00e3o ao vivo, via streaming, das 8 missas e de grandes momentos de impacto que ir\u00e3o substituir a tradicional prociss\u00e3o, come\u00e7a \u00e0s 6h na It\u00e1lia (1h no hor\u00e1rio de Bras\u00edlia) e termina \u00e0s 22h30 (17h30 no hor\u00e1rio de Bras\u00edlia).<\/p>\n<p><strong>Enviar mensagem para depositar no t\u00famulo<\/strong><\/p>\n<p>Um dos momentos mais sugestivos e aguardados para um peregrino \u00e9 tocar com as pr\u00f3prias m\u00e3os o T\u00famulo de Santo Ant\u00f4nio que fica dentro da Bas\u00edlica. Ao se registrar para a festa e com uma ora\u00e7\u00e3o silenciosa, os pr\u00f3prios frades ir\u00e3o \u201clevar a m\u00e3o dos devotos at\u00e9 o santo\u201d, explica em detalhes o portal oficial. Al\u00e9m disso, sempre depois de&nbsp;inscrito no site, j\u00e1 a partir desta sexta-feira (12) d\u00e1 para escrever uma ora\u00e7\u00e3o, um pedido de intercess\u00e3o ou de a\u00e7\u00e3o de gra\u00e7as que os frades ir\u00e3o depositar sobre o t\u00famulo do santo.<\/p>\n<p><strong>Santo Ant\u00f4nio em voo de helic\u00f3ptero<\/strong><\/p>\n<p>Em&nbsp;mensagem&nbsp;divulgada nesta quinta-feira (11), o Fr. Oliviero Svanera, reitor da Pontif\u00edcia Bas\u00edlica, recorda que, por causa da pandemia que \u201ctransformou como um furac\u00e3o as nossas vidas\u201d, \u201cdepois de s\u00e9culos a est\u00e1tua processional do santo n\u00e3o ir\u00e1 percorrer as ruas de P\u00e1dua\u201d. Ser\u00e1, de fato, \u201ca b\u00ean\u00e7\u00e3o do alto de um helic\u00f3ptero, colocado \u00e0 disposi\u00e7\u00e3o do ex\u00e9rcito, a nos fazer sentir a presen\u00e7a do santo\u201d. Dessa forma, a intercess\u00e3o de Ant\u00f4nio poder\u00e1 alcan\u00e7ar principalmente os lugares mais afetados pela pandemia na regi\u00e3o.<\/p>\n<p>O convite final, ent\u00e3o, \u00e9 para invocar, junto a Santo Ant\u00f4nio, a intercess\u00e3o de Maria diante das fragilidades atuais e do risco de gerar solid\u00e3o e um futuro incerto, sobretudo para os jovens: \u201cprecisamos nos perguntar como e onde sermos geradores de vida\u201d. Hoje os jovens precisam \u201cse apaixonar pela vida, pela verdade e pela justi\u00e7a\u201d, acrescentou o reitor, ao finalizar:<\/p>\n<p>\u201cN\u00e3o basta garantir o bem-estar \u00e0s novas gera\u00e7\u00f5es, \u00e9 preciso para n\u00f3s, adultos, sermos bem radicados \u00e0 nossa voca\u00e7\u00e3o, acreditar, isto \u00e9, n\u00f3s por primeiro na verdade e na justi\u00e7a. Somente assim os nossos jovens podem enfrentar a ang\u00fastia provocada pelo niilismo\u201d e, atrav\u00e9s do exemplo de Ant\u00f4nio, acreditar al\u00e9m do imposs\u00edvel.<\/p>\n<\/div>\n<div class=\"article__text\">\n<p><b>Andressa Collet &#8211; Vatican News<\/b><\/p>\n<\/div>\n","protected":false},"excerpt":{"rendered":"<p>A Igreja celebra Santo Ant\u00f4nio neste s\u00e1bado, 13 de junho. Por causa das restri\u00e7\u00f5es impostas pela crise sanit\u00e1ria, a programa\u00e7\u00e3o precisou ser alterada em diferentes lugares. No Brasil, volunt\u00e1rios se muniram de m\u00e1scaras e luvas para preparar os tradicionais p\u00e3es de Santo Ant\u00f4nio que est\u00e3o sendo distribu\u00eddos no interior do Rio de Janeiro. Na It\u00e1lia,&nbsp;<\/p>\n<p><a class=\"btn btn-style\" href=\"https:\/\/portalcatolico.net\/portal\/festa-de-santo-antonio-a-bencao-do-alto-do-helicoptero-na-italia-e-dos-paes-no-brasil\/\">Continue Reading<\/a><\/p>\n","protected":false},"author":2,"featured_media":69486,"comment_status":"open","ping_status":"open","sticky":false,"template":"","format":"standard","meta":{"footnotes":""},"categories":[5],"tags":[],"class_list":["post-69484","post","type-post","status-publish","format-standard","has-post-thumbnail","hentry","category-igreja_no_mundo"],"_links":{"self":[{"href":"https:\/\/portalcatolico.net\/portal\/wp-json\/wp\/v2\/posts\/69484","targetHints":{"allow":["GET"]}}],"collection":[{"href":"https:\/\/portalcatolico.net\/portal\/wp-json\/wp\/v2\/posts"}],"about":[{"href":"https:\/\/portalcatolico.net\/portal\/wp-json\/wp\/v2\/types\/post"}],"author":[{"embeddable":true,"href":"https:\/\/portalcatolico.net\/portal\/wp-json\/wp\/v2\/users\/2"}],"replies":[{"embeddable":true,"href":"https:\/\/portalcatolico.net\/portal\/wp-json\/wp\/v2\/comments?post=69484"}],"version-history":[{"count":2,"href":"https:\/\/portalcatolico.net\/portal\/wp-json\/wp\/v2\/posts\/69484\/revisions"}],"predecessor-version":[{"id":69488,"href":"https:\/\/portalcatolico.net\/portal\/wp-json\/wp\/v2\/posts\/69484\/revisions\/69488"}],"wp:featuredmedia":[{"embeddable":true,"href":"https:\/\/portalcatolico.net\/portal\/wp-json\/wp\/v2\/media\/69486"}],"wp:attachment":[{"href":"https:\/\/portalcatolico.net\/portal\/wp-json\/wp\/v2\/media?parent=69484"}],"wp:term":[{"taxonomy":"category","embeddable":true,"href":"https:\/\/portalcatolico.net\/portal\/wp-json\/wp\/v2\/categories?post=69484"},{"taxonomy":"post_tag","embeddable":true,"href":"https:\/\/portalcatolico.net\/portal\/wp-json\/wp\/v2\/tags?post=69484"}],"curies":[{"name":"wp","href":"https:\/\/api.w.org\/{rel}","templated":true}]}}