{"id":69476,"date":"2020-06-13T16:22:02","date_gmt":"2020-06-13T19:22:02","guid":{"rendered":"http:\/\/portalcatolico.net\/portal\/?p=69476"},"modified":"2020-06-13T16:36:47","modified_gmt":"2020-06-13T19:36:47","slug":"diocese-de-eunapolis-abre-o-ano-jubilar-com-missa-e-mensagem-do-bispo","status":"publish","type":"post","link":"https:\/\/portalcatolico.net\/portal\/diocese-de-eunapolis-abre-o-ano-jubilar-com-missa-e-mensagem-do-bispo\/","title":{"rendered":"Diocese de Eun\u00e1polis abre o Ano Jubilar com Missa e mensagem do Bispo"},"content":{"rendered":"<p><img loading=\"lazy\" decoding=\"async\" class=\"alignnone  wp-image-69482\" src=\"http:\/\/portalcatolico.net\/portal\/wp-content\/uploads\/2020\/06\/252a7809-7ac4-4094-a3a4-08220b6ea3ac-300x300.jpg\" alt=\"\" width=\"741\" height=\"741\" srcset=\"https:\/\/portalcatolico.net\/portal\/wp-content\/uploads\/2020\/06\/252a7809-7ac4-4094-a3a4-08220b6ea3ac-300x300.jpg 300w, https:\/\/portalcatolico.net\/portal\/wp-content\/uploads\/2020\/06\/252a7809-7ac4-4094-a3a4-08220b6ea3ac-150x150.jpg 150w, https:\/\/portalcatolico.net\/portal\/wp-content\/uploads\/2020\/06\/252a7809-7ac4-4094-a3a4-08220b6ea3ac-768x768.jpg 768w, https:\/\/portalcatolico.net\/portal\/wp-content\/uploads\/2020\/06\/252a7809-7ac4-4094-a3a4-08220b6ea3ac-1024x1024.jpg 1024w, https:\/\/portalcatolico.net\/portal\/wp-content\/uploads\/2020\/06\/252a7809-7ac4-4094-a3a4-08220b6ea3ac.jpg 1080w\" sizes=\"auto, (max-width: 741px) 100vw, 741px\" \/><\/p>\n<p>Nesta sexta-feira, 12, a Diocese de Eun\u00e1polis celebrou 24 anos, com uma Missa que abriu oficialmente as comemora\u00e7\u00f5es do Jubileu de Prata (que acontece ano que vem).&nbsp;<\/p>\n<p>A Diocese de Eun\u00e1polis&nbsp;\u00e9 uma&nbsp;circunscri\u00e7\u00e3o eclesi\u00e1stica&nbsp;da&nbsp;Igreja Cat\u00f3lica&nbsp;no estado brasileiro da&nbsp;Bahia, sediada no&nbsp;munic\u00edpio&nbsp;de&nbsp;Eun\u00e1polis.&nbsp;&nbsp;Foi criada no dia&nbsp;12 de junho&nbsp;de&nbsp;1996<sup>,<\/sup>&nbsp;pelo&nbsp;Papa Jo\u00e3o Paulo II. \u00c9 composta pelos munic\u00edpios de&nbsp;Itapebi,&nbsp;Itagimirim,&nbsp;Eun\u00e1polis,&nbsp;Itabela,&nbsp;Guaratinga,&nbsp;Porto Seguro,&nbsp;Santa Cruz Cabr\u00e1lia&nbsp;e&nbsp;Belmonte.<\/p>\n<p><strong>Atualmente, Dom Jos\u00e9 Edson Santana Oliveira, \u00e9 Bispo da Diocese de Eun\u00e1polis. Ele publicou uma mensagem falando da abertura do Ano Jubilar. Confira!<\/strong><\/p>\n<p><a href=\"http:\/\/portalcatolico.net\/portal\/wp-content\/uploads\/2020\/06\/Mensagem-de-Abertura-do-Ano-Jubilar.pdf\">Mensagem de Abertura do Ano Jubilar<\/a><\/p>\n","protected":false},"excerpt":{"rendered":"<p>Nesta sexta-feira, 12, a Diocese de Eun\u00e1polis celebrou 24 anos, com uma Missa que abriu oficialmente as comemora\u00e7\u00f5es do Jubileu de Prata (que acontece ano que vem).&nbsp; A Diocese de Eun\u00e1polis&nbsp;\u00e9 uma&nbsp;circunscri\u00e7\u00e3o eclesi\u00e1stica&nbsp;da&nbsp;Igreja Cat\u00f3lica&nbsp;no estado brasileiro da&nbsp;Bahia, sediada no&nbsp;munic\u00edpio&nbsp;de&nbsp;Eun\u00e1polis.&nbsp;&nbsp;Foi criada no dia&nbsp;12 de junho&nbsp;de&nbsp;1996,&nbsp;pelo&nbsp;Papa Jo\u00e3o Paulo II. \u00c9 composta pelos munic\u00edpios de&nbsp;Itapebi,&nbsp;Itagimirim,&nbsp;Eun\u00e1polis,&nbsp;Itabela,&nbsp;Guaratinga,&nbsp;Porto Seguro,&nbsp;Santa Cruz Cabr\u00e1lia&nbsp;e&nbsp;Belmonte.&nbsp;<\/p>\n<p><a class=\"btn btn-style\" href=\"https:\/\/portalcatolico.net\/portal\/diocese-de-eunapolis-abre-o-ano-jubilar-com-missa-e-mensagem-do-bispo\/\">Continue Reading<\/a><\/p>\n","protected":false},"author":2,"featured_media":69479,"comment_status":"open","ping_status":"open","sticky":false,"template":"","format":"standard","meta":{"footnotes":""},"categories":[4],"tags":[],"class_list":["post-69476","post","type-post","status-publish","format-standard","has-post-thumbnail","hentry","category-destaques"],"_links":{"self":[{"href":"https:\/\/portalcatolico.net\/portal\/wp-json\/wp\/v2\/posts\/69476","targetHints":{"allow":["GET"]}}],"collection":[{"href":"https:\/\/portalcatolico.net\/portal\/wp-json\/wp\/v2\/posts"}],"about":[{"href":"https:\/\/portalcatolico.net\/portal\/wp-json\/wp\/v2\/types\/post"}],"author":[{"embeddable":true,"href":"https:\/\/portalcatolico.net\/portal\/wp-json\/wp\/v2\/users\/2"}],"replies":[{"embeddable":true,"href":"https:\/\/portalcatolico.net\/portal\/wp-json\/wp\/v2\/comments?post=69476"}],"version-history":[{"count":3,"href":"https:\/\/portalcatolico.net\/portal\/wp-json\/wp\/v2\/posts\/69476\/revisions"}],"predecessor-version":[{"id":69483,"href":"https:\/\/portalcatolico.net\/portal\/wp-json\/wp\/v2\/posts\/69476\/revisions\/69483"}],"wp:featuredmedia":[{"embeddable":true,"href":"https:\/\/portalcatolico.net\/portal\/wp-json\/wp\/v2\/media\/69479"}],"wp:attachment":[{"href":"https:\/\/portalcatolico.net\/portal\/wp-json\/wp\/v2\/media?parent=69476"}],"wp:term":[{"taxonomy":"category","embeddable":true,"href":"https:\/\/portalcatolico.net\/portal\/wp-json\/wp\/v2\/categories?post=69476"},{"taxonomy":"post_tag","embeddable":true,"href":"https:\/\/portalcatolico.net\/portal\/wp-json\/wp\/v2\/tags?post=69476"}],"curies":[{"name":"wp","href":"https:\/\/api.w.org\/{rel}","templated":true}]}}