{"id":69472,"date":"2020-06-13T16:18:19","date_gmt":"2020-06-13T19:18:19","guid":{"rendered":"http:\/\/portalcatolico.net\/portal\/?p=69472"},"modified":"2020-06-13T16:18:19","modified_gmt":"2020-06-13T19:18:19","slug":"comunicacao-na-igreja","status":"publish","type":"post","link":"https:\/\/portalcatolico.net\/portal\/comunicacao-na-igreja\/","title":{"rendered":"Comunica\u00e7\u00e3o na Igreja"},"content":{"rendered":"<p>Valorizar a comunica\u00e7\u00e3o \u00e9 fundamental na miss\u00e3o evangelizadora da Igreja Cat\u00f3lica. Isto n\u00e3o significa investir em um empreendimento privado, menos ainda constituir um neg\u00f3cio rent\u00e1vel. Essa valoriza\u00e7\u00e3o deve sempre reger-se no horizonte evangelizador que norteia o caminho mission\u00e1rio da Igreja, o que inclui balizar conte\u00fados e pr\u00e1ticas comunicacionais a partir de princ\u00edpios inegoci\u00e1veis. Assim, a Igreja, a partir da comunica\u00e7\u00e3o, anuncia o Reino de Deus e, pela for\u00e7a desse an\u00fancio, transforma vidas, ajudando na constru\u00e7\u00e3o de sociedades justas e solid\u00e1rias.<\/p>\n<p>O envolvimento de diferentes atores no processo comunicacional das m\u00eddias cat\u00f3licas, com as suas especificidades, nuances e imposta\u00e7\u00f5es, n\u00e3o pode dispensar o alinhamento doutrinal com a Igreja e, consequentemente, o compromisso com a evangeliza\u00e7\u00e3o. A Igreja Cat\u00f3lica \u00e9 detentora de um horizonte que vem da inspira\u00e7\u00e3o de suas tradi\u00e7\u00f5es, valores, experi\u00eancias, documentos e, especialmente, da Palavra de Deus. Isto significa dizer que n\u00e3o s\u00e3o permitidas superficialidades ou invencionices na comunica\u00e7\u00e3o da Igreja que possam desfigurar a beleza e a inteireza da f\u00e9 crist\u00e3 cat\u00f3lica. Arriscados personalismos, alimentados por desvios religiosos nefastos, merecem adequado tratamento. O importante servi\u00e7o da comunica\u00e7\u00e3o cat\u00f3lica enfrenta desafios que s\u00e3o pr\u00f3prios do atual contexto social e pol\u00edtico. Um contexto sociopol\u00edtico contaminado pelas disputas de poder, busca pela efetiva\u00e7\u00e3o de dom\u00ednios e ac\u00famulo de dinheiro.<\/p>\n<p>\u00c9 sabido que manter servi\u00e7os de comunica\u00e7\u00e3o custa caro, exige investimento permanente em profissionais e no cont\u00ednuo avan\u00e7o tecnol\u00f3gico. O aspecto econ\u00f4mico imp\u00f5e alguns revezes, mas a comunica\u00e7\u00e3o cat\u00f3lica n\u00e3o pode afastar-se do compromisso de anunciar a Boa Nova. Deve oferecer significativa e qualificada presta\u00e7\u00e3o de servi\u00e7os que gravitam ao redor dos pilares da evangeliza\u00e7\u00e3o, da cultura e da educa\u00e7\u00e3o. A fonte inesgot\u00e1vel de conte\u00fado para a comunica\u00e7\u00e3o cat\u00f3lica \u00e9 o Evangelho de Jesus Cristo, firmando o hist\u00f3rico compromisso da Igreja de ajudar a tecer a cultura da vida e da paz.<\/p>\n<p>A comunica\u00e7\u00e3o na Igreja deve, pois, cultivar a convic\u00e7\u00e3o de que o Evangelho \u00e9 o bem mais precioso a ser oferecido \u00e0 humanidade, que carece de rumos novos capazes de lev\u00e1-la \u00e0 cura de suas feridas, \u00e0 supera\u00e7\u00e3o de seus estrangulamentos.&nbsp; Trata-se de enorme desafio, que inclui a diversifica\u00e7\u00e3o em rede dos muitos modos de se fazer comunica\u00e7\u00e3o e a necessidade de revestir os processos comunicativos com uma for\u00e7a incidente nas din\u00e2micas sociais. A Igreja Cat\u00f3lica, para se fortalecer a partir da comunica\u00e7\u00e3o, deve, cada vez mais, voltar-se aos princ\u00edpios que norteiam a sua identidade e miss\u00e3o.<\/p>\n<p>A comunh\u00e3o, que faz parte da vida da Igreja, \u00e9 for\u00e7a com propriedade de amalgamar as diferen\u00e7as, tornando-as uma grande riqueza, com elementos que corrigem descompassos e iluminam caminhos. A comunh\u00e3o leva a novos passos corretivos que consolidam a comunica\u00e7\u00e3o cat\u00f3lica como um bem indispens\u00e1vel e diferenciado para a vida social. A relev\u00e2ncia da comunica\u00e7\u00e3o cat\u00f3lica para a transforma\u00e7\u00e3o da sociedade \u00e9 que motiva crist\u00e3os cat\u00f3licos a apoiarem diferentes iniciativas da Igreja no campo comunicacional. Tudo para que n\u00e3o se cale a voz do Evangelho de Jesus Cristo em uma sociedade de vozes dissonantes e comprometedoras.<\/p>\n<p>A presen\u00e7a da Igreja, de modo mais efetivo, nos meios de comunica\u00e7\u00e3o, vem das l\u00facidas indica\u00e7\u00f5es do Conc\u00edlio Vaticano II, em 1965. J\u00e1 h\u00e1 54 anos \u00e9 promovido o Dia Mundial da Comunica\u00e7\u00e3o Social, para reafirmar a import\u00e2ncia de diferentes pr\u00e1ticas comunicativas no contexto da Igreja \u2013 das que exigem maior mobiliza\u00e7\u00e3o tecnol\u00f3gica e operacional \u00e0s realizadas em \u00e2mbito mais comunit\u00e1rio, nas pastorais de comunica\u00e7\u00e3o. Trata-se de uma ampla rede a servi\u00e7o da evangeliza\u00e7\u00e3o e, consequentemente, da edifica\u00e7\u00e3o de uma cultura da paz. A Igreja Cat\u00f3lica, com seus meios de comunica\u00e7\u00e3o &#8211; televisivos, radiof\u00f4nicos, impressos, digitais, em redes &#8211; interage com os muitos fluxos relacionais da sociedade. Enfrenta batalhas, interesses e at\u00e9 mesmo embates desiguais.<\/p>\n<p>A Igreja enfrenta essa luta valendo-se de plataformas e mecanismos que ecoam a f\u00e9 crist\u00e3. Um caminho desafiador que n\u00e3o pode ser trilhado isoladamente, compreendendo a comunica\u00e7\u00e3o cat\u00f3lica como neg\u00f3cio particular, sob pena de se perder rumos, fazer escolhas equivocadas e, at\u00e9 por desespero, propor o que n\u00e3o condiz com as li\u00e7\u00f5es de Jesus Cristo. A Igreja Cat\u00f3lica tem par\u00e2metros e mesas de di\u00e1logo para fomentar a indispens\u00e1vel comunh\u00e3o. &nbsp;Uma uni\u00e3o cotidianamente renovada que faz o servi\u00e7o evangelizador no \u00e2mbito da comunica\u00e7\u00e3o ganhar cada vez mais qualidade. A realidade atual, seus embates e at\u00e9 mesmo equ\u00edvocos apontam li\u00e7\u00f5es nesse contexto que precisam ser aprendidas, para novas configura\u00e7\u00f5es estrat\u00e9gicas. Cora\u00e7\u00f5es se abram e, com a dedica\u00e7\u00e3o de todos, avance, sempre mais, o servi\u00e7o indispens\u00e1vel da comunica\u00e7\u00e3o na Igreja.<\/p>\n<p><strong>&nbsp;<\/strong><\/p>\n<p><strong>Dom Walmor Oliveira de Azevedo<\/strong><\/p>\n<p><strong>Arcebispo metropolitano de Belo Horizonte (MG)<\/strong><\/p>\n<p><strong>Presidente da Confer\u00eancia Nacional dos Bispos do Brasil (CNBB)<\/strong><\/p>\n","protected":false},"excerpt":{"rendered":"<p>Valorizar a comunica\u00e7\u00e3o \u00e9 fundamental na miss\u00e3o evangelizadora da Igreja Cat\u00f3lica. Isto n\u00e3o significa investir em um empreendimento privado, menos ainda constituir um neg\u00f3cio rent\u00e1vel. Essa valoriza\u00e7\u00e3o deve sempre reger-se no horizonte evangelizador que norteia o caminho mission\u00e1rio da Igreja, o que inclui balizar conte\u00fados e pr\u00e1ticas comunicacionais a partir de princ\u00edpios inegoci\u00e1veis. Assim, a&nbsp;<\/p>\n<p><a class=\"btn btn-style\" href=\"https:\/\/portalcatolico.net\/portal\/comunicacao-na-igreja\/\">Continue Reading<\/a><\/p>\n","protected":false},"author":2,"featured_media":64857,"comment_status":"open","ping_status":"open","sticky":false,"template":"","format":"standard","meta":{"footnotes":""},"categories":[69],"tags":[],"class_list":["post-69472","post","type-post","status-publish","format-standard","has-post-thumbnail","hentry","category-artigos"],"_links":{"self":[{"href":"https:\/\/portalcatolico.net\/portal\/wp-json\/wp\/v2\/posts\/69472","targetHints":{"allow":["GET"]}}],"collection":[{"href":"https:\/\/portalcatolico.net\/portal\/wp-json\/wp\/v2\/posts"}],"about":[{"href":"https:\/\/portalcatolico.net\/portal\/wp-json\/wp\/v2\/types\/post"}],"author":[{"embeddable":true,"href":"https:\/\/portalcatolico.net\/portal\/wp-json\/wp\/v2\/users\/2"}],"replies":[{"embeddable":true,"href":"https:\/\/portalcatolico.net\/portal\/wp-json\/wp\/v2\/comments?post=69472"}],"version-history":[{"count":1,"href":"https:\/\/portalcatolico.net\/portal\/wp-json\/wp\/v2\/posts\/69472\/revisions"}],"predecessor-version":[{"id":69473,"href":"https:\/\/portalcatolico.net\/portal\/wp-json\/wp\/v2\/posts\/69472\/revisions\/69473"}],"wp:featuredmedia":[{"embeddable":true,"href":"https:\/\/portalcatolico.net\/portal\/wp-json\/wp\/v2\/media\/64857"}],"wp:attachment":[{"href":"https:\/\/portalcatolico.net\/portal\/wp-json\/wp\/v2\/media?parent=69472"}],"wp:term":[{"taxonomy":"category","embeddable":true,"href":"https:\/\/portalcatolico.net\/portal\/wp-json\/wp\/v2\/categories?post=69472"},{"taxonomy":"post_tag","embeddable":true,"href":"https:\/\/portalcatolico.net\/portal\/wp-json\/wp\/v2\/tags?post=69472"}],"curies":[{"name":"wp","href":"https:\/\/api.w.org\/{rel}","templated":true}]}}