{"id":69466,"date":"2020-06-12T08:01:42","date_gmt":"2020-06-12T11:01:42","guid":{"rendered":"http:\/\/portalcatolico.net\/portal\/?p=69466"},"modified":"2020-06-12T08:23:34","modified_gmt":"2020-06-12T11:23:34","slug":"diocese-de-eunapolis-celebra-aniversario-de-criacao","status":"publish","type":"post","link":"https:\/\/portalcatolico.net\/portal\/diocese-de-eunapolis-celebra-aniversario-de-criacao\/","title":{"rendered":"Diocese de Eun\u00e1polis celebra anivers\u00e1rio de cria\u00e7\u00e3o!"},"content":{"rendered":"<p>Nesta sexta-feira, 12, a Diocese de Eun\u00e1polis celebra, 25 anos, com uma Missa que inicia a abertura oficial do Jubileu de Prata (que acontece ano que vem).&nbsp;<\/p>\n<p>A Diocese de Eun\u00e1polis&nbsp;\u00e9 uma&nbsp;circunscri\u00e7\u00e3o eclesi\u00e1stica&nbsp;da&nbsp;Igreja Cat\u00f3lica&nbsp;no estado brasileiro da&nbsp;Bahia, sediada no&nbsp;munic\u00edpio&nbsp;de&nbsp;Eun\u00e1polis.&nbsp;&nbsp;Foi criada no dia&nbsp;12 de junho&nbsp;de&nbsp;1996<sup>,<\/sup>&nbsp;pelo&nbsp;Papa Jo\u00e3o Paulo II. \u00c9 composta pelos munic\u00edpios de&nbsp;Itapebi,&nbsp;Itagimirim,&nbsp;Eun\u00e1polis,&nbsp;Itabela,&nbsp;Guaratinga,&nbsp;Porto Seguro,&nbsp;Santa Cruz Cabr\u00e1lia&nbsp;e&nbsp;Belmonte.<\/p>\n<p><strong>Atualmente, Dom Jos\u00e9 Edson Santana Oliveira, \u00e9 Bispo da Diocese de Eun\u00e1polis.<\/strong><\/p>\n<p><img loading=\"lazy\" decoding=\"async\" class=\"alignnone wp-image-69469\" src=\"http:\/\/portalcatolico.net\/portal\/wp-content\/uploads\/2020\/06\/bbdb45b1-57bc-4e29-869f-fb049a7e7c62-300x300.jpg\" alt=\"\" width=\"727\" height=\"727\" srcset=\"https:\/\/portalcatolico.net\/portal\/wp-content\/uploads\/2020\/06\/bbdb45b1-57bc-4e29-869f-fb049a7e7c62-300x300.jpg 300w, https:\/\/portalcatolico.net\/portal\/wp-content\/uploads\/2020\/06\/bbdb45b1-57bc-4e29-869f-fb049a7e7c62-150x150.jpg 150w, https:\/\/portalcatolico.net\/portal\/wp-content\/uploads\/2020\/06\/bbdb45b1-57bc-4e29-869f-fb049a7e7c62.jpg 711w\" sizes=\"auto, (max-width: 727px) 100vw, 727px\" \/><\/p>\n<p>&nbsp;<\/p>\n","protected":false},"excerpt":{"rendered":"<p>Nesta sexta-feira, 12, a Diocese de Eun\u00e1polis celebra, 25 anos, com uma Missa que inicia a abertura oficial do Jubileu de Prata (que acontece ano que vem).&nbsp; A Diocese de Eun\u00e1polis&nbsp;\u00e9 uma&nbsp;circunscri\u00e7\u00e3o eclesi\u00e1stica&nbsp;da&nbsp;Igreja Cat\u00f3lica&nbsp;no estado brasileiro da&nbsp;Bahia, sediada no&nbsp;munic\u00edpio&nbsp;de&nbsp;Eun\u00e1polis.&nbsp;&nbsp;Foi criada no dia&nbsp;12 de junho&nbsp;de&nbsp;1996,&nbsp;pelo&nbsp;Papa Jo\u00e3o Paulo II. \u00c9 composta pelos munic\u00edpios de&nbsp;Itapebi,&nbsp;Itagimirim,&nbsp;Eun\u00e1polis,&nbsp;Itabela,&nbsp;Guaratinga,&nbsp;Porto Seguro,&nbsp;Santa Cruz Cabr\u00e1lia&nbsp;e&nbsp;Belmonte.&nbsp;<\/p>\n<p><a class=\"btn btn-style\" href=\"https:\/\/portalcatolico.net\/portal\/diocese-de-eunapolis-celebra-aniversario-de-criacao\/\">Continue Reading<\/a><\/p>\n","protected":false},"author":2,"featured_media":69468,"comment_status":"open","ping_status":"open","sticky":false,"template":"","format":"standard","meta":{"footnotes":""},"categories":[4],"tags":[],"class_list":["post-69466","post","type-post","status-publish","format-standard","has-post-thumbnail","hentry","category-destaques"],"_links":{"self":[{"href":"https:\/\/portalcatolico.net\/portal\/wp-json\/wp\/v2\/posts\/69466","targetHints":{"allow":["GET"]}}],"collection":[{"href":"https:\/\/portalcatolico.net\/portal\/wp-json\/wp\/v2\/posts"}],"about":[{"href":"https:\/\/portalcatolico.net\/portal\/wp-json\/wp\/v2\/types\/post"}],"author":[{"embeddable":true,"href":"https:\/\/portalcatolico.net\/portal\/wp-json\/wp\/v2\/users\/2"}],"replies":[{"embeddable":true,"href":"https:\/\/portalcatolico.net\/portal\/wp-json\/wp\/v2\/comments?post=69466"}],"version-history":[{"count":3,"href":"https:\/\/portalcatolico.net\/portal\/wp-json\/wp\/v2\/posts\/69466\/revisions"}],"predecessor-version":[{"id":69471,"href":"https:\/\/portalcatolico.net\/portal\/wp-json\/wp\/v2\/posts\/69466\/revisions\/69471"}],"wp:featuredmedia":[{"embeddable":true,"href":"https:\/\/portalcatolico.net\/portal\/wp-json\/wp\/v2\/media\/69468"}],"wp:attachment":[{"href":"https:\/\/portalcatolico.net\/portal\/wp-json\/wp\/v2\/media?parent=69466"}],"wp:term":[{"taxonomy":"category","embeddable":true,"href":"https:\/\/portalcatolico.net\/portal\/wp-json\/wp\/v2\/categories?post=69466"},{"taxonomy":"post_tag","embeddable":true,"href":"https:\/\/portalcatolico.net\/portal\/wp-json\/wp\/v2\/tags?post=69466"}],"curies":[{"name":"wp","href":"https:\/\/api.w.org\/{rel}","templated":true}]}}