{"id":69358,"date":"2020-05-28T13:23:11","date_gmt":"2020-05-28T16:23:11","guid":{"rendered":"http:\/\/portalcatolico.net\/portal\/?p=69358"},"modified":"2020-05-28T13:23:11","modified_gmt":"2020-05-28T16:23:11","slug":"paroco-da-igreja-matriz-de-santa-rita-de-cassia-em-itabuna-celebra-aniversario-de-ordenacao-sacerdotal","status":"publish","type":"post","link":"https:\/\/portalcatolico.net\/portal\/paroco-da-igreja-matriz-de-santa-rita-de-cassia-em-itabuna-celebra-aniversario-de-ordenacao-sacerdotal\/","title":{"rendered":"P\u00e1roco da igreja matriz de Santa Rita de C\u00e1ssia, em Itabuna, celebra anivers\u00e1rio de Ordena\u00e7\u00e3o Sacerdotal"},"content":{"rendered":"<p>O Pe. Frei Gilton, p\u00e1roco da igreja matriz de Santa Rita de C\u00e1ssia, em Itabuna (BA), celebra hoje (28), mais um ano de Ordena\u00e7\u00e3o Sacerdotal.<br \/>\nA par\u00f3quia de Santa Rita \u00e9 aben\u00e7oada pela presen\u00e7a do Frei Gilton, pelo&nbsp;seu trabalho, pela sua sabedoria pastoral e&nbsp;&nbsp;pelos conselhos que&nbsp;sempre direcionam para o caminho certo. Festejar mais um ano de&nbsp;ordena\u00e7\u00e3o \u00e9 ter a chance de fazer novos amigos, ajudar mais pessoas, ensinar novas li\u00e7\u00f5es, sorrir novos motivos, amar mais ao&nbsp;pr\u00f3ximo, dar cada vez mais amparo, rezar mais preces e agradecer mais&nbsp;vezes, \u00e9 tamb\u00e9m amadurecer um pouco mais e olhar a sua miss\u00e3o de lan\u00e7ar&nbsp;as redes como uma d\u00e1diva de Deus.<br \/>\nComemorar o anivers\u00e1rio de ordena\u00e7\u00e3o \u00e9&nbsp;comemorar a vida, pois o sacerdote n\u00e3o \u00e9 apenas o homem da liturgia,&nbsp;mas, aquele que faz da sua vida um culto lit\u00fargico, identificando-se com&nbsp;a realidade da cruz, que \u00e9 doa\u00e7\u00e3o, amor e entrega aos irm\u00e3os e \u00e0 Igreja,&nbsp;fazendo da sua vida um sacramento intenso e fecundo.<br \/>\nA equipe deste Portal de Not\u00edcias e a Pastoral da Comunica\u00e7\u00e3o&nbsp;da Par\u00f3quia Santa Rita de C\u00e1ssia , parabeniza o religioso e pede as b\u00ean\u00e7\u00e3os de Deus&nbsp;e da&nbsp;Virgem M\u00e3e Sant\u00edssima.<\/p>\n<p>Parab\u00e9ns,&nbsp;Frei Gilton!<\/p>\n","protected":false},"excerpt":{"rendered":"<p>O Pe. Frei Gilton, p\u00e1roco da igreja matriz de Santa Rita de C\u00e1ssia, em Itabuna (BA), celebra hoje (28), mais um ano de Ordena\u00e7\u00e3o Sacerdotal. A par\u00f3quia de Santa Rita \u00e9 aben\u00e7oada pela presen\u00e7a do Frei Gilton, pelo&nbsp;seu trabalho, pela sua sabedoria pastoral e&nbsp;&nbsp;pelos conselhos que&nbsp;sempre direcionam para o caminho certo. Festejar mais um ano&nbsp;<\/p>\n<p><a class=\"btn btn-style\" href=\"https:\/\/portalcatolico.net\/portal\/paroco-da-igreja-matriz-de-santa-rita-de-cassia-em-itabuna-celebra-aniversario-de-ordenacao-sacerdotal\/\">Continue Reading<\/a><\/p>\n","protected":false},"author":2,"featured_media":69359,"comment_status":"open","ping_status":"open","sticky":false,"template":"","format":"standard","meta":{"footnotes":""},"categories":[4],"tags":[],"class_list":["post-69358","post","type-post","status-publish","format-standard","has-post-thumbnail","hentry","category-destaques"],"_links":{"self":[{"href":"https:\/\/portalcatolico.net\/portal\/wp-json\/wp\/v2\/posts\/69358","targetHints":{"allow":["GET"]}}],"collection":[{"href":"https:\/\/portalcatolico.net\/portal\/wp-json\/wp\/v2\/posts"}],"about":[{"href":"https:\/\/portalcatolico.net\/portal\/wp-json\/wp\/v2\/types\/post"}],"author":[{"embeddable":true,"href":"https:\/\/portalcatolico.net\/portal\/wp-json\/wp\/v2\/users\/2"}],"replies":[{"embeddable":true,"href":"https:\/\/portalcatolico.net\/portal\/wp-json\/wp\/v2\/comments?post=69358"}],"version-history":[{"count":1,"href":"https:\/\/portalcatolico.net\/portal\/wp-json\/wp\/v2\/posts\/69358\/revisions"}],"predecessor-version":[{"id":69360,"href":"https:\/\/portalcatolico.net\/portal\/wp-json\/wp\/v2\/posts\/69358\/revisions\/69360"}],"wp:featuredmedia":[{"embeddable":true,"href":"https:\/\/portalcatolico.net\/portal\/wp-json\/wp\/v2\/media\/69359"}],"wp:attachment":[{"href":"https:\/\/portalcatolico.net\/portal\/wp-json\/wp\/v2\/media?parent=69358"}],"wp:term":[{"taxonomy":"category","embeddable":true,"href":"https:\/\/portalcatolico.net\/portal\/wp-json\/wp\/v2\/categories?post=69358"},{"taxonomy":"post_tag","embeddable":true,"href":"https:\/\/portalcatolico.net\/portal\/wp-json\/wp\/v2\/tags?post=69358"}],"curies":[{"name":"wp","href":"https:\/\/api.w.org\/{rel}","templated":true}]}}