{"id":69076,"date":"2020-04-26T14:29:37","date_gmt":"2020-04-26T17:29:37","guid":{"rendered":"http:\/\/portalcatolico.net\/portal\/?p=69076"},"modified":"2020-04-26T14:29:37","modified_gmt":"2020-04-26T17:29:37","slug":"em-um-dia-como-hoje-era-celebrada-a-primeira-missa-do-pais-mais-catolico-do-mundo","status":"publish","type":"post","link":"https:\/\/portalcatolico.net\/portal\/em-um-dia-como-hoje-era-celebrada-a-primeira-missa-do-pais-mais-catolico-do-mundo\/","title":{"rendered":"Em um dia como hoje era celebrada a primeira Missa do pa\u00eds mais cat\u00f3lico do mundo"},"content":{"rendered":"<p>H\u00e1 520 anos, no dia 26 de abril de 1500 \u2013 domingo da oitava de P\u00e1scoa \u2013, era celebrada a primeira&nbsp;Missa&nbsp;daquele que viria a ser o pa\u00eds com o maior n\u00famero de cat\u00f3licos batizados no mundo, o Brasil.<\/p>\n<p>A Santa Missa foi presidida por Frei Henrique de Coimbra e concelebrada por outros sacerdotes em Santa Cruz Cabr\u00e1lia, litoral sul da Bahia, sobre o ilh\u00e9u da Coroa Vermelha.<\/p>\n<p>Em sua carta ao rei Dom Manuel, o escriv\u00e3o Pero Vaz de Caminha descreveu a celebra\u00e7\u00e3o feita em um \u201caltar mui bem arranjado\u201d e que, segundo observou, \u201cfoi ouvida por todos com muito prazer e devo\u00e7\u00e3o\u201d.<\/p>\n<p>Os portugueses chegaram ao Brasil em 22 de abril de 1500, nas 13 caravelas lideradas por Pedro Alvares Cabral, o qual, avistando do mar um monte, chamou-o de Monte Pascoal, por ser oitava de P\u00e1scoa. \u00c0quela terra, inicialmente, colocou o nome Terra de Vera Cruz.<\/p>\n<p>Ap\u00f3s desembarcarem em terra firme e terem os primeiros contatos com os \u00edndios, seguiram a bordo de suas caravelas para um lugar mais protegido, parando na praia da Coroa Vermelha. Foi neste local que celebraram a Santa Missa.<\/p>\n<p>Terminada a celebra\u00e7\u00e3o, conforme relata Pero Vaz de Caminha, o sacerdote subiu em uma cadeira alta e \u201cpregou uma solene e proveitosa prega\u00e7\u00e3o, da hist\u00f3ria evang\u00e9lica; e no fim tratou da nossa&nbsp;vida, e do achamento desta terra, referindo-se \u00e0 Cruz, sob cuja obedi\u00eancia viemos, que veio muito a prop\u00f3sito, e fez muita devo\u00e7\u00e3o\u201d.<\/p>\n<p>Conforme indicam os relatos, o escriv\u00e3o Caminha acreditava que a convers\u00e3o dos \u00edndios seria f\u00e1cil, pois demonstraram respeito quanto \u00e0 religi\u00e3o. Neste sentido, pediu ao rei que enviasse logo cl\u00e9rigos para batiz\u00e1-los.<\/p>\n<p>A representa\u00e7\u00e3o mais famosa da celebra\u00e7\u00e3o \u00e9 o quadro \u201cA Primeira Missa no Brasil\u201c, feito em 1861 pelo pintor catarinense Victor Meirelles de Lima.<\/p>\n<p>Ap\u00f3s esta, a segunda Missa foi celebrada no dia 1\u00ba de maio, na foz do rio Mutar\u00ed. Os anos se passaram e, hoje, o Brasil \u00e9 o pa\u00eds com o maior n\u00famero de cat\u00f3licos batizados no mundo.<\/p>\n<p>Segundo o Anu\u00e1rio Pontif\u00edcio 2018 e o Anu\u00e1rio Estat\u00edstico da&nbsp;Igreja&nbsp;2016, no Brasil vivem 173,6 milh\u00f5es de cat\u00f3licos, o que representa 13,3% de fi\u00e9is do mundo e 27,5% da Am\u00e9rica do Sul.(ACI)<\/p>\n<p>Primeira Missa no Brasil, quadro de Victor Meirelles \/ Imagem: Dom\u00ednio p\u00fablico<\/p>\n","protected":false},"excerpt":{"rendered":"<p>H\u00e1 520 anos, no dia 26 de abril de 1500 \u2013 domingo da oitava de P\u00e1scoa \u2013, era celebrada a primeira&nbsp;Missa&nbsp;daquele que viria a ser o pa\u00eds com o maior n\u00famero de cat\u00f3licos batizados no mundo, o Brasil. A Santa Missa foi presidida por Frei Henrique de Coimbra e concelebrada por outros sacerdotes em Santa&nbsp;<\/p>\n<p><a class=\"btn btn-style\" href=\"https:\/\/portalcatolico.net\/portal\/em-um-dia-como-hoje-era-celebrada-a-primeira-missa-do-pais-mais-catolico-do-mundo\/\">Continue Reading<\/a><\/p>\n","protected":false},"author":2,"featured_media":69077,"comment_status":"open","ping_status":"open","sticky":false,"template":"","format":"standard","meta":{"footnotes":""},"categories":[3],"tags":[],"class_list":["post-69076","post","type-post","status-publish","format-standard","has-post-thumbnail","hentry","category-noticias_regionais"],"_links":{"self":[{"href":"https:\/\/portalcatolico.net\/portal\/wp-json\/wp\/v2\/posts\/69076","targetHints":{"allow":["GET"]}}],"collection":[{"href":"https:\/\/portalcatolico.net\/portal\/wp-json\/wp\/v2\/posts"}],"about":[{"href":"https:\/\/portalcatolico.net\/portal\/wp-json\/wp\/v2\/types\/post"}],"author":[{"embeddable":true,"href":"https:\/\/portalcatolico.net\/portal\/wp-json\/wp\/v2\/users\/2"}],"replies":[{"embeddable":true,"href":"https:\/\/portalcatolico.net\/portal\/wp-json\/wp\/v2\/comments?post=69076"}],"version-history":[{"count":1,"href":"https:\/\/portalcatolico.net\/portal\/wp-json\/wp\/v2\/posts\/69076\/revisions"}],"predecessor-version":[{"id":69078,"href":"https:\/\/portalcatolico.net\/portal\/wp-json\/wp\/v2\/posts\/69076\/revisions\/69078"}],"wp:featuredmedia":[{"embeddable":true,"href":"https:\/\/portalcatolico.net\/portal\/wp-json\/wp\/v2\/media\/69077"}],"wp:attachment":[{"href":"https:\/\/portalcatolico.net\/portal\/wp-json\/wp\/v2\/media?parent=69076"}],"wp:term":[{"taxonomy":"category","embeddable":true,"href":"https:\/\/portalcatolico.net\/portal\/wp-json\/wp\/v2\/categories?post=69076"},{"taxonomy":"post_tag","embeddable":true,"href":"https:\/\/portalcatolico.net\/portal\/wp-json\/wp\/v2\/tags?post=69076"}],"curies":[{"name":"wp","href":"https:\/\/api.w.org\/{rel}","templated":true}]}}