{"id":69069,"date":"2020-04-24T00:37:41","date_gmt":"2020-04-24T03:37:41","guid":{"rendered":"http:\/\/portalcatolico.net\/portal\/?p=69069"},"modified":"2020-04-23T21:39:29","modified_gmt":"2020-04-24T00:39:29","slug":"o-paradoxo-das-relacoes-humanas-em-tempos-de-covid-19","status":"publish","type":"post","link":"https:\/\/portalcatolico.net\/portal\/o-paradoxo-das-relacoes-humanas-em-tempos-de-covid-19\/","title":{"rendered":"O paradoxo das rela\u00e7\u00f5es humanas em tempos de Covid-19"},"content":{"rendered":"<p><b><i>\u201cEssa noite eu tive um sonho de sonhador \/ Maluco que eu sou sonhei \/ Com o dia em que a Terra parou [&#8230;]\u201d.<\/i><\/b><\/p>\n<p>O trecho foi extra\u00eddo da m\u00fasica&nbsp;<b>&#8216;O dia em que a Terra parou&#8217;<\/b>, lan\u00e7ada em 1977 por&nbsp;<b>Raul Seixas&nbsp;<\/b>(1945-1989), e poderia ser apenas mais uma bela can\u00e7\u00e3o desse grande cantor e compositor nacional,&nbsp;<b>n\u00e3o fosse pela situa\u00e7\u00e3o de isolamento mundial que vivemos<\/b>&nbsp;no momento, em raz\u00e3o da&nbsp;<b>pandemia do novo coronav\u00edrus.<\/b><\/p>\n<p>Se Raul Seixas j\u00e1 estava&nbsp;<b>prevendo algo<\/b>, como apregoado por alguns, \u00e9 imposs\u00edvel saber (e acredito que,&nbsp;<b>provavelmente, n\u00e3o<\/b>). \u00c9 ineg\u00e1vel, por\u00e9m,&nbsp;<b>a semelhan\u00e7a da letra com o sil\u00eancio que impera<\/b>&nbsp;sobre muitas ruas e avenidas em v\u00e1rias partes do mundo:&nbsp;<b><i>\u201cFoi assim \/ No dia em que todas as pessoas \/ Do planeta inteiro \/ Resolveram que ningu\u00e9m ia sair de casa \/ Como que se fosse combinado em todo o planeta \/ Naquele dia, ningu\u00e9m saiu de casa, ningu\u00e9m\u201d<\/i><\/b>, diz outro trecho da m\u00fasica, que segue a refor\u00e7ar a similaridade com o atual cotidiano,&nbsp;<b>salvo exce\u00e7\u00f5es daqueles que atuam na \u00e1rea da sa\u00fade e aliment\u00edcia<\/b>, por exemplo, e t\u00eam-se demonstrado<b>&nbsp;verdadeiros her\u00f3is<\/b>&nbsp;em prol da humanidade.<\/p>\n<p>Para muitas pessoas, em todo o mundo, mesmo pertencentes \u00e0s gera\u00e7\u00f5es mais velhas,&nbsp;<b>a r\u00e1pida mudan\u00e7a na rotina de bilh\u00f5es de seres humanos<\/b>&nbsp;em quest\u00e3o de dias, com o fechamento de quase todos os locais p\u00fablicos, a determina\u00e7\u00e3o da perman\u00eancia constante em casa, entre outras quest\u00f5es,&nbsp;<b>parecia um cen\u00e1rio apocal\u00edptico.<\/b>&nbsp;Isso sem contar a&nbsp;<b>enxurrada de informa\u00e7\u00f5es midi\u00e1ticas<\/b>&nbsp;que nos atualizam, a todo o momento, sobre o n\u00famero de infectados e mortos em raz\u00e3o da&nbsp;<b>Covid-19,<\/b>&nbsp;para desespero de muitos.<\/p>\n<div class=\"image\" contenteditable=\"false\"><img decoding=\"async\" title=\"\" src=\"https:\/\/www.a12.com\/source\/files\/originals\/shutterstock_131917469.jpg\" alt=\"\" data-id=\"135885\"><\/div>\n<p>Em meio a tudo isso, outros notici\u00e1rios tamb\u00e9m come\u00e7am a chamar a aten\u00e7\u00e3o, como&nbsp;<b>\u201cPolui\u00e7\u00e3o atmosf\u00e9rica cai mundo afora com a pandemia de Covid-19\u201d<\/b>, segundo publicado no site da&nbsp;<b>Superinteressante<\/b>, ou ainda,&nbsp;<b>\u201cCoronav\u00edrus interrompe touradas e 120 touros j\u00e1 est\u00e3o salvos na Espanha\u201d<\/b>, de acordo com o site&nbsp;<b>Olhar Animal<\/b>. E outras, n\u00e3o menos importantes, como aqueles que saem, a todo o momento,<b>&nbsp;ressaltando o empenho de cientistas, de nacionalidades distintas, em frear o avan\u00e7o do coronav\u00edrus<\/b>&nbsp;e refor\u00e7ando, mais uma vez, a relev\u00e2ncia de&nbsp;<b>destinar verbas para as pesquisas cient\u00edficas e n\u00e3o cort\u00e1-las.<\/b><\/p>\n<p><b>N\u00e3o podemos dizer que a Terra parou<\/b>, literalmente, mas, com certeza, podemos afirmar que&nbsp;<b>ela mudou radicalmente<\/b>. A engrenagem que se movimentava r\u00e1pida e incessantemente, desta vez, cessou e&nbsp;<b>alterou, por completo, as rela\u00e7\u00f5es humanas<\/b>. Viv\u00edamos reclamando que as 24 horas do dia nunca eram suficientes para lidarmos com o nosso turbilh\u00e3o de atividades di\u00e1rias. Mas, agora,<b>&nbsp;somos obrigados a lidar com muito mais do que 24 horas, confinados em nossas casas.<\/b><\/p>\n<p>N\u00f3s reclam\u00e1vamos que&nbsp;<b>a tecnologia estava destruindo o contato f\u00edsico<\/b>, pois nunca estivemos t\u00e3o cercados de \u2018amigos\u2019 virtuais e t\u00e3o isolados em nossas bolhas, afinal,&nbsp;<b>conversas sup\u00e9rfluas n\u00e3o preenchiam os vazios existenciais, fomentados pela falta de uma rela\u00e7\u00e3o humana com aqueles com quem dividimos o mesmo teto.<\/b>&nbsp;Todavia, agora,&nbsp;<b>ganhamos a oportunidade de conhecer essas pessoas.<\/b>&nbsp;Isso mesmo!&nbsp;<b>Quantos casais e fam\u00edlias n\u00e3o se conhecem ainda, apesar de viverem no mesmo ambiente, por\u00e9m estarem separados pelo abismo do trabalho, da tecnologia, do lazer, etc.?<\/b><\/p>\n<div class=\"image\" contenteditable=\"false\"><span class=\"image__credit\">Shutterstock<\/span><br \/>\n<img decoding=\"async\" title=\"Shutterstock\" src=\"https:\/\/www.a12.com\/source\/files\/originals\/Saudade_paisagem_horizonte-853518.jpg\" alt=\"Shutterstock\" data-id=\"206573\"><\/div>\n<p>E a mesma&nbsp;<b>tecnologia<\/b>&nbsp;que criticamos h\u00e1 pouco,&nbsp;<b>nunca foi t\u00e3o usada para matar a saudade daqueles que n\u00e3o convivem conosco<\/b>, por meio de chamadas de v\u00eddeo, j\u00e1 que, h\u00e1 dias, muitos av\u00f3s n\u00e3o pegam seus netos no colo, pais n\u00e3o abra\u00e7am seus filhos e namorados n\u00e3o beijam suas amadas.&nbsp;<b>Quem diria que tudo isso seria causado por um ser invis\u00edvel?&nbsp;<\/b>Mas n\u00e3o dizem que<b>&nbsp;&#8220;\u00e9 no sil\u00eancio que o caos maior se instala&#8221;<\/b>, pois, sem o barulho, n\u00e3o o percebemos chegar?<\/p>\n<p><b>Quando \u00edamos \u00e0 missa, question\u00e1vamos o tempo da homilia, fal\u00e1vamos dos outros, r\u00edamos de alguns e, agora, reclamamos dos templos e das igrejas fechadas.<\/b><\/p>\n<p>Mas, por qu\u00ea? Se, quando estes estavam abertos, n\u00e3o pratic\u00e1vamos os ensinamentos de Cristo.&nbsp;<b>\u00c9ramos hip\u00f3critas!&nbsp;<\/b>E, por ironia do destino, mais uma vez, a tecnologia vem auxiliar-nos com a&nbsp;<b>transmiss\u00e3o de celebra\u00e7\u00f5es on-line<\/b>&nbsp;e, quem sabe agora, n\u00e3o consigamos, at\u00e9,&nbsp;<b>viv\u00ea-las melhor<\/b>, no sil\u00eancio de nossa casa, tendo a oportunidade de vivenciar um encontro que evitamos o tempo todo e que a&nbsp;<b>Covid-19<\/b>&nbsp;nos proporcionou:<b>&nbsp;o encontro com o \u2018eu\u2019 interior e com tudo que ele nos d\u00e1 direito, nossos defeitos, medos e ang\u00fastias.<\/b><\/p>\n<p>Afinal, reclamamos que n\u00e3o temos roupas para sair, por\u00e9m, agora, sequer podemos us\u00e1-las para ir a algum lugar; que somos sozinhos, mas, agora, realmente, podemos vivenciar tal sensa\u00e7\u00e3o como nunca antes, que nunca temos tempo para nada, e agora dispomos de bastante.&nbsp;<b>Em meio a tudo isso, seria interessante observar as m\u00eddias noticiarem \u201cFam\u00edlias se conhecem pela primeira vez dentro de casa\u201d, \u201cO ser humano descobre o essencial da vida\u201d..<\/b>, e tudo proporcionado por um v\u00edrus, o&nbsp;<b>v\u00edrus do isolamento<\/b>.<\/p>\n<p><b>Precisamos ficar sozinhos para descobrir o valor da uni\u00e3o. Eis o paradoxo das rela\u00e7\u00f5es humanas!<\/b><\/p>\n<p>Escrito por: Mariana Mascarenhas &#8211; Reda\u00e7\u00e3o A12.com<\/p>\n<p>Mariana da Cruz Mascarenhas \u00e9 Jornalista e Mestra em Ci\u00eancias Humanas. Atua como Assessora de Comunica\u00e7\u00e3o e como Articulista de M\u00eddias Sociais, economia e cultura.<\/p>\n","protected":false},"excerpt":{"rendered":"<p>\u201cEssa noite eu tive um sonho de sonhador \/ Maluco que eu sou sonhei \/ Com o dia em que a Terra parou [&#8230;]\u201d. O trecho foi extra\u00eddo da m\u00fasica&nbsp;&#8216;O dia em que a Terra parou&#8217;, lan\u00e7ada em 1977 por&nbsp;Raul Seixas&nbsp;(1945-1989), e poderia ser apenas mais uma bela can\u00e7\u00e3o desse grande cantor e compositor nacional,&nbsp;n\u00e3o&nbsp;<\/p>\n<p><a class=\"btn btn-style\" href=\"https:\/\/portalcatolico.net\/portal\/o-paradoxo-das-relacoes-humanas-em-tempos-de-covid-19\/\">Continue Reading<\/a><\/p>\n","protected":false},"author":2,"featured_media":69070,"comment_status":"open","ping_status":"open","sticky":false,"template":"","format":"standard","meta":{"footnotes":""},"categories":[69],"tags":[],"class_list":["post-69069","post","type-post","status-publish","format-standard","has-post-thumbnail","hentry","category-artigos"],"_links":{"self":[{"href":"https:\/\/portalcatolico.net\/portal\/wp-json\/wp\/v2\/posts\/69069","targetHints":{"allow":["GET"]}}],"collection":[{"href":"https:\/\/portalcatolico.net\/portal\/wp-json\/wp\/v2\/posts"}],"about":[{"href":"https:\/\/portalcatolico.net\/portal\/wp-json\/wp\/v2\/types\/post"}],"author":[{"embeddable":true,"href":"https:\/\/portalcatolico.net\/portal\/wp-json\/wp\/v2\/users\/2"}],"replies":[{"embeddable":true,"href":"https:\/\/portalcatolico.net\/portal\/wp-json\/wp\/v2\/comments?post=69069"}],"version-history":[{"count":4,"href":"https:\/\/portalcatolico.net\/portal\/wp-json\/wp\/v2\/posts\/69069\/revisions"}],"predecessor-version":[{"id":69074,"href":"https:\/\/portalcatolico.net\/portal\/wp-json\/wp\/v2\/posts\/69069\/revisions\/69074"}],"wp:featuredmedia":[{"embeddable":true,"href":"https:\/\/portalcatolico.net\/portal\/wp-json\/wp\/v2\/media\/69070"}],"wp:attachment":[{"href":"https:\/\/portalcatolico.net\/portal\/wp-json\/wp\/v2\/media?parent=69069"}],"wp:term":[{"taxonomy":"category","embeddable":true,"href":"https:\/\/portalcatolico.net\/portal\/wp-json\/wp\/v2\/categories?post=69069"},{"taxonomy":"post_tag","embeddable":true,"href":"https:\/\/portalcatolico.net\/portal\/wp-json\/wp\/v2\/tags?post=69069"}],"curies":[{"name":"wp","href":"https:\/\/api.w.org\/{rel}","templated":true}]}}