{"id":69058,"date":"2020-04-24T00:09:56","date_gmt":"2020-04-24T03:09:56","guid":{"rendered":"http:\/\/portalcatolico.net\/portal\/?p=69058"},"modified":"2020-04-23T21:10:19","modified_gmt":"2020-04-24T00:10:19","slug":"dom-mario-pede-a-uniao-de-todos-para-que-a-acao-solidaria-chegue-aos-mais-necessitam","status":"publish","type":"post","link":"https:\/\/portalcatolico.net\/portal\/dom-mario-pede-a-uniao-de-todos-para-que-a-acao-solidaria-chegue-aos-mais-necessitam\/","title":{"rendered":"Dom M\u00e1rio pede a uni\u00e3o de todos para que a a\u00e7\u00e3o solid\u00e1ria chegue aos mais necessitam"},"content":{"rendered":"<p>A liturgia deste domingo, 26 de abril, relata que Jesus ressuscitado est\u00e1 sempre presente em todas as situa\u00e7\u00f5es da nossa vida. &nbsp;O epis\u00f3dio de Ema\u00fas \u00e9 uma s\u00edntese do que se vivencia em cada Eucaristia: celebrar a presen\u00e7a de Jesus na vida de cada um de n\u00f3s atrav\u00e9s da escuta da sua Palavra e da partilha do p\u00e3o.<\/p>\n<p>A pandemia do coronav\u00edrus tomou conta do mundo, mas multiplicou a solidariedade com os mais necessitados e despertou nas pessoas ainda mais o amor verdadeiro de Jesus ressuscitado, que s\u00f3 pode ser reconhecido em nosso meio atrav\u00e9s da partilha do p\u00e3o.<\/p>\n<p>Nesse sentido, a A\u00e7\u00e3o Solid\u00e1ria Emergencial da Igreja no Brasil, uma a\u00e7\u00e3o nacional da Confer\u00eancia Nacional dos Bispos do Brasil (CNBB) em parceria com a C\u00e1ritas Brasileira tem arrecadado alimentos, produtos de higiene e limpeza. Al\u00e9m de oferecer ajuda no campo religioso, humano e emocional.<\/p>\n<p>O bispo de Roraima (RR) e segundo-vice presidente da CNBB, dom M\u00e1rio Ant\u00f4nio, convoca a uni\u00e3o de todos para que a ajuda solid\u00e1ria possa chegar aos que de fato mais necessitam.<\/p>\n<p><em>\u201c\u00c9 tempo de solidariedade, \u00e9 tempo de cuidado e que possamos nessa atitude humano crist\u00e3 testemunhar a Ressurrei\u00e7\u00e3o de Jesus ajudando os mais necessitados\u201d, ressalta.<\/em><\/p>\n<p>Com essa campanha que tem como lema \u2018\u00c9 tempo de cuidar\u2019 para estimular a solidariedade, a CNBB se une a diversas campanhas e projetos de solidariedade que j\u00e1 est\u00e3o em curso pelo pa\u00eds.<\/p>\n<p>Fonte:CNBB<\/p>\n<p><strong>Veja o v\u00eddeo:<\/strong><\/p>\n<p><iframe loading=\"lazy\"  id=\"_ytid_74489\"  width=\"480\" height=\"270\"  data-origwidth=\"480\" data-origheight=\"270\" src=\"https:\/\/www.youtube.com\/embed\/OWY6BRAyGWc?enablejsapi=1&#038;autoplay=0&#038;cc_load_policy=0&#038;cc_lang_pref=&#038;iv_load_policy=1&#038;loop=0&#038;rel=1&#038;fs=1&#038;playsinline=0&#038;autohide=2&#038;theme=dark&#038;color=red&#038;controls=1&#038;disablekb=0&#038;\" class=\"__youtube_prefs__  epyt-is-override  no-lazyload\" title=\"YouTube player\"  allow=\"fullscreen; accelerometer; autoplay; clipboard-write; encrypted-media; gyroscope; picture-in-picture; web-share\" referrerpolicy=\"strict-origin-when-cross-origin\" allowfullscreen data-no-lazy=\"1\" data-skipgform_ajax_framebjll=\"\"><\/iframe><\/p>\n","protected":false},"excerpt":{"rendered":"<p>A liturgia deste domingo, 26 de abril, relata que Jesus ressuscitado est\u00e1 sempre presente em todas as situa\u00e7\u00f5es da nossa vida. &nbsp;O epis\u00f3dio de Ema\u00fas \u00e9 uma s\u00edntese do que se vivencia em cada Eucaristia: celebrar a presen\u00e7a de Jesus na vida de cada um de n\u00f3s atrav\u00e9s da escuta da sua Palavra e da&nbsp;<\/p>\n<p><a class=\"btn btn-style\" href=\"https:\/\/portalcatolico.net\/portal\/dom-mario-pede-a-uniao-de-todos-para-que-a-acao-solidaria-chegue-aos-mais-necessitam\/\">Continue Reading<\/a><\/p>\n","protected":false},"author":2,"featured_media":69059,"comment_status":"open","ping_status":"open","sticky":false,"template":"","format":"standard","meta":{"footnotes":""},"categories":[3],"tags":[],"class_list":["post-69058","post","type-post","status-publish","format-standard","has-post-thumbnail","hentry","category-noticias_regionais"],"_links":{"self":[{"href":"https:\/\/portalcatolico.net\/portal\/wp-json\/wp\/v2\/posts\/69058","targetHints":{"allow":["GET"]}}],"collection":[{"href":"https:\/\/portalcatolico.net\/portal\/wp-json\/wp\/v2\/posts"}],"about":[{"href":"https:\/\/portalcatolico.net\/portal\/wp-json\/wp\/v2\/types\/post"}],"author":[{"embeddable":true,"href":"https:\/\/portalcatolico.net\/portal\/wp-json\/wp\/v2\/users\/2"}],"replies":[{"embeddable":true,"href":"https:\/\/portalcatolico.net\/portal\/wp-json\/wp\/v2\/comments?post=69058"}],"version-history":[{"count":1,"href":"https:\/\/portalcatolico.net\/portal\/wp-json\/wp\/v2\/posts\/69058\/revisions"}],"predecessor-version":[{"id":69060,"href":"https:\/\/portalcatolico.net\/portal\/wp-json\/wp\/v2\/posts\/69058\/revisions\/69060"}],"wp:featuredmedia":[{"embeddable":true,"href":"https:\/\/portalcatolico.net\/portal\/wp-json\/wp\/v2\/media\/69059"}],"wp:attachment":[{"href":"https:\/\/portalcatolico.net\/portal\/wp-json\/wp\/v2\/media?parent=69058"}],"wp:term":[{"taxonomy":"category","embeddable":true,"href":"https:\/\/portalcatolico.net\/portal\/wp-json\/wp\/v2\/categories?post=69058"},{"taxonomy":"post_tag","embeddable":true,"href":"https:\/\/portalcatolico.net\/portal\/wp-json\/wp\/v2\/tags?post=69058"}],"curies":[{"name":"wp","href":"https:\/\/api.w.org\/{rel}","templated":true}]}}