{"id":68984,"date":"2020-04-17T21:24:41","date_gmt":"2020-04-18T00:24:41","guid":{"rendered":"http:\/\/portalcatolico.net\/portal\/?p=68984"},"modified":"2020-04-17T21:25:07","modified_gmt":"2020-04-18T00:25:07","slug":"emergencia-pandemia-e-a-saudade-da-comunidade-em-carne-e-osso","status":"publish","type":"post","link":"https:\/\/portalcatolico.net\/portal\/emergencia-pandemia-e-a-saudade-da-comunidade-em-carne-e-osso\/","title":{"rendered":"Emerg\u00eancia pandemia e a saudade da comunidade em carne e osso"},"content":{"rendered":"<div class=\"article__subTitle\">Homilia do Papa na Santa Marta: \u201cA familiaridade dos crist\u00e3os com o Senhor \u00e9 sempre comunit\u00e1ria. \u00c9 pessoal, mas em comunidade. Uma familiaridade sem comunidade, sem p\u00e3o, sem a Igreja, sem o povo, sem os sacramentos, \u00e9 perigosa.\u201d<\/div>\n<div>&nbsp;<\/div>\n<div>\u201cUma familiaridade sem comunidade, sem p\u00e3o, sem a Igreja, sem o povo, sem os sacramentos, \u00e9 perigosa.\u201d Francisco, na homilia da missa matutina na Santa Marta, encontro que acompanha e conforta milh\u00f5es de pessoas neste per\u00edodo de isolamento for\u00e7ado e ajuda a manter as comunidades unidas, falou do risco de uma f\u00e9 vivida de maneira \u00edntima. A reflex\u00e3o do Papa parte da hist\u00f3ria do Evangelho de Jo\u00e3o: Jesus, que espera os disc\u00edpulos na margem do lago de Tiber\u00edades, entret\u00e9m-se com eles e come com eles o peixe assado na brasa. \u00c9 uma familiaridade que passa atrav\u00e9s do estar \u00e0 mesa discutindo juntos.<\/div>\n<div class=\"title__separator\">\n<p>A do crist\u00e3o, explicou Francisco, \u00e9 \u201cuma familiaridade cotidiana com o Senhor\u201d, como a de quem se senta \u00e0 mesa para tomar caf\u00e9 da manh\u00e3 e falar naturalmente do que est\u00e1 em seu cora\u00e7\u00e3o. Uma familiaridade que \u00e9 sempre comunit\u00e1ria, mesmo sendo pessoal e \u00edntima. Porque uma familiaridade sem comunidade, sem rela\u00e7\u00f5es humanas, sem a partilha do p\u00e3o, sem os sacramentos, pode correr o risco de se tornar \u201cgn\u00f3stica\u201d, evanescente. Isto \u00e9, ser reduzida a \u201cuma familiaridade apenas para mim, separada do povo de Deus\u201d. Enquanto a vivida pelos ap\u00f3stolos com Jesus sempre foi uma familiaridade comunit\u00e1ria, vivida \u00e0 mesa, sinal de comunidade, \u201ccom o Sacramento, com o p\u00e3o\u201d.<\/p>\n<p>O isolamento a que somos obrigados neste momento devido \u00e0 pandemia e a impossibilidade de participar da celebra\u00e7\u00e3o eucar\u00edstica nesta situa\u00e7\u00e3o de emerg\u00eancia, n\u00e3o devem trazer o risco de nos acostumar a viver uma f\u00e9 \u00edntima. Hoje, milh\u00f5es de pessoas se conectam atrav\u00e9s dos meios de comunica\u00e7\u00e3o para tentar viver sua perten\u00e7a \u00e0 comunidade; est\u00e3o juntas atrav\u00e9s de uma tela, sem estarem fisicamente. Uma modalidade necess\u00e1ria, neste momento, a \u00fanica poss\u00edvel na emerg\u00eancia que todos esperamos que termine em breve.<\/p>\n<p>Mas isso n\u00e3o pode nos fazer esquecer que a Igreja, os Sacramentos, o povo de Deus s\u00e3o concretos. A familiaridade vivida atrav\u00e9s dos meios de comunica\u00e7\u00e3o \u00e9 uma ajuda e representa hoje, explica o Papa, uma maneira de \u201csair do t\u00fanel, n\u00e3o de permancer\u201d. Portanto, Francisco nos convida a n\u00e3o considerar essa modalidade normal, que tamb\u00e9m tem trazido conforto a muitas pessoas nas \u00faltimas semanas, apoiando-as na solid\u00e3o e na prova\u00e7\u00e3o. De fato, os crist\u00e3os est\u00e3o inseridos na comunidade, no povo de Deus. Um povo de carne e osso que parte o p\u00e3o, ouve a Palavra, partilha na caridade e anuncia a alegria do Evangelho de pessoa a pessoa, atrav\u00e9s do testemunho da vida e da proximidade concreta.<\/p>\n<p>Um povo que sabe explorar de forma criativa todas as oportunidades oferecidas pelas novas tecnologias para manter-se em contato e alcan\u00e7ar aqueles que est\u00e3o sozinhos, sempre esperando, quando poss\u00edvel, poder encontrar-se fisicamente em torno da mesa eucar\u00edstica. Um povo que se sente acompanhado cotidianamente pelo Papa e que olha com gratid\u00e3o aos muitos sacerdotes, religiosas, volunt\u00e1rios que nesses dias encontraram maneiras de estar concretamente pr\u00f3ximos aos moribundos, doentes, descartados, colocando em risco suas vidas e, em muitos casos, at\u00e9 sacrificando-as.<\/p>\n<p>Por:Andrea Tornielli\/Vatican News<\/p>\n<\/div>\n<div class=\"article__text\">\n<p>&nbsp;<\/p>\n<\/div>\n","protected":false},"excerpt":{"rendered":"<p>Homilia do Papa na Santa Marta: \u201cA familiaridade dos crist\u00e3os com o Senhor \u00e9 sempre comunit\u00e1ria. \u00c9 pessoal, mas em comunidade. Uma familiaridade sem comunidade, sem p\u00e3o, sem a Igreja, sem o povo, sem os sacramentos, \u00e9 perigosa.\u201d &nbsp; \u201cUma familiaridade sem comunidade, sem p\u00e3o, sem a Igreja, sem o povo, sem os sacramentos, \u00e9&nbsp;<\/p>\n<p><a class=\"btn btn-style\" href=\"https:\/\/portalcatolico.net\/portal\/emergencia-pandemia-e-a-saudade-da-comunidade-em-carne-e-osso\/\">Continue Reading<\/a><\/p>\n","protected":false},"author":2,"featured_media":68985,"comment_status":"open","ping_status":"open","sticky":false,"template":"","format":"standard","meta":{"footnotes":""},"categories":[5],"tags":[],"class_list":["post-68984","post","type-post","status-publish","format-standard","has-post-thumbnail","hentry","category-igreja_no_mundo"],"_links":{"self":[{"href":"https:\/\/portalcatolico.net\/portal\/wp-json\/wp\/v2\/posts\/68984","targetHints":{"allow":["GET"]}}],"collection":[{"href":"https:\/\/portalcatolico.net\/portal\/wp-json\/wp\/v2\/posts"}],"about":[{"href":"https:\/\/portalcatolico.net\/portal\/wp-json\/wp\/v2\/types\/post"}],"author":[{"embeddable":true,"href":"https:\/\/portalcatolico.net\/portal\/wp-json\/wp\/v2\/users\/2"}],"replies":[{"embeddable":true,"href":"https:\/\/portalcatolico.net\/portal\/wp-json\/wp\/v2\/comments?post=68984"}],"version-history":[{"count":2,"href":"https:\/\/portalcatolico.net\/portal\/wp-json\/wp\/v2\/posts\/68984\/revisions"}],"predecessor-version":[{"id":68987,"href":"https:\/\/portalcatolico.net\/portal\/wp-json\/wp\/v2\/posts\/68984\/revisions\/68987"}],"wp:featuredmedia":[{"embeddable":true,"href":"https:\/\/portalcatolico.net\/portal\/wp-json\/wp\/v2\/media\/68985"}],"wp:attachment":[{"href":"https:\/\/portalcatolico.net\/portal\/wp-json\/wp\/v2\/media?parent=68984"}],"wp:term":[{"taxonomy":"category","embeddable":true,"href":"https:\/\/portalcatolico.net\/portal\/wp-json\/wp\/v2\/categories?post=68984"},{"taxonomy":"post_tag","embeddable":true,"href":"https:\/\/portalcatolico.net\/portal\/wp-json\/wp\/v2\/tags?post=68984"}],"curies":[{"name":"wp","href":"https:\/\/api.w.org\/{rel}","templated":true}]}}