{"id":68982,"date":"2020-04-18T00:26:14","date_gmt":"2020-04-18T03:26:14","guid":{"rendered":"http:\/\/portalcatolico.net\/portal\/?p=68982"},"modified":"2020-04-17T20:26:42","modified_gmt":"2020-04-17T23:26:42","slug":"reconstruir-a-esperanca","status":"publish","type":"post","link":"https:\/\/portalcatolico.net\/portal\/reconstruir-a-esperanca\/","title":{"rendered":"Reconstruir a esperan\u00e7a"},"content":{"rendered":"<p>As feridas expostas da sociedade mundial, suas pandemias, sinalizam enorme desafio: reconstruir a esperan\u00e7a. Entre as chagas enfrentadas pela civiliza\u00e7\u00e3o contempor\u00e2nea est\u00e1 um generalizado estado de desola\u00e7\u00e3o &#8211; falimento da esperan\u00e7a. Contundente \u00e9 a interroga\u00e7\u00e3o que requer urgente resposta: o que se pode esperar? E no desafio inscrito nessa pergunta, outro questionamento \u00e9 recorrente: em quem confiar? O desafio existencial de se encontrar sentido na vida soma-se ao grave problema de sa\u00fade da atualidade, a covid-19. A busca pelo sentido da vida &#8211; embora tratado na superficialidade do bem-estar e das futilidades alimentadas pela gan\u00e2ncia do dinheiro, da busca mesquinha&nbsp; por conforto &#8211; remete todos \u00e0 quest\u00e3o central da pr\u00f3pria exist\u00eancia. L\u00e1, neste ponto de partida e de chegada, est\u00e1 o nascedouro da esperan\u00e7a, o lugar onde cada pessoa encontra os fundamentos para se reconstruir e, ao mesmo tempo, aproximar-se da plenitude.<\/p>\n<p>A humanidade, ancorada em muitos avan\u00e7os tecnol\u00f3gicos e cient\u00edficos, admir\u00e1veis, mas alheia aos valores human\u00edsticos, revela o seu despreparo para realizar, com a necess\u00e1ria efici\u00eancia, sua tarefa primordial &#8211; reconstruir a esperan\u00e7a. &nbsp;E reverter esse d\u00e9ficit geral na qualifica\u00e7\u00e3o human\u00edstica exige alcan\u00e7ar a indispens\u00e1vel dimens\u00e3o da espiritualidade, ainda com t\u00e3o pouco espa\u00e7o no conjunto de reflex\u00f5es e pensamentos sobre a condu\u00e7\u00e3o do desenvolvimento da sociedade mundial. De modo pontual, aparecem grupos que se referem \u00e0 espiritualidade e, sem proselitismos, com profundidade transformadora, apresentam pr\u00e1ticas que ajudam a cultivar rica cosmovis\u00e3o, contribui\u00e7\u00e3o significativa para construir um mundo melhor.<\/p>\n<p>Mas a essencialidade da espiritualidade ainda n\u00e3o assomou ao seu adequado lugar, mesmo quando se requer a g\u00eanese de um novo tempo para a humanidade. E quando se diz que o mundo n\u00e3o poder\u00e1 ser o mesmo depois da pandemia da convid-19, pensa-se pouco sobre o papel decisivo da espiritualidade. Corre-se o risco de acreditar que basta simplesmente descobrir nova l\u00f3gica para a economia, sem considerar os equ\u00edvocos atuais. Ora, essa nova l\u00f3gica no contexto econ\u00f4mico, para superar o dom\u00ednio perverso do lucro e da idolatria do dinheiro, que se desdobra em consumo ilimitado e nos h\u00e1bitos ego\u00edstas, na desconsidera\u00e7\u00e3o dos pobres, requer profunda espiritualidade, eivada de humanismo, m\u00edstica e sentido de transcend\u00eancia.<\/p>\n<p>O distanciamento humano da espiritualidade resulta tamb\u00e9m em graves preju\u00edzos para o meio ambiente. Os recursos naturais s\u00e3o usufru\u00eddos de maneira extrativista e depredadora, o que faz crescer a mis\u00e9ria e os desequil\u00edbrios em todo o planeta. Com isso, a humanidade inteira sofre as consequ\u00eancias, a exemplo desta pandemia do coronav\u00edrus, que amea\u00e7a todos, sem distin\u00e7\u00e3o de status social ou nacionalidade. N\u00e3o se passar\u00e1 a uma nova p\u00e1gina da hist\u00f3ria sem que o mundo vivencie profunda espiritualidade, oportunidade para verdadeira transforma\u00e7\u00e3o social. Isto exige que a humanidade valorize a experi\u00eancia da contempla\u00e7\u00e3o e da m\u00edstica, caminhos para a reconstru\u00e7\u00e3o da esperan\u00e7a, alicerce de um novo modo de viver.<\/p>\n<p>Importante ressaltar: h\u00e1 um caminho que se camufla de aut\u00eantica espiritualidade, e ao inv\u00e9s disso centra-se na vaidade, objetiva exclusivamente a arrecada\u00e7\u00e3o e o ac\u00famulo de poder. Manipula at\u00e9 mesmo a Palavra de Deus. A pandemia que a humanidade enfrenta desmascara esses religiosos que difundem conceito equivocado sobre a f\u00e9, oferecida por eles como solu\u00e7\u00e3o m\u00e1gica para problemas. Incapazes de solucionar uma amea\u00e7a real e complexa, se calam, comprovando que, diferentemente de suas promessas, n\u00e3o t\u00eam o poder de realizar milagres \u2013 Deus n\u00e3o se deixa manipular.&nbsp; H\u00e1, ainda, os religiosos que promovem espetaculariza\u00e7\u00f5es, teatraliza\u00e7\u00f5es, evidenciando, tamb\u00e9m, despreparo espiritual e m\u00edstico. A seu modo, tamb\u00e9m oferecem solu\u00e7\u00f5es m\u00e1gicas para problemas complexos. &nbsp;<\/p>\n<p>Percebe-se um despreparo geral, fruto da car\u00eancia de uma espiritualidade profunda capaz de alimentar e reconstruir a verdadeira esperan\u00e7a. Consequentemente, proliferam os que promovem e os que buscam invencionices, bem distantes da riqueza do mist\u00e9rio da f\u00e9. Os que se apegam \u00e0s invencionices ficam ao redor dele, o rodeiam, mas mesmo diante da fonte, acabam por morrer de sede e de fome.&nbsp; Apegam-se \u00e0 ilus\u00f3ria sensa\u00e7\u00e3o de que a esperan\u00e7a se reconstr\u00f3i e se fortalece com certos espet\u00e1culos e pr\u00e1ticas inoportunas ou descontextualizadas. \u00c9 preciso retomar a dire\u00e7\u00e3o de uma qualificada espiritualidade. O primeiro passo \u00e9 vivenciar a ora\u00e7\u00e3o, que requer o sil\u00eancio, o salutar inc\u00f4modo de se observar, contemplando a pr\u00f3pria interioridade, \u00fanica garantia para o aut\u00eantico encontro com Deus. Uma viv\u00eancia da ora\u00e7\u00e3o bem diferente de pr\u00e1ticas devocionalistas, que produzem sensa\u00e7\u00f5es ef\u00eameras e momentaneamente geram certo conforto e bem-estar.<\/p>\n<p>A constru\u00e7\u00e3o da nova realidade que todos almejam exige longo caminho de aprendizagens, em que o essencial \u00e9 reconstruir a esperan\u00e7a, alicer\u00e7ada na espiritualidade daqueles que sabem orar, de verdade, para al\u00e9m de simples ritos ou de palavras. Contempla\u00e7\u00e3o e interioridade, pilares fundamentais da f\u00e9 e da pr\u00e1tica crist\u00e3 aut\u00eantica, s\u00e3o imprescind\u00edveis. Possibilitam alcan\u00e7ar nova sabedoria, enxergar os rumos novos exigidos pelos desafios atuais, a partir da vida interior. A verdadeira ora\u00e7\u00e3o \u00e9 essencial na reconstru\u00e7\u00e3o da esperan\u00e7a.<\/p>\n<p>Todos reconhe\u00e7am: mesmo que ningu\u00e9m ou\u00e7a, ou mesmo quando n\u00e3o se tem algu\u00e9m com quem falar, Deus sempre est\u00e1 presente. Ele sempre ouve, com Ele pode-se sempre falar. Deus ajuda quando a capacidade humana est\u00e1 esgotada e sem condi\u00e7\u00f5es para amparar. Mas poucos sabem escut\u00e1-Lo. &nbsp;Esperar Nele para superar os desesperos e tornar-se fonte de sabedoria para ajudar a consertar o mundo. A reconstru\u00e7\u00e3o da esperan\u00e7a requer a escuta de Deus, como sustento, tocando a interioridade, para qualific\u00e1-la, fazendo, de cada pessoa, testemunha fidedigna da esperan\u00e7a, protagonista neste processo de renova\u00e7\u00e3o da humanidade.<\/p>\n<p>&nbsp;<\/p>\n<p>Dom Walmor Oliveira de Azevedo<\/p>\n<p>Arcebispo metropolitano de Belo Horizonte (MG)<\/p>\n<p>Presidente da Confer\u00eancia Nacional dos Bispos do Brasil (CNBB)<\/p>\n","protected":false},"excerpt":{"rendered":"<p>As feridas expostas da sociedade mundial, suas pandemias, sinalizam enorme desafio: reconstruir a esperan\u00e7a. Entre as chagas enfrentadas pela civiliza\u00e7\u00e3o contempor\u00e2nea est\u00e1 um generalizado estado de desola\u00e7\u00e3o &#8211; falimento da esperan\u00e7a. Contundente \u00e9 a interroga\u00e7\u00e3o que requer urgente resposta: o que se pode esperar? E no desafio inscrito nessa pergunta, outro questionamento \u00e9 recorrente: em&nbsp;<\/p>\n<p><a class=\"btn btn-style\" href=\"https:\/\/portalcatolico.net\/portal\/reconstruir-a-esperanca\/\">Continue Reading<\/a><\/p>\n","protected":false},"author":2,"featured_media":64857,"comment_status":"open","ping_status":"open","sticky":false,"template":"","format":"standard","meta":{"footnotes":""},"categories":[69],"tags":[],"class_list":["post-68982","post","type-post","status-publish","format-standard","has-post-thumbnail","hentry","category-artigos"],"_links":{"self":[{"href":"https:\/\/portalcatolico.net\/portal\/wp-json\/wp\/v2\/posts\/68982","targetHints":{"allow":["GET"]}}],"collection":[{"href":"https:\/\/portalcatolico.net\/portal\/wp-json\/wp\/v2\/posts"}],"about":[{"href":"https:\/\/portalcatolico.net\/portal\/wp-json\/wp\/v2\/types\/post"}],"author":[{"embeddable":true,"href":"https:\/\/portalcatolico.net\/portal\/wp-json\/wp\/v2\/users\/2"}],"replies":[{"embeddable":true,"href":"https:\/\/portalcatolico.net\/portal\/wp-json\/wp\/v2\/comments?post=68982"}],"version-history":[{"count":1,"href":"https:\/\/portalcatolico.net\/portal\/wp-json\/wp\/v2\/posts\/68982\/revisions"}],"predecessor-version":[{"id":68983,"href":"https:\/\/portalcatolico.net\/portal\/wp-json\/wp\/v2\/posts\/68982\/revisions\/68983"}],"wp:featuredmedia":[{"embeddable":true,"href":"https:\/\/portalcatolico.net\/portal\/wp-json\/wp\/v2\/media\/64857"}],"wp:attachment":[{"href":"https:\/\/portalcatolico.net\/portal\/wp-json\/wp\/v2\/media?parent=68982"}],"wp:term":[{"taxonomy":"category","embeddable":true,"href":"https:\/\/portalcatolico.net\/portal\/wp-json\/wp\/v2\/categories?post=68982"},{"taxonomy":"post_tag","embeddable":true,"href":"https:\/\/portalcatolico.net\/portal\/wp-json\/wp\/v2\/tags?post=68982"}],"curies":[{"name":"wp","href":"https:\/\/api.w.org\/{rel}","templated":true}]}}