{"id":68979,"date":"2020-04-17T19:52:38","date_gmt":"2020-04-17T22:52:38","guid":{"rendered":"http:\/\/portalcatolico.net\/portal\/?p=68979"},"modified":"2020-04-17T19:52:38","modified_gmt":"2020-04-17T22:52:38","slug":"bispo-de-formosa-go-faz-celebracao-on-line-pelos-50-anos-do-encontro-de-casais-com-cristo","status":"publish","type":"post","link":"https:\/\/portalcatolico.net\/portal\/bispo-de-formosa-go-faz-celebracao-on-line-pelos-50-anos-do-encontro-de-casais-com-cristo\/","title":{"rendered":"Bispo de Formosa (GO) faz celebra\u00e7\u00e3o on-line pelos 50 anos do Encontro de Casais com Cristo"},"content":{"rendered":"<p>Neste s\u00e1bado, 18 de abril, o bispo da diocese de Formosa (GO) e assistente eclesi\u00e1stico nacional do Encontro de Casais com Cristo (ECC), dom Adair Jos\u00e9 Guimar\u00e3es, vai celebrar uma missa solene on-line pelos 50 anos de cria\u00e7\u00e3o do ECC no Brasil.<\/p>\n<p>A live est\u00e1 marcada para as 19h, hor\u00e1rio de Bras\u00edlia e ser\u00e1 transmita da Catedral de Formosa pelas redes sociais da diocese:&nbsp;&nbsp;<strong><a href=\"https:\/\/www.facebook.com\/diocesedeformosago\">Facebook<\/a><\/strong>&nbsp;e pelo canal no&nbsp;<a href=\"https:\/\/www.youtube.com\/channel\/UCEBM3JGF8bHk8fQqeijMBUA\"><strong>Youtube .<\/strong><\/a>&nbsp;A celebra\u00e7\u00e3o solene neste s\u00e1bado, seria realizada na Par\u00f3quia Nossa Senhora do Ros\u00e1rio, no bairro Pompeia, em S\u00e3o Paulo, mas foi suspensa devido \u00e0 pandemia do coronav\u00edrus e, por isso, ser\u00e1 on-line.<\/p>\n<p>Criado pelo padre Alfonso Pastore, em abril de 1970, o Encontro de Casais com Cristo \u00e9 um servi\u00e7o da Igreja em favor da evangeliza\u00e7\u00e3o das fam\u00edlias. O ECC \u00e9 uma realidade presente em comunidades paroquiais de todo o Brasil.<\/p>\n<div id=\"attachment_237215\" class=\"wp-caption alignright\"><a href=\"https:\/\/www.cnbb.org.br\/wp-content\/uploads\/sites\/32\/2020\/04\/Dom-Adair.png\"><img loading=\"lazy\" decoding=\"async\" class=\"wp-image-237215 size-medium\" src=\"https:\/\/www.cnbb.org.br\/wp-content\/uploads\/sites\/32\/2020\/04\/Dom-Adair-300x200.png\" srcset=\"https:\/\/www.cnbb.org.br\/wp-content\/uploads\/sites\/32\/2020\/04\/Dom-Adair-300x200.png 300w, https:\/\/www.cnbb.org.br\/wp-content\/uploads\/sites\/32\/2020\/04\/Dom-Adair.png 600w\" alt=\"\" width=\"300\" height=\"200\" aria-describedby=\"caption-attachment-237215\"><\/a><\/p>\n<p id=\"caption-attachment-237215\" class=\"wp-caption-text\"><em>Dom Adair Jos\u00e9 Guimar\u00e3es. Foto: Congresso Nacional do ECC<\/em><\/p>\n<\/div>\n<p><em>\u201cO ECC cria esse esp\u00edrito comunit\u00e1rio e esse esp\u00edrito mission\u00e1rio para que a fam\u00edlia possa ter um papel extremamente importante dentro do processo de evangeliza\u00e7\u00e3o permanente na nossa sociedade\u201d, disse dom Adair Jos\u00e9 Guimar\u00e3es durante o XXII Congresso Nacional do ECC ocorrido em julho de 2019 quando foi aberta as comemora\u00e7\u00f5es do Jubileu de ouro do movimento.<\/em><\/p>\n<p>Em 50 anos de exist\u00eancia, mais de 3 milh\u00f5es de casais vivenciaram o Encontro de Casais com Cristo e testemunham as mudan\u00e7as em suas vidas. A celebra\u00e7\u00e3o do per\u00edodo Jubilar do ECC, aberto durante o XXII Congresso Nacional do ECC realizado em Bras\u00edlia em julho de 2019, ser\u00e1 encerrado com os Congressos das Regi\u00f5es em 2021.(CNBB)<\/p>\n","protected":false},"excerpt":{"rendered":"<p>Neste s\u00e1bado, 18 de abril, o bispo da diocese de Formosa (GO) e assistente eclesi\u00e1stico nacional do Encontro de Casais com Cristo (ECC), dom Adair Jos\u00e9 Guimar\u00e3es, vai celebrar uma missa solene on-line pelos 50 anos de cria\u00e7\u00e3o do ECC no Brasil. A live est\u00e1 marcada para as 19h, hor\u00e1rio de Bras\u00edlia e ser\u00e1 transmita&nbsp;<\/p>\n<p><a class=\"btn btn-style\" href=\"https:\/\/portalcatolico.net\/portal\/bispo-de-formosa-go-faz-celebracao-on-line-pelos-50-anos-do-encontro-de-casais-com-cristo\/\">Continue Reading<\/a><\/p>\n","protected":false},"author":2,"featured_media":68980,"comment_status":"open","ping_status":"open","sticky":false,"template":"","format":"standard","meta":{"footnotes":""},"categories":[3],"tags":[],"class_list":["post-68979","post","type-post","status-publish","format-standard","has-post-thumbnail","hentry","category-noticias_regionais"],"_links":{"self":[{"href":"https:\/\/portalcatolico.net\/portal\/wp-json\/wp\/v2\/posts\/68979","targetHints":{"allow":["GET"]}}],"collection":[{"href":"https:\/\/portalcatolico.net\/portal\/wp-json\/wp\/v2\/posts"}],"about":[{"href":"https:\/\/portalcatolico.net\/portal\/wp-json\/wp\/v2\/types\/post"}],"author":[{"embeddable":true,"href":"https:\/\/portalcatolico.net\/portal\/wp-json\/wp\/v2\/users\/2"}],"replies":[{"embeddable":true,"href":"https:\/\/portalcatolico.net\/portal\/wp-json\/wp\/v2\/comments?post=68979"}],"version-history":[{"count":1,"href":"https:\/\/portalcatolico.net\/portal\/wp-json\/wp\/v2\/posts\/68979\/revisions"}],"predecessor-version":[{"id":68981,"href":"https:\/\/portalcatolico.net\/portal\/wp-json\/wp\/v2\/posts\/68979\/revisions\/68981"}],"wp:featuredmedia":[{"embeddable":true,"href":"https:\/\/portalcatolico.net\/portal\/wp-json\/wp\/v2\/media\/68980"}],"wp:attachment":[{"href":"https:\/\/portalcatolico.net\/portal\/wp-json\/wp\/v2\/media?parent=68979"}],"wp:term":[{"taxonomy":"category","embeddable":true,"href":"https:\/\/portalcatolico.net\/portal\/wp-json\/wp\/v2\/categories?post=68979"},{"taxonomy":"post_tag","embeddable":true,"href":"https:\/\/portalcatolico.net\/portal\/wp-json\/wp\/v2\/tags?post=68979"}],"curies":[{"name":"wp","href":"https:\/\/api.w.org\/{rel}","templated":true}]}}