{"id":68934,"date":"2020-04-13T20:09:17","date_gmt":"2020-04-13T23:09:17","guid":{"rendered":"http:\/\/portalcatolico.net\/portal\/?p=68934"},"modified":"2020-04-13T20:13:42","modified_gmt":"2020-04-13T23:13:42","slug":"8o-congresso-da-rcc-e-cancelado-por-causa-do-coronavirus","status":"publish","type":"post","link":"https:\/\/portalcatolico.net\/portal\/8o-congresso-da-rcc-e-cancelado-por-causa-do-coronavirus\/","title":{"rendered":"8\u00ba Congresso da RCC \u00e9 cancelado por causa do coronav\u00edrus"},"content":{"rendered":"<p>O oitavo Congresso Diocesano da Renova\u00e7\u00e3o Carism\u00e1tica Cat\u00f3lica da Diocese de&nbsp;Itabuna, do sul da Bahia, atrav\u00e9s do Conselho&nbsp; Diocesano da RCC, foi adiado. Segunda a nota, em breve, a RCC ir\u00e1 anunciar uma nova data. O evento&nbsp;aconteceria na cidade de Itap\u00e9 nos dias 25 e 26 de abril, mas devido a<br \/>\npandemia da Covid 19, o evento foi suspenso.<\/p>\n<p>O decreto da diocese de&nbsp;Itabuna informa que todas as atividades religiosas, que re\u00fanam pessoas em aglomera\u00e7\u00e3o, sejam suspensas.<\/p>\n<p>Para outras informa\u00e7\u00f5es, confira na p\u00e1gina:&nbsp;<a href=\"https:\/\/www.facebook.com\/rccitabuna\/\" target=\"_blank\" rel=\"noopener noreferrer\">https:\/\/www.facebook.com\/rccitabuna\/<\/a><\/p>\n<p>&nbsp;<\/p>\n<p>&nbsp;<\/p>\n","protected":false},"excerpt":{"rendered":"<p>O oitavo Congresso Diocesano da Renova\u00e7\u00e3o Carism\u00e1tica Cat\u00f3lica da Diocese de&nbsp;Itabuna, do sul da Bahia, atrav\u00e9s do Conselho&nbsp; Diocesano da RCC, foi adiado. Segunda a nota, em breve, a RCC ir\u00e1 anunciar uma nova data. O evento&nbsp;aconteceria na cidade de Itap\u00e9 nos dias 25 e 26 de abril, mas devido a pandemia da Covid 19,&nbsp;<\/p>\n<p><a class=\"btn btn-style\" href=\"https:\/\/portalcatolico.net\/portal\/8o-congresso-da-rcc-e-cancelado-por-causa-do-coronavirus\/\">Continue Reading<\/a><\/p>\n","protected":false},"author":2,"featured_media":68935,"comment_status":"open","ping_status":"open","sticky":false,"template":"","format":"standard","meta":{"footnotes":""},"categories":[2],"tags":[],"class_list":["post-68934","post","type-post","status-publish","format-standard","has-post-thumbnail","hentry","category-eventos"],"_links":{"self":[{"href":"https:\/\/portalcatolico.net\/portal\/wp-json\/wp\/v2\/posts\/68934","targetHints":{"allow":["GET"]}}],"collection":[{"href":"https:\/\/portalcatolico.net\/portal\/wp-json\/wp\/v2\/posts"}],"about":[{"href":"https:\/\/portalcatolico.net\/portal\/wp-json\/wp\/v2\/types\/post"}],"author":[{"embeddable":true,"href":"https:\/\/portalcatolico.net\/portal\/wp-json\/wp\/v2\/users\/2"}],"replies":[{"embeddable":true,"href":"https:\/\/portalcatolico.net\/portal\/wp-json\/wp\/v2\/comments?post=68934"}],"version-history":[{"count":2,"href":"https:\/\/portalcatolico.net\/portal\/wp-json\/wp\/v2\/posts\/68934\/revisions"}],"predecessor-version":[{"id":68939,"href":"https:\/\/portalcatolico.net\/portal\/wp-json\/wp\/v2\/posts\/68934\/revisions\/68939"}],"wp:featuredmedia":[{"embeddable":true,"href":"https:\/\/portalcatolico.net\/portal\/wp-json\/wp\/v2\/media\/68935"}],"wp:attachment":[{"href":"https:\/\/portalcatolico.net\/portal\/wp-json\/wp\/v2\/media?parent=68934"}],"wp:term":[{"taxonomy":"category","embeddable":true,"href":"https:\/\/portalcatolico.net\/portal\/wp-json\/wp\/v2\/categories?post=68934"},{"taxonomy":"post_tag","embeddable":true,"href":"https:\/\/portalcatolico.net\/portal\/wp-json\/wp\/v2\/tags?post=68934"}],"curies":[{"name":"wp","href":"https:\/\/api.w.org\/{rel}","templated":true}]}}