{"id":68890,"date":"2020-04-10T11:20:35","date_gmt":"2020-04-10T14:20:35","guid":{"rendered":"http:\/\/portalcatolico.net\/portal\/?p=68890"},"modified":"2020-04-10T11:21:14","modified_gmt":"2020-04-10T14:21:14","slug":"quinta-feira-santa-e-celebrada-de-forma-diferente-por-causa-da-pandemia","status":"publish","type":"post","link":"https:\/\/portalcatolico.net\/portal\/quinta-feira-santa-e-celebrada-de-forma-diferente-por-causa-da-pandemia\/","title":{"rendered":"Quinta-feira santa \u00e9 celebrada de forma diferente por causa da pandemia"},"content":{"rendered":"<p>\u00c9 na quinta-feira santa que se inicia o tr\u00edduo Pascal, mas devido a pandemia da&nbsp;Covid 19, as 14 par\u00f3quias da Forania Centro da Diocese de Itabuna, no sul da Bahia, comemoram a data de forma diferente.&nbsp;&nbsp;Com carro de som e m\u00fasica apropriada, os&nbsp;sacerdotes percorreram&nbsp;a cidade&nbsp;aben\u00e7oando os fieis cat\u00f3licos de suas respectivas comunidades. \u00c0s 19h, aconteceu a celebra\u00e7\u00e3o eucaristia com&nbsp;a presid\u00eancia do Pe. Frei Jos\u00e9 Luiz e concelebra\u00e7\u00e3o pelo confrade e<br \/>\np\u00e1roco o Pe. Frei Gilton Oliveira.&nbsp;&nbsp;A santa missa n\u00e3o teve a participa\u00e7\u00e3o&nbsp;dos fieis.<\/p>\n<p>Na Par\u00f3quia Santa Rita de C\u00e1ssia, antes das 17h, muitos fieis&nbsp;j\u00e1 aguardavam no estacionamento da par\u00f3quia para receber a b\u00ean\u00e7\u00e3o do&nbsp;Sant\u00edssimos Sacramento.&nbsp;&nbsp;Os fieis celebraram de suas casas tamb\u00e9m. Colocaram pano branco, vaso com&nbsp; \u00e1gua,&nbsp;velas acesas, fizeram altar com a imagem de seu santo protetor, conforme pediu o bispo Dom Carlos.<\/p>\n<p>Este per\u00edodo se torna especial para os cat\u00f3licos,&nbsp;visto que recordam a Paix\u00e3o, Morte e Ressurrei\u00e7\u00e3o de Cristo. O Tr\u00edduo Pascal da Paix\u00e3o e Ressurrei\u00e7\u00e3o de Cristo \u00e9, portanto, a culmin\u00e2ncia de todo o ano lit\u00fargico.<br \/>\nO Tr\u00edduo come\u00e7a com a Missa vespertina da Ceia do Senhor, alcan\u00e7a seu&nbsp;cume na Vig\u00edlia Pascal e se fecha com as v\u00e9speras do Domingo de P\u00e1scoa.<br \/>\nToda a Igreja Cat\u00f3lica Apost\u00f3lica Romana celebrou ontem (09\/04) a Quinta-feira Santa. Neste dia, durante a \u00daltima Ceia, Jesus instituiu&nbsp;dois sacramentos: a Eucaristia e a Ordem Sacerdotal.<br \/>\nEsta data \u00e9 comemorada pela Igreja com uma eucaristia especial. Nela, o&nbsp;sacerdote lava os p\u00e9s de doze pessoas que representam os ap\u00f3stolos, repetindo assim o gesto de Jesus Cristo.&nbsp; Com esta a\u00e7\u00e3o, Jesus transmite&nbsp;a mensagem da caridade, quando diz: &#8220;Dei-vos o exemplo, para que fa\u00e7ais&nbsp;a mesma coisa que eu fiz&#8221;.<br \/>\nDessa forma, o Senhor Jesus d\u00e1 um testemunho id\u00f4neo da voca\u00e7\u00e3o ao&nbsp;servi\u00e7o do mundo e da Igreja que todos os fi\u00e9is devem seguir.<\/p>\n<p>Devido a pandemia, a missa de lava-p\u00e9s n\u00e3o aconteceu.<br \/>\nPor outro lado, tamb\u00e9m \u00e9 celebrada a institui\u00e7\u00e3o do Sacramento da Ordem&nbsp;sacerdotal por Cristo e a institui\u00e7\u00e3o da Eucaristia.<br \/>\nVale ressaltar que a santa missa teve a transmiss\u00e3o da R\u00e1dio Interativa&nbsp;FM, do Portal Cat\u00f3lico Web Radio, al\u00e9m das redes sociais. At\u00e9 domingo&nbsp;(12), o Portal Cat\u00f3lico Web r\u00e1dio e a Radio Interativa FM&nbsp; v\u00e3o continuar&nbsp;transmitido ao vivo.<br \/>\nPara voc\u00ea ouvir a celebra\u00e7\u00e3o em Nosso Portal Cat\u00f3lico segue os links:<br \/>\n<a href=\"http:\/\/www.portalcatolico.net\/\" target=\"_blank\" rel=\"noopener noreferrer\">www.portalcatolico.net<\/a>, r\u00e1dios net no link:<br \/>\n<a href=\"https:\/\/www.radios.com.br\/aovivo\/web-radio-portal-catolico\/40395\" target=\"_blank\" rel=\"noopener noreferrer\">https:\/\/www.radios.com.br\/aovivo\/web-radio-portal-catolico\/40395<\/a>&nbsp;ou pelo<br \/>\nnosso aplicativo no play Store:<br \/>\n<a href=\"https:\/\/play.google.com\/store\/apps\/details?id=com.livemus.radioportalcatolicooficial\" target=\"_blank\" rel=\"noopener noreferrer\">https:\/\/play.google.com\/store\/apps\/details?id=com.livemus.radioportalcatolicooficial<\/a><br \/>\nSegue as fotos e a&nbsp; homilia do Frei Gilton:<br \/>\n<a href=\"https:\/\/www.facebook.com\/portalcatolico.net\" target=\"_blank\" rel=\"noopener noreferrer\">https:\/\/www.facebook.com\/portalcatolico.net<\/a><b><\/b><\/p>\n<p><b>&nbsp;<\/b><\/p>\n","protected":false},"excerpt":{"rendered":"<p>\u00c9 na quinta-feira santa que se inicia o tr\u00edduo Pascal, mas devido a pandemia da&nbsp;Covid 19, as 14 par\u00f3quias da Forania Centro da Diocese de Itabuna, no sul da Bahia, comemoram a data de forma diferente.&nbsp;&nbsp;Com carro de som e m\u00fasica apropriada, os&nbsp;sacerdotes percorreram&nbsp;a cidade&nbsp;aben\u00e7oando os fieis cat\u00f3licos de suas respectivas comunidades. \u00c0s 19h, aconteceu&nbsp;<\/p>\n<p><a class=\"btn btn-style\" href=\"https:\/\/portalcatolico.net\/portal\/quinta-feira-santa-e-celebrada-de-forma-diferente-por-causa-da-pandemia\/\">Continue Reading<\/a><\/p>\n","protected":false},"author":2,"featured_media":68891,"comment_status":"open","ping_status":"open","sticky":false,"template":"","format":"standard","meta":{"footnotes":""},"categories":[68],"tags":[],"class_list":["post-68890","post","type-post","status-publish","format-standard","has-post-thumbnail","hentry","category-homilias"],"_links":{"self":[{"href":"https:\/\/portalcatolico.net\/portal\/wp-json\/wp\/v2\/posts\/68890","targetHints":{"allow":["GET"]}}],"collection":[{"href":"https:\/\/portalcatolico.net\/portal\/wp-json\/wp\/v2\/posts"}],"about":[{"href":"https:\/\/portalcatolico.net\/portal\/wp-json\/wp\/v2\/types\/post"}],"author":[{"embeddable":true,"href":"https:\/\/portalcatolico.net\/portal\/wp-json\/wp\/v2\/users\/2"}],"replies":[{"embeddable":true,"href":"https:\/\/portalcatolico.net\/portal\/wp-json\/wp\/v2\/comments?post=68890"}],"version-history":[{"count":1,"href":"https:\/\/portalcatolico.net\/portal\/wp-json\/wp\/v2\/posts\/68890\/revisions"}],"predecessor-version":[{"id":68892,"href":"https:\/\/portalcatolico.net\/portal\/wp-json\/wp\/v2\/posts\/68890\/revisions\/68892"}],"wp:featuredmedia":[{"embeddable":true,"href":"https:\/\/portalcatolico.net\/portal\/wp-json\/wp\/v2\/media\/68891"}],"wp:attachment":[{"href":"https:\/\/portalcatolico.net\/portal\/wp-json\/wp\/v2\/media?parent=68890"}],"wp:term":[{"taxonomy":"category","embeddable":true,"href":"https:\/\/portalcatolico.net\/portal\/wp-json\/wp\/v2\/categories?post=68890"},{"taxonomy":"post_tag","embeddable":true,"href":"https:\/\/portalcatolico.net\/portal\/wp-json\/wp\/v2\/tags?post=68890"}],"curies":[{"name":"wp","href":"https:\/\/api.w.org\/{rel}","templated":true}]}}