{"id":68790,"date":"2020-03-25T12:31:18","date_gmt":"2020-03-25T15:31:18","guid":{"rendered":"http:\/\/portalcatolico.net\/portal\/?p=68790"},"modified":"2020-03-25T20:31:53","modified_gmt":"2020-03-25T23:31:53","slug":"portugal-espanha-e-outros-22-paises-solenemente-consagrados-ao-imaculado-coracao-em-fatima","status":"publish","type":"post","link":"https:\/\/portalcatolico.net\/portal\/portugal-espanha-e-outros-22-paises-solenemente-consagrados-ao-imaculado-coracao-em-fatima\/","title":{"rendered":"Portugal, Espanha e outros 22 pa\u00edses solenemente consagrados ao Imaculado Cora\u00e7\u00e3o em F\u00e1tima"},"content":{"rendered":"<p>Em um momento hist\u00f3rico para a&nbsp;Igreja&nbsp;d a Pen\u00ednsula Ib\u00e9rica, o Cardeal Ant\u00f3nio Marto, bispo de Leiria-F\u00e1tima, renovou a consagra\u00e7\u00e3o de Portugal e Espanha ao Sagrado Cora\u00e7\u00e3o de Jesus e ao Imaculado Cora\u00e7\u00e3o de Maria em F\u00e1tima na tarde deste 25 de mar\u00e7o pedindo pelos enfermos e v\u00edtimas da COVID-19. Em raz\u00e3o da pandemia causada pelo avan\u00e7o do coronav\u00edrus, confer\u00eancias episcopais de outros 22 pa\u00edses pediram unir-se ao ato de consagra\u00e7\u00e3o pedindo a prote\u00e7\u00e3o da&nbsp;Virgem Maria.<\/p>\n<p>Segundo informou a ag\u00eancia Ecclesia, do Episcopado portugu\u00eas, \u201ca cerim\u00f3nia decorreu na Bas\u00edlica de Nossa Senhora do Ros\u00e1rio de F\u00e1tima, junto \u00e0 imagem da Virgem Maria habitualmente venerada na Capelinha das Apari\u00e7\u00f5es, sob a presid\u00eancia de D. Ant\u00f3nio Marto, vice-presidente da Confer\u00eancia Episcopal Portuguesa (CEP), com uma prece que se repetiu, em espanhol e portugu\u00eas: \u201cLivra-nos da pandemia que nos atinge\u201d\u2019.<\/p>\n<p>Ainda segundo Ecclesia, a prece: \u201campara as crian\u00e7as, os anci\u00e3os e os mais vulner\u00e1veis, conforta os m\u00e9dicos, os enfermeiros, os profissionais de sa\u00fade e os volunt\u00e1rios cuidadores, fortalece as fam\u00edlias e refor\u00e7a-nos na cidadania e na solidariedade\u201d, foram rezadas pelo bispo de Leiria-F\u00e1tima, durante a ora\u00e7\u00e3o de consagra\u00e7\u00e3o.<\/p>\n<p>Dom Marto recordou que na sua reflex\u00e3o que naquela Bas\u00edlica est\u00e3o sepultados os santos Francisco e Jacinta Marto, videntes da Virgem de F\u00e1tima, e que tamb\u00e9m foram v\u00edtimas de uma pandemia, a gripe pneum\u00f3nica. O Cardeal pediu a intercess\u00e3o dos santos pastorinhos para \u201ctantos doentes que, nestes dias e de forma dram\u00e1tica, experimentam a solid\u00e3o do isolamento a que est\u00e3o sujeitos\u201d.<\/p>\n<p>Vale recordar que h\u00e1 exatos 34 anos, em Roma, e diante da mesma imagem, o Papa S\u00e3o Jo\u00e3o Paulo II, consagrou solenemente o mundo inteiro ao Imaculado Cora\u00e7\u00e3o de Maria e hoje, na cerim\u00f4nia ocorrido a portas fechadas dentro da Bas\u00edlica velha, uniram-se \u00e0 Consagra\u00e7\u00e3o programada pelas Confer\u00eancias Episcopais Portuguesa e Espanhola os episcopados dos seguintes pa\u00edses: Alb\u00e2nia, Bol\u00edvia, Col\u00f4mbia, Costa Rica, Cuba, Eslov\u00e1quia, Guatemala, Hungria, \u00cdndia, M\u00e9xico, Mold\u00e1via, Nicar\u00e1gua, Panam\u00e1, Paraguai, Peru, Pol\u00f3nia, Qu\u00e9nia, Rep\u00fablica Dominicana, Rom\u00e9nia, Tanz\u00e2nia, Timor Leste e Zimb\u00e1bue.<\/p>\n<p>A nota da ag\u00eancia Ecclesia recorda ainda que o n\u00famero de mortos na Espanha devido \u00e0 pandemia de Covid-19 chegou hoje \u00e0s 3434 v\u00edtimas e em Portugal, at\u00e9 o momento foram registrados 43 \u00f3bitos e 2995 infe\u00e7\u00f5es confirmadas.<\/p>\n<p>Abaixo, segue a ora\u00e7\u00e3o recitada por Dom Marto na renova\u00e7\u00e3o publicada pela ag\u00eancia Ecclesia do Episcopado portugu\u00eas:<\/p>\n<p>Ato de Consagra\u00e7\u00e3o<\/p>\n<p>Cora\u00e7\u00e3o de Jesus Cristo, m\u00e9dico das almas,<\/p>\n<p>Filho amado e rosto da miseric\u00f3rdia do Pai,<\/p>\n<p>a Igreja peregrina sobre a terra,<\/p>\n<p>em Portugal e Espanha, na\u00e7\u00f5es que tuas s\u00e3o,<\/p>\n<p>olha para o teu lado aberto, sua fonte de salva\u00e7\u00e3o, e suplica:<\/p>\n<p>\u2014 nesta singular hora de sofrimento,<\/p>\n<p>assiste a tua Igreja,<\/p>\n<p>inspira os governantes das na\u00e7\u00f5es,<\/p>\n<p>ouve os pobres e os aflitos,<\/p>\n<p>exalta os humildes e os oprimidos,<\/p>\n<p>cura os doentes e os pecadores,<\/p>\n<p>levanta os abatidos e os desanimados,<\/p>\n<p>liberta os cativos e os prisioneiros<\/p>\n<p>e livra-nos da pandemia que nos atinge.<\/p>\n<p>Cora\u00e7\u00e3o de Jesus Cristo, m\u00e9dico das almas,<\/p>\n<p>elevado no alto da Cruz e tocado pelos dedos do disc\u00edpulo no \u00edntimo do cen\u00e1culo,<\/p>\n<p>a Igreja peregrina sobre a terra,<\/p>\n<p>em Portugal e Espanha, na\u00e7\u00f5es que tuas s\u00e3o,<\/p>\n<p>contempla-Te como imagem do abra\u00e7o do Pai \u00e0 humanidade,<\/p>\n<p>esse abra\u00e7o que, no Esp\u00edrito do Amor, queremos dar uns aos outros<\/p>\n<p>segundo o teu mandato no lava-p\u00e9s, e suplica:<\/p>\n<p>\u2014 nesta singular hora de sofrimento,<\/p>\n<p>ampara as crian\u00e7as, os anci\u00e3os e os mais vulner\u00e1veis,<\/p>\n<p>conforta os m\u00e9dicos, os enfermeiros, os profissionais de sa\u00fade e os volunt\u00e1rios cuidadores,<\/p>\n<p>fortalece as fam\u00edlias e refor\u00e7a-nos na cidadania e na solidariedade,<\/p>\n<p>s\u00ea a luz dos moribundos,<\/p>\n<p>acolhe no teu reino os defuntos,<\/p>\n<p>afasta de n\u00f3s todo o mal<\/p>\n<p>e livra-nos da pandemia que nos atinge.<\/p>\n<p>Cora\u00e7\u00e3o de Jesus Cristo, m\u00e9dico das almas e Filho da Virgem Santa Maria,<\/p>\n<p>pelo Cora\u00e7\u00e3o de tua M\u00e3e,<\/p>\n<p>a quem se entrega a Igreja peregrina sobre a terra,<\/p>\n<p>em Portugal e Espanha, na\u00e7\u00f5es que, desde h\u00e1 s\u00e9culos, suas s\u00e3o,<\/p>\n<p>e em tantos outros pa\u00edses,<\/p>\n<p>aceita a consagra\u00e7\u00e3o da tua Igreja.<\/p>\n<p>Ao consagrar-se ao teu Sagrado Cora\u00e7\u00e3o,<\/p>\n<p>entrega-se a Igreja \u00e0 guarda do Cora\u00e7\u00e3o Imaculado de Maria,<\/p>\n<p>configurado pela luz da tua P\u00e1scoa e aqui revelado a tr\u00eas crian\u00e7as<\/p>\n<p>como ref\u00fagio e caminho que ao teu cora\u00e7\u00e3o conduz.<\/p>\n<p>Seja a Virgem Santa Maria, a Senhora do Ros\u00e1rio de F\u00e1tima,<\/p>\n<p>a Sa\u00fade dos Enfermos e o Ref\u00fagio dos Teus disc\u00edpulos gerados junto \u00e0 Cruz do teu amor.<\/p>\n<p>Seja o Imaculado Cora\u00e7\u00e3o de Maria, a quem nos entregamos, connosco a dizer:<\/p>\n<p>\u2014 nesta singular hora de sofrimento,<\/p>\n<p>acolhe os que perecem,<\/p>\n<p>d\u00e1 alento aos que a Ti se consagram<\/p>\n<p>e renova o universo e a humanidade.<\/p>\n<p>\u00c1men.(ACI)<\/p>\n<p>Imagem de Nossa Senhora de F\u00e1tima no Santu\u00e1rio mariano de Portugal \/ Foto: Santu\u00e1rio de F\u00e1tima<\/p>\n","protected":false},"excerpt":{"rendered":"<p>Em um momento hist\u00f3rico para a&nbsp;Igreja&nbsp;d a Pen\u00ednsula Ib\u00e9rica, o Cardeal Ant\u00f3nio Marto, bispo de Leiria-F\u00e1tima, renovou a consagra\u00e7\u00e3o de Portugal e Espanha ao Sagrado Cora\u00e7\u00e3o de Jesus e ao Imaculado Cora\u00e7\u00e3o de Maria em F\u00e1tima na tarde deste 25 de mar\u00e7o pedindo pelos enfermos e v\u00edtimas da COVID-19. Em raz\u00e3o da pandemia causada pelo&nbsp;<\/p>\n<p><a class=\"btn btn-style\" href=\"https:\/\/portalcatolico.net\/portal\/portugal-espanha-e-outros-22-paises-solenemente-consagrados-ao-imaculado-coracao-em-fatima\/\">Continue Reading<\/a><\/p>\n","protected":false},"author":2,"featured_media":68791,"comment_status":"open","ping_status":"open","sticky":false,"template":"","format":"standard","meta":{"footnotes":""},"categories":[5],"tags":[],"class_list":["post-68790","post","type-post","status-publish","format-standard","has-post-thumbnail","hentry","category-igreja_no_mundo"],"_links":{"self":[{"href":"https:\/\/portalcatolico.net\/portal\/wp-json\/wp\/v2\/posts\/68790","targetHints":{"allow":["GET"]}}],"collection":[{"href":"https:\/\/portalcatolico.net\/portal\/wp-json\/wp\/v2\/posts"}],"about":[{"href":"https:\/\/portalcatolico.net\/portal\/wp-json\/wp\/v2\/types\/post"}],"author":[{"embeddable":true,"href":"https:\/\/portalcatolico.net\/portal\/wp-json\/wp\/v2\/users\/2"}],"replies":[{"embeddable":true,"href":"https:\/\/portalcatolico.net\/portal\/wp-json\/wp\/v2\/comments?post=68790"}],"version-history":[{"count":1,"href":"https:\/\/portalcatolico.net\/portal\/wp-json\/wp\/v2\/posts\/68790\/revisions"}],"predecessor-version":[{"id":68792,"href":"https:\/\/portalcatolico.net\/portal\/wp-json\/wp\/v2\/posts\/68790\/revisions\/68792"}],"wp:featuredmedia":[{"embeddable":true,"href":"https:\/\/portalcatolico.net\/portal\/wp-json\/wp\/v2\/media\/68791"}],"wp:attachment":[{"href":"https:\/\/portalcatolico.net\/portal\/wp-json\/wp\/v2\/media?parent=68790"}],"wp:term":[{"taxonomy":"category","embeddable":true,"href":"https:\/\/portalcatolico.net\/portal\/wp-json\/wp\/v2\/categories?post=68790"},{"taxonomy":"post_tag","embeddable":true,"href":"https:\/\/portalcatolico.net\/portal\/wp-json\/wp\/v2\/tags?post=68790"}],"curies":[{"name":"wp","href":"https:\/\/api.w.org\/{rel}","templated":true}]}}