{"id":68788,"date":"2020-03-25T20:24:26","date_gmt":"2020-03-25T23:24:26","guid":{"rendered":"http:\/\/portalcatolico.net\/portal\/?p=68788"},"modified":"2020-03-25T20:26:57","modified_gmt":"2020-03-25T23:26:57","slug":"dom-mauro-fala-sobre-a-festa-da-anunciacao-de-nossa-senhora-e-pede-que-fieis-recorram-a-maria","status":"publish","type":"post","link":"https:\/\/portalcatolico.net\/portal\/dom-mauro-fala-sobre-a-festa-da-anunciacao-de-nossa-senhora-e-pede-que-fieis-recorram-a-maria\/","title":{"rendered":"Dom Mauro fala sobre a Festa da Anuncia\u00e7\u00e3o de Nossa Senhora e pede que fieis recorram \u00e0 Maria"},"content":{"rendered":"<div>Hoje (25) celebra-se a Festa da Anuncia\u00e7\u00e3o de Nossa Senhora, e o bispo da Diocese de Ilh\u00e9us, dom Mauro Montagnoli, falou sobre este momento, por meio de uma rede social.&nbsp;<\/div>\n<div>&#8220;Neste momento dif\u00edcil por causa da pandemia, recorramos \u00e0 Maria, nossa M\u00e3e. Que n\u00f3s, motivados por ela, possamos nos fortalecer nesses dias dif\u00edceis, em que nos encontramos no isolamento social, para nos prepararmos para a Ressurrei\u00e7\u00e3o do Senhor, que \u00e9 o que nos d\u00e1 alegria e nos fortalece&#8221;, disse o bispo.&nbsp;<\/div>\n<div>Confira a mensagem de Dom Mauro na \u00edntegra:&nbsp;<a id=\"LPlnk221782\" href=\"https:\/\/youtu.be\/A0yHQlI6P6s\" target=\"_blank\" rel=\"noopener noreferrer\">https:\/\/youtu.be\/A0yHQlI6P6s<\/a><\/div>\n<div>&nbsp;<\/div>\n","protected":false},"excerpt":{"rendered":"<p>Hoje (25) celebra-se a Festa da Anuncia\u00e7\u00e3o de Nossa Senhora, e o bispo da Diocese de Ilh\u00e9us, dom Mauro Montagnoli, falou sobre este momento, por meio de uma rede social.&nbsp; &#8220;Neste momento dif\u00edcil por causa da pandemia, recorramos \u00e0 Maria, nossa M\u00e3e. Que n\u00f3s, motivados por ela, possamos nos fortalecer nesses dias dif\u00edceis, em que&nbsp;<\/p>\n<p><a class=\"btn btn-style\" href=\"https:\/\/portalcatolico.net\/portal\/dom-mauro-fala-sobre-a-festa-da-anunciacao-de-nossa-senhora-e-pede-que-fieis-recorram-a-maria\/\">Continue Reading<\/a><\/p>\n","protected":false},"author":2,"featured_media":31312,"comment_status":"open","ping_status":"open","sticky":false,"template":"","format":"standard","meta":{"footnotes":""},"categories":[68],"tags":[],"class_list":["post-68788","post","type-post","status-publish","format-standard","has-post-thumbnail","hentry","category-homilias"],"_links":{"self":[{"href":"https:\/\/portalcatolico.net\/portal\/wp-json\/wp\/v2\/posts\/68788","targetHints":{"allow":["GET"]}}],"collection":[{"href":"https:\/\/portalcatolico.net\/portal\/wp-json\/wp\/v2\/posts"}],"about":[{"href":"https:\/\/portalcatolico.net\/portal\/wp-json\/wp\/v2\/types\/post"}],"author":[{"embeddable":true,"href":"https:\/\/portalcatolico.net\/portal\/wp-json\/wp\/v2\/users\/2"}],"replies":[{"embeddable":true,"href":"https:\/\/portalcatolico.net\/portal\/wp-json\/wp\/v2\/comments?post=68788"}],"version-history":[{"count":1,"href":"https:\/\/portalcatolico.net\/portal\/wp-json\/wp\/v2\/posts\/68788\/revisions"}],"predecessor-version":[{"id":68789,"href":"https:\/\/portalcatolico.net\/portal\/wp-json\/wp\/v2\/posts\/68788\/revisions\/68789"}],"wp:featuredmedia":[{"embeddable":true,"href":"https:\/\/portalcatolico.net\/portal\/wp-json\/wp\/v2\/media\/31312"}],"wp:attachment":[{"href":"https:\/\/portalcatolico.net\/portal\/wp-json\/wp\/v2\/media?parent=68788"}],"wp:term":[{"taxonomy":"category","embeddable":true,"href":"https:\/\/portalcatolico.net\/portal\/wp-json\/wp\/v2\/categories?post=68788"},{"taxonomy":"post_tag","embeddable":true,"href":"https:\/\/portalcatolico.net\/portal\/wp-json\/wp\/v2\/tags?post=68788"}],"curies":[{"name":"wp","href":"https:\/\/api.w.org\/{rel}","templated":true}]}}