{"id":68785,"date":"2020-03-24T20:18:20","date_gmt":"2020-03-24T23:18:20","guid":{"rendered":"http:\/\/portalcatolico.net\/portal\/?p=68785"},"modified":"2020-03-24T20:18:20","modified_gmt":"2020-03-24T23:18:20","slug":"comunhao-espiritual-voce-sabe-o-que-e-e-como-participar","status":"publish","type":"post","link":"https:\/\/portalcatolico.net\/portal\/comunhao-espiritual-voce-sabe-o-que-e-e-como-participar\/","title":{"rendered":"Comunh\u00e3o espiritual. Voc\u00ea sabe o que \u00e9 e como participar?"},"content":{"rendered":"<p><em>Talvez voc\u00ea n\u00e3o consiga ir \u00e0 missa, j\u00e1 que, em muitos lugares, at\u00e9 isso foi impedido.&nbsp;Isso mesmo, as missas foram suspensas em mais de cem Dioceses,&nbsp;por precau\u00e7\u00e3o contra a pandemia de coronav\u00edrus.<\/em><\/p>\n<p><em>Por\u00e9m, voc\u00ea&nbsp;sente saudades de Jesus, de escutar Sua palavra e de comunga-Lo.&nbsp;Al\u00e9m do mais,&nbsp;fica com receio de pecar&nbsp;por n\u00e3o seguir o preceito da Igreja de&nbsp;ir \u00e0 Missa aos Domingos e Festas&nbsp;(inclusive essa medida ocorreu antes da Solenidade de S\u00e3o Jos\u00e9, ou seja, n\u00e3o conseguimos participar).<\/em><\/p>\n<p><em>Em meio ao caos, a&nbsp;Miseric\u00f3rdia de Deus n\u00e3o desampara&nbsp;e nos oferece a&nbsp;comunh\u00e3o espiritual. Ela consiste no&nbsp;desejo do nosso cora\u00e7\u00e3o de nos unirmos intimamente a Deus, atrav\u00e9s da Santa Eucaristia.<\/em><\/p>\n<p><em>\u201cMesmo quando n\u00e3o for poss\u00edvel se abeirar da comunh\u00e3o sacramental, a participa\u00e7\u00e3o na Santa Missa permanece necess\u00e1ria, v\u00e1lida, significativa e frutuosa; nesse caso, \u00e9 bom cultivar o desejo da plena uni\u00e3o com Cristo, por exemplo, por meio da pr\u00e1tica da comunh\u00e3o espiritual, recordada por Jo\u00e3o Paulo II (170) e recomendada por santos mestres de vida espiritual\u201d&nbsp;(Exorta\u00e7\u00e3o Apost\u00f3lica p\u00f3s-sinodal&nbsp;Sacramentum caritatis, de 22 de fevereiro de 2007).<\/em><\/p>\n<p><em>&nbsp;<\/em><em>Para receber Jesus espiritualmente,&nbsp;prepare o ambiente da sua casa e do seu cora\u00e7\u00e3o.&nbsp;Participe efetivamente da missa transmitida, pe\u00e7a perd\u00e3o a Jesus de todo cora\u00e7\u00e3o pelos pecados cometidos, cante,&nbsp;responda ao que o presidente da celebra\u00e7\u00e3o disser, escute a Palavra de Deus com aten\u00e7\u00e3o e com o cora\u00e7\u00e3o aberto.&nbsp;Ajoelhe na hora que o Padre apresentar a h\u00f3stia ou fique da forma que se sentir mais confort\u00e1vel.<\/em><\/p>\n<p><em>O mais importante \u00e9 pedir que Jesus venha morar em voc\u00ea e acolher essa presen\u00e7a &#8211; que \u00e9 real &#8211; na sua alma.<\/em><\/p>\n<p><em>Escolher participar da comunh\u00e3o espiritual revela o desejo da nossa alma de querer ser mais \u00edntimo de Jesus.&nbsp;Demonstra o amor que temos por Ele e acreditamos receber tamb\u00e9m.&nbsp;Assim, podemos estar com Jesus o tempo todo.(A12)<\/em><\/p>\n<p><em>Compartilhe com todos os amigos.<\/em><\/p>\n<p><em>&nbsp;<\/em><\/p>\n","protected":false},"excerpt":{"rendered":"<p>Talvez voc\u00ea n\u00e3o consiga ir \u00e0 missa, j\u00e1 que, em muitos lugares, at\u00e9 isso foi impedido.&nbsp;Isso mesmo, as missas foram suspensas em mais de cem Dioceses,&nbsp;por precau\u00e7\u00e3o contra a pandemia de coronav\u00edrus. Por\u00e9m, voc\u00ea&nbsp;sente saudades de Jesus, de escutar Sua palavra e de comunga-Lo.&nbsp;Al\u00e9m do mais,&nbsp;fica com receio de pecar&nbsp;por n\u00e3o seguir o preceito da&nbsp;<\/p>\n<p><a class=\"btn btn-style\" href=\"https:\/\/portalcatolico.net\/portal\/comunhao-espiritual-voce-sabe-o-que-e-e-como-participar\/\">Continue Reading<\/a><\/p>\n","protected":false},"author":2,"featured_media":68786,"comment_status":"open","ping_status":"open","sticky":false,"template":"","format":"standard","meta":{"footnotes":""},"categories":[4],"tags":[],"class_list":["post-68785","post","type-post","status-publish","format-standard","has-post-thumbnail","hentry","category-destaques"],"_links":{"self":[{"href":"https:\/\/portalcatolico.net\/portal\/wp-json\/wp\/v2\/posts\/68785","targetHints":{"allow":["GET"]}}],"collection":[{"href":"https:\/\/portalcatolico.net\/portal\/wp-json\/wp\/v2\/posts"}],"about":[{"href":"https:\/\/portalcatolico.net\/portal\/wp-json\/wp\/v2\/types\/post"}],"author":[{"embeddable":true,"href":"https:\/\/portalcatolico.net\/portal\/wp-json\/wp\/v2\/users\/2"}],"replies":[{"embeddable":true,"href":"https:\/\/portalcatolico.net\/portal\/wp-json\/wp\/v2\/comments?post=68785"}],"version-history":[{"count":1,"href":"https:\/\/portalcatolico.net\/portal\/wp-json\/wp\/v2\/posts\/68785\/revisions"}],"predecessor-version":[{"id":68787,"href":"https:\/\/portalcatolico.net\/portal\/wp-json\/wp\/v2\/posts\/68785\/revisions\/68787"}],"wp:featuredmedia":[{"embeddable":true,"href":"https:\/\/portalcatolico.net\/portal\/wp-json\/wp\/v2\/media\/68786"}],"wp:attachment":[{"href":"https:\/\/portalcatolico.net\/portal\/wp-json\/wp\/v2\/media?parent=68785"}],"wp:term":[{"taxonomy":"category","embeddable":true,"href":"https:\/\/portalcatolico.net\/portal\/wp-json\/wp\/v2\/categories?post=68785"},{"taxonomy":"post_tag","embeddable":true,"href":"https:\/\/portalcatolico.net\/portal\/wp-json\/wp\/v2\/tags?post=68785"}],"curies":[{"name":"wp","href":"https:\/\/api.w.org\/{rel}","templated":true}]}}