{"id":68782,"date":"2020-03-24T20:07:08","date_gmt":"2020-03-24T23:07:08","guid":{"rendered":"http:\/\/portalcatolico.net\/portal\/?p=68782"},"modified":"2020-03-24T20:07:08","modified_gmt":"2020-03-24T23:07:08","slug":"papa-pede-uma-igreja-a-servico-das-vocacoes","status":"publish","type":"post","link":"https:\/\/portalcatolico.net\/portal\/papa-pede-uma-igreja-a-servico-das-vocacoes\/","title":{"rendered":"Papa pede uma Igreja a servi\u00e7o das voca\u00e7\u00f5es"},"content":{"rendered":"<p>O Papa Francisco pediu que a&nbsp;Igreja&nbsp;se coloque a servi\u00e7o das voca\u00e7\u00f5es &#8220;abrindo brechas no cora\u00e7\u00e3o de todos os fi\u00e9is, para que cada um possa descobrir com gratid\u00e3o a chamada que Deus lhe dirige, encontrar a coragem de dizer \u2018sim\u2019\u201d.<\/p>\n<p>Assim afirmou em sua mensagem para o 57\u00ba Dia Mundial de Ora\u00e7\u00e3o pelas Voca\u00e7\u00f5es, que ser\u00e1 realizado em 3 de maio com o tema &#8220;As palavras da voca\u00e7\u00e3o&#8221;, divulgada nesta ter\u00e7a-feira, 24 de mar\u00e7o.<\/p>\n<p>O Papa se refere em sua mensagem \u00e0s quatro palavras-chave que, por ocasi\u00e3o do 160\u00ba anivers\u00e1rio da morte do santo Cura d\u2019Ars, em 4 de agosto, costumava expressar a gratid\u00e3o do Povo de Deus aos sacerdotes.<\/p>\n<p>Essas palavras s\u00e3o &#8220;tribula\u00e7\u00e3o, gratid\u00e3o, coragem e louvor&#8221;. O Pont\u00edfice decidiu voltar a essas quatro palavras para explic\u00e1-las ao povo crist\u00e3o.<\/p>\n<p>A partir da passagem evang\u00e9lica da tempestade no lago de Tiber\u00edades, o Pont\u00edfice refletiu sobre a primeira palavra da voca\u00e7\u00e3o: gratid\u00e3o. &#8220;Navegar pela rota certa n\u00e3o \u00e9 uma tarefa confiada s\u00f3 aos nossos esfor\u00e7os, nem depende apenas dos percursos que escolhemos fazer&#8221;.<\/p>\n<p>&#8220;A realiza\u00e7\u00e3o de n\u00f3s mesmos e dos nossos projetos de&nbsp;vida&nbsp;n\u00e3o \u00e9 o resultado matem\u00e1tico do que decidimos dentro do nosso \u2018eu\u2019 isolado; pelo contr\u00e1rio, trata-se, antes de mais nada, da resposta a uma chamada que nos chega do Alto&#8221;.<\/p>\n<p>&#8220;\u00c9 o Senhor que nos indica a margem para onde ir e, ainda antes disso, d\u00e1-nos a coragem de subir para o barco; e Ele, ao mesmo tempo que nos chama, faz-Se tamb\u00e9m nosso timoneiro para nos acompanhar, mostrar a dire\u00e7\u00e3o, impedir de encalhar nas rochas da indecis\u00e3o e tornar-nos capazes at\u00e9 de caminhar sobre as \u00e1guas tumultuosas\u201d.<\/p>\n<p>A voca\u00e7\u00e3o, enfatizou o Papa Francisco, &#8220;conseguiremos descobri-la e abra\u00e7\u00e1-la, quando o nosso cora\u00e7\u00e3o se abrir \u00e0 gratid\u00e3o e souber individuar a passagem de Deus pela nossa vida&#8221;.<\/p>\n<p>A segunda palavra \u00e9 coragem. \u201cQuando os disc\u00edpulos veem aproximar-Se Jesus caminhando sobre as \u00e1guas, come\u00e7am por pensar que se trata de um fantasma e assustam-se. Mas, Jesus imediatamente os tranquiliza com uma palavra que deve acompanhar sempre a nossa vida e o nosso caminho vocacional: \u2018Coragem! Sou Eu! N\u00e3o temais!\u2019\u201d.<\/p>\n<p>\u201cO Senhor sabe que uma op\u00e7\u00e3o fundamental de vida \u2013 como casar-se ou consagrar-se de forma especial ao seu servi\u00e7o \u2013 exige coragem. Ele conhece os interrogativos, as d\u00favidas e as dificuldades que agitam o barco do nosso cora\u00e7\u00e3o e, por isso, nos tranquiliza: \u2018N\u00e3o tenhas medo! Eu estou contigo\u2019&#8221;.<\/p>\n<p>A terceira palavra, tribula\u00e7\u00e3o, o Papa a reinterpretou como &#8220;fadiga&#8221;. Ele afirmou que &#8220;toda a voca\u00e7\u00e3o requer empenhamento&#8221;. &#8220;\u00c0 semelhan\u00e7a do Ap\u00f3stolo, por\u00e9m, sentimos desejo e ardor e, ao mesmo tempo, vemo-nos assinalados por fragilidades e temores&#8221;.<\/p>\n<p>\u201cA f\u00e9 permite-nos, apesar das nossas fragilidades e limita\u00e7\u00f5es, caminhar ao encontro do Senhor Ressuscitado e vencer as pr\u00f3prias tempestades. Pois Ele estende-nos a m\u00e3o, quando, por cansa\u00e7o ou medo, corremos o risco de afundar e d\u00e1-nos o ardor necess\u00e1rio para viver a nossa voca\u00e7\u00e3o com alegria e entusiasmo&#8221;.<\/p>\n<p>A a\u00e7\u00e3o de Jesus na vida das pessoas \u00e9 descrita naquele fragmento evang\u00e9lico sobre a tempestade no lago Tiber\u00edades. &#8220;Por fim, quando Jesus sobe para o barco, cessa o vento e aplacam-se as ondas&#8221;.<\/p>\n<p>&#8220;\u00c9 uma bela imagem daquilo que o Senhor realiza na nossa vida e nos tumultos da hist\u00f3ria, especialmente quando estamos a bra\u00e7os com a tempestade: Ele ordena aos ventos contr\u00e1rios que se calem, e ent\u00e3o as for\u00e7as do mal, do medo, da resigna\u00e7\u00e3o deixam de ter poder sobre n\u00f3s&#8221;, disse o Santo Padre.<\/p>\n<p>A \u00faltima palavra usada pelo Papa para descrever a voca\u00e7\u00e3o \u00e9 &#8220;louvor&#8221;. \u201cEsta \u00e9 a \u00faltima palavra da voca\u00e7\u00e3o, e pretende ser tamb\u00e9m o convite a cultivar a atitude interior de Maria Sant\u00edssima: agradecida pelo olhar que Deus pousou sobre Ela, superando na f\u00e9 medos e perturba\u00e7\u00f5es, abra\u00e7ando com coragem a voca\u00e7\u00e3o, Ela fez da sua vida um c\u00e2ntico eterno de louvor ao Senhor\u201d.<\/p>\n<p><em>Publicado originalmente em&nbsp;ACI Prensa. Traduzido e adaptado por Nath\u00e1lia Queiroz.<\/em><\/p>\n<p>&nbsp;Foto: Daniel Ib\u00e1\u00f1ez \/ ACI Prensa<\/p>\n","protected":false},"excerpt":{"rendered":"<p>O Papa Francisco pediu que a&nbsp;Igreja&nbsp;se coloque a servi\u00e7o das voca\u00e7\u00f5es &#8220;abrindo brechas no cora\u00e7\u00e3o de todos os fi\u00e9is, para que cada um possa descobrir com gratid\u00e3o a chamada que Deus lhe dirige, encontrar a coragem de dizer \u2018sim\u2019\u201d. Assim afirmou em sua mensagem para o 57\u00ba Dia Mundial de Ora\u00e7\u00e3o pelas Voca\u00e7\u00f5es, que ser\u00e1&nbsp;<\/p>\n<p><a class=\"btn btn-style\" href=\"https:\/\/portalcatolico.net\/portal\/papa-pede-uma-igreja-a-servico-das-vocacoes\/\">Continue Reading<\/a><\/p>\n","protected":false},"author":2,"featured_media":68783,"comment_status":"open","ping_status":"open","sticky":false,"template":"","format":"standard","meta":{"footnotes":""},"categories":[5],"tags":[],"class_list":["post-68782","post","type-post","status-publish","format-standard","has-post-thumbnail","hentry","category-igreja_no_mundo"],"_links":{"self":[{"href":"https:\/\/portalcatolico.net\/portal\/wp-json\/wp\/v2\/posts\/68782","targetHints":{"allow":["GET"]}}],"collection":[{"href":"https:\/\/portalcatolico.net\/portal\/wp-json\/wp\/v2\/posts"}],"about":[{"href":"https:\/\/portalcatolico.net\/portal\/wp-json\/wp\/v2\/types\/post"}],"author":[{"embeddable":true,"href":"https:\/\/portalcatolico.net\/portal\/wp-json\/wp\/v2\/users\/2"}],"replies":[{"embeddable":true,"href":"https:\/\/portalcatolico.net\/portal\/wp-json\/wp\/v2\/comments?post=68782"}],"version-history":[{"count":1,"href":"https:\/\/portalcatolico.net\/portal\/wp-json\/wp\/v2\/posts\/68782\/revisions"}],"predecessor-version":[{"id":68784,"href":"https:\/\/portalcatolico.net\/portal\/wp-json\/wp\/v2\/posts\/68782\/revisions\/68784"}],"wp:featuredmedia":[{"embeddable":true,"href":"https:\/\/portalcatolico.net\/portal\/wp-json\/wp\/v2\/media\/68783"}],"wp:attachment":[{"href":"https:\/\/portalcatolico.net\/portal\/wp-json\/wp\/v2\/media?parent=68782"}],"wp:term":[{"taxonomy":"category","embeddable":true,"href":"https:\/\/portalcatolico.net\/portal\/wp-json\/wp\/v2\/categories?post=68782"},{"taxonomy":"post_tag","embeddable":true,"href":"https:\/\/portalcatolico.net\/portal\/wp-json\/wp\/v2\/tags?post=68782"}],"curies":[{"name":"wp","href":"https:\/\/api.w.org\/{rel}","templated":true}]}}