{"id":68778,"date":"2020-03-24T20:01:27","date_gmt":"2020-03-24T23:01:27","guid":{"rendered":"http:\/\/portalcatolico.net\/portal\/?p=68778"},"modified":"2020-03-24T20:01:45","modified_gmt":"2020-03-24T23:01:45","slug":"cnbb-convida-toda-igreja-no-brasil-para-rezar-contra-o-avanco-do-coronavirus-amanha-as-15h30","status":"publish","type":"post","link":"https:\/\/portalcatolico.net\/portal\/cnbb-convida-toda-igreja-no-brasil-para-rezar-contra-o-avanco-do-coronavirus-amanha-as-15h30\/","title":{"rendered":"CNBB convida toda Igreja no Brasil para rezar contra o avan\u00e7o do coronav\u00edrus amanh\u00e3, \u00e0s 15h30"},"content":{"rendered":"<p>A Confer\u00eancia Nacional dos Bispos do Brasil (CNBB) convida a todos os fi\u00e9is no Brasil para mais uma vez formar uma corrente nacional amanh\u00e3, 25 de mar\u00e7o, \u00e0s 15h30, com a ora\u00e7\u00e3o do Ter\u00e7o da Esperan\u00e7a e da Solidariedade, que ser\u00e1 transmitido pelas TVs de inspira\u00e7\u00e3o cat\u00f3lica do pa\u00eds, emissoras de r\u00e1dio e pelas p\u00e1ginas da Confer\u00eancia no Facebook e no Youtube.<\/p>\n<p>Na ocasi\u00e3o, o arcebispo de Aparecida (SP), dom Orlando Brandes, em nome da presid\u00eancia da CNBB, juntamente com religiosos e leigos convidados, rezar\u00e1 o Ter\u00e7o da Esperan\u00e7a e&nbsp; da Solidariedade, que ser\u00e1 transmitido direto da Bas\u00edlica de Nossa Senhora Aparecida, em Aparecida (SP).<\/p>\n<p>Trata-se de uma iniciativa em que, frente \u00e0&nbsp; pandemia do novo coronav\u00edrus e&nbsp;em comunh\u00e3o com o Papa Francisco no compromisso de intensificar as ora\u00e7\u00f5es neste per\u00edodo, a CNBB une-se ao Brasil convocando a todos para um momento comum de ora\u00e7\u00e3o.<\/p>\n<p>A iniciativa, principalmente em momentos delicados e dif\u00edceis como o que o mundo est\u00e1 passando, busca elevar os cora\u00e7\u00f5es ao Deus da Vida, no acolhimento de sua Palavra, fortalecendo a f\u00e9, a esperan\u00e7a e a uni\u00e3o. \u201cConscientes de que as restri\u00e7\u00f5es ao conv\u00edvio n\u00e3o durar\u00e3o para sempre, aprendamos a valorizar a fraternidade, tornando-nos ainda mais desejosos de, passada a pandemia, podermos estar juntos, celebrando a vida, a sa\u00fade, a conc\u00f3rdia e a paz\u201d (trecho da nota \u201cTempos de Esperan\u00e7a e Solidariedade\u201d da CNBB).<\/p>\n<p>Conscientes ainda, \u00e0 luz da Palavra de Deus, para o sentido da vida como Dom e Compromisso, tema da Campanha da Fraternidade deste ano, a inten\u00e7\u00e3o da ora\u00e7\u00e3o do ter\u00e7o \u00e9 dedicada tamb\u00e9m, al\u00e9m das v\u00edtimas, aos profissionais que incansavelmente trabalham por uma solu\u00e7\u00e3o. \u201cSejamos disciplinados, obede\u00e7amos \u00e0s orienta\u00e7\u00f5es e decis\u00f5es para nosso bem e n\u00e3o nos falte o discernimento s\u00e1bio para cancelamentos e orienta\u00e7\u00f5es que preservem a vida como compromisso com nosso dom mais precioso\u201d (trecho da nota \u201cTempos de Esperan\u00e7a e Solidariedade\u201d da CNBB).<\/p>\n<p>Para compartilhar os momentos de ora\u00e7\u00e3o nas redes sociais est\u00e1 sendo usada a hashtag adotada pelo Papa Francisco: #rezemosjuntos<\/p>\n<p>Fonte:CNBB<\/p>\n","protected":false},"excerpt":{"rendered":"<p>A Confer\u00eancia Nacional dos Bispos do Brasil (CNBB) convida a todos os fi\u00e9is no Brasil para mais uma vez formar uma corrente nacional amanh\u00e3, 25 de mar\u00e7o, \u00e0s 15h30, com a ora\u00e7\u00e3o do Ter\u00e7o da Esperan\u00e7a e da Solidariedade, que ser\u00e1 transmitido pelas TVs de inspira\u00e7\u00e3o cat\u00f3lica do pa\u00eds, emissoras de r\u00e1dio e pelas p\u00e1ginas&nbsp;<\/p>\n<p><a class=\"btn btn-style\" href=\"https:\/\/portalcatolico.net\/portal\/cnbb-convida-toda-igreja-no-brasil-para-rezar-contra-o-avanco-do-coronavirus-amanha-as-15h30\/\">Continue Reading<\/a><\/p>\n","protected":false},"author":2,"featured_media":68779,"comment_status":"open","ping_status":"open","sticky":false,"template":"","format":"standard","meta":{"footnotes":""},"categories":[3],"tags":[],"class_list":["post-68778","post","type-post","status-publish","format-standard","has-post-thumbnail","hentry","category-noticias_regionais"],"_links":{"self":[{"href":"https:\/\/portalcatolico.net\/portal\/wp-json\/wp\/v2\/posts\/68778","targetHints":{"allow":["GET"]}}],"collection":[{"href":"https:\/\/portalcatolico.net\/portal\/wp-json\/wp\/v2\/posts"}],"about":[{"href":"https:\/\/portalcatolico.net\/portal\/wp-json\/wp\/v2\/types\/post"}],"author":[{"embeddable":true,"href":"https:\/\/portalcatolico.net\/portal\/wp-json\/wp\/v2\/users\/2"}],"replies":[{"embeddable":true,"href":"https:\/\/portalcatolico.net\/portal\/wp-json\/wp\/v2\/comments?post=68778"}],"version-history":[{"count":2,"href":"https:\/\/portalcatolico.net\/portal\/wp-json\/wp\/v2\/posts\/68778\/revisions"}],"predecessor-version":[{"id":68781,"href":"https:\/\/portalcatolico.net\/portal\/wp-json\/wp\/v2\/posts\/68778\/revisions\/68781"}],"wp:featuredmedia":[{"embeddable":true,"href":"https:\/\/portalcatolico.net\/portal\/wp-json\/wp\/v2\/media\/68779"}],"wp:attachment":[{"href":"https:\/\/portalcatolico.net\/portal\/wp-json\/wp\/v2\/media?parent=68778"}],"wp:term":[{"taxonomy":"category","embeddable":true,"href":"https:\/\/portalcatolico.net\/portal\/wp-json\/wp\/v2\/categories?post=68778"},{"taxonomy":"post_tag","embeddable":true,"href":"https:\/\/portalcatolico.net\/portal\/wp-json\/wp\/v2\/tags?post=68778"}],"curies":[{"name":"wp","href":"https:\/\/api.w.org\/{rel}","templated":true}]}}