{"id":68775,"date":"2020-03-23T20:48:22","date_gmt":"2020-03-23T23:48:22","guid":{"rendered":"http:\/\/portalcatolico.net\/portal\/?p=68775"},"modified":"2020-03-23T20:48:22","modified_gmt":"2020-03-23T23:48:22","slug":"coronavirus-bartolomeu-i-escreve-ao-papa-e-ao-presidente-da-italia","status":"publish","type":"post","link":"https:\/\/portalcatolico.net\/portal\/coronavirus-bartolomeu-i-escreve-ao-papa-e-ao-presidente-da-italia\/","title":{"rendered":"Coronav\u00edrus. Bartolomeu I escreve ao Papa e ao Presidente da It\u00e1lia"},"content":{"rendered":"<p>Ora\u00e7\u00f5es, solidariedade e proximidade, s\u00e3o as express\u00f5es do Patriarca Ecum\u00eanico de Constantinopla, Bartolomeu I diante da pandemia que atinge a It\u00e1lia nestes dias.<\/p>\n<p>O Patriarca ecum\u00eanico de Constantinopla Bartolomeu I enviou mensagens ao Papa e ao Presidente da Rep\u00fablica italiana, Sergio Mattarella, para exprimir a sua solidariedade ao povo italiano atingido pela pandemia do coronav\u00edrus que j\u00e1 causou mais de 5.400 mortes.<\/p>\n<p>Na sua mensagem Bartolomeu \u201cexalta o esp\u00edrito de sacrif\u00edcio e a coragem demonstrada por todos os profissionais da sa\u00fade p\u00fablica italiana e exprime sua gratid\u00e3o pelos esfor\u00e7os desmedidos que est\u00e3o fazendo para ajudar todos os doentes\u201d.<\/p>\n<p>Ao mesmo tempo o Patriarca manifesta sua proximidade aos familiares de todos os \u201cirm\u00e3os que perderam a batalha contra o p\u00e9rfido v\u00edrus\u201d e sublinha que \u201cdurante a Sagrada Quaresma, continuar\u00e1 a dedicar suas ora\u00e7\u00f5es ao Senhor e Salvador Jesus Cristo, pela cura dos doentes, o eterno repouso dos que perderam a vida e o conforto dos seus parentes\u201d.<\/p>\n<p><b>Por: Gabriella Ceraso\/Vatican News<\/b><\/p>\n","protected":false},"excerpt":{"rendered":"<p>Ora\u00e7\u00f5es, solidariedade e proximidade, s\u00e3o as express\u00f5es do Patriarca Ecum\u00eanico de Constantinopla, Bartolomeu I diante da pandemia que atinge a It\u00e1lia nestes dias. O Patriarca ecum\u00eanico de Constantinopla Bartolomeu I enviou mensagens ao Papa e ao Presidente da Rep\u00fablica italiana, Sergio Mattarella, para exprimir a sua solidariedade ao povo italiano atingido pela pandemia do coronav\u00edrus&nbsp;<\/p>\n<p><a class=\"btn btn-style\" href=\"https:\/\/portalcatolico.net\/portal\/coronavirus-bartolomeu-i-escreve-ao-papa-e-ao-presidente-da-italia\/\">Continue Reading<\/a><\/p>\n","protected":false},"author":2,"featured_media":68776,"comment_status":"open","ping_status":"open","sticky":false,"template":"","format":"standard","meta":{"footnotes":""},"categories":[5],"tags":[],"class_list":["post-68775","post","type-post","status-publish","format-standard","has-post-thumbnail","hentry","category-igreja_no_mundo"],"_links":{"self":[{"href":"https:\/\/portalcatolico.net\/portal\/wp-json\/wp\/v2\/posts\/68775","targetHints":{"allow":["GET"]}}],"collection":[{"href":"https:\/\/portalcatolico.net\/portal\/wp-json\/wp\/v2\/posts"}],"about":[{"href":"https:\/\/portalcatolico.net\/portal\/wp-json\/wp\/v2\/types\/post"}],"author":[{"embeddable":true,"href":"https:\/\/portalcatolico.net\/portal\/wp-json\/wp\/v2\/users\/2"}],"replies":[{"embeddable":true,"href":"https:\/\/portalcatolico.net\/portal\/wp-json\/wp\/v2\/comments?post=68775"}],"version-history":[{"count":1,"href":"https:\/\/portalcatolico.net\/portal\/wp-json\/wp\/v2\/posts\/68775\/revisions"}],"predecessor-version":[{"id":68777,"href":"https:\/\/portalcatolico.net\/portal\/wp-json\/wp\/v2\/posts\/68775\/revisions\/68777"}],"wp:featuredmedia":[{"embeddable":true,"href":"https:\/\/portalcatolico.net\/portal\/wp-json\/wp\/v2\/media\/68776"}],"wp:attachment":[{"href":"https:\/\/portalcatolico.net\/portal\/wp-json\/wp\/v2\/media?parent=68775"}],"wp:term":[{"taxonomy":"category","embeddable":true,"href":"https:\/\/portalcatolico.net\/portal\/wp-json\/wp\/v2\/categories?post=68775"},{"taxonomy":"post_tag","embeddable":true,"href":"https:\/\/portalcatolico.net\/portal\/wp-json\/wp\/v2\/tags?post=68775"}],"curies":[{"name":"wp","href":"https:\/\/api.w.org\/{rel}","templated":true}]}}