{"id":68772,"date":"2020-03-23T20:41:23","date_gmt":"2020-03-23T23:41:23","guid":{"rendered":"http:\/\/portalcatolico.net\/portal\/?p=68772"},"modified":"2020-03-23T20:41:23","modified_gmt":"2020-03-23T23:41:23","slug":"em-tempos-de-coronavirus-presidente-da-cnbb-faz-apelo-para-que-pessoas-nao-saiam-de-casa","status":"publish","type":"post","link":"https:\/\/portalcatolico.net\/portal\/em-tempos-de-coronavirus-presidente-da-cnbb-faz-apelo-para-que-pessoas-nao-saiam-de-casa\/","title":{"rendered":"Em tempos de coronav\u00edrus, presidente da CNBB faz apelo para que pessoas n\u00e3o saiam de casa"},"content":{"rendered":"<p>O arcebispo de Belo Horizonte e presidente da Confer\u00eancia Nacional dos Bispos do Brasil (CNBB), dom Walmor Oliveira de Azevedo, gravou um v\u00eddeo no qual faz um apelo para que as pessoas n\u00e3o saiam de casa. Segundo dom Walmor n\u00e3o sair de casa \u00e9 um important\u00edssimo rem\u00e9dio para vencermos a terr\u00edvel pandemia do coronav\u00edrus. \u201cQue esse apelo entre em seu cora\u00e7\u00e3o e cuidemos!\u201d, disse.<\/p>\n<p>Ainda de acordo com o presidente da CNBB h\u00e1 muita gente \u201crelativizando\u201d a situa\u00e7\u00e3o e saindo de casa sem precis\u00e3o. Ele afirma que \u00e9 hora de colaborar. \u201cVamos ter entre n\u00f3s agora, marcando o tecido da nossa cidadania, uma atitude de solidariedade como bons samaritanos\u201d, aponta.<\/p>\n<p><strong>Confira o v\u00eddeo na \u00edntegra:<\/strong><\/p>\n<p><iframe loading=\"lazy\"  id=\"_ytid_85252\"  width=\"480\" height=\"270\"  data-origwidth=\"480\" data-origheight=\"270\" src=\"https:\/\/www.youtube.com\/embed\/GaIJ5pl8Zmw?enablejsapi=1&#038;autoplay=0&#038;cc_load_policy=0&#038;cc_lang_pref=&#038;iv_load_policy=1&#038;loop=0&#038;rel=1&#038;fs=1&#038;playsinline=0&#038;autohide=2&#038;theme=dark&#038;color=red&#038;controls=1&#038;disablekb=0&#038;\" class=\"__youtube_prefs__  epyt-is-override  no-lazyload\" title=\"YouTube player\"  allow=\"fullscreen; accelerometer; autoplay; clipboard-write; encrypted-media; gyroscope; picture-in-picture; web-share\" referrerpolicy=\"strict-origin-when-cross-origin\" allowfullscreen data-no-lazy=\"1\" data-skipgform_ajax_framebjll=\"\"><\/iframe><\/p>\n","protected":false},"excerpt":{"rendered":"<p>O arcebispo de Belo Horizonte e presidente da Confer\u00eancia Nacional dos Bispos do Brasil (CNBB), dom Walmor Oliveira de Azevedo, gravou um v\u00eddeo no qual faz um apelo para que as pessoas n\u00e3o saiam de casa. Segundo dom Walmor n\u00e3o sair de casa \u00e9 um important\u00edssimo rem\u00e9dio para vencermos a terr\u00edvel pandemia do coronav\u00edrus. \u201cQue&nbsp;<\/p>\n<p><a class=\"btn btn-style\" href=\"https:\/\/portalcatolico.net\/portal\/em-tempos-de-coronavirus-presidente-da-cnbb-faz-apelo-para-que-pessoas-nao-saiam-de-casa\/\">Continue Reading<\/a><\/p>\n","protected":false},"author":2,"featured_media":68773,"comment_status":"open","ping_status":"open","sticky":false,"template":"","format":"standard","meta":{"footnotes":""},"categories":[4],"tags":[],"class_list":["post-68772","post","type-post","status-publish","format-standard","has-post-thumbnail","hentry","category-destaques"],"_links":{"self":[{"href":"https:\/\/portalcatolico.net\/portal\/wp-json\/wp\/v2\/posts\/68772","targetHints":{"allow":["GET"]}}],"collection":[{"href":"https:\/\/portalcatolico.net\/portal\/wp-json\/wp\/v2\/posts"}],"about":[{"href":"https:\/\/portalcatolico.net\/portal\/wp-json\/wp\/v2\/types\/post"}],"author":[{"embeddable":true,"href":"https:\/\/portalcatolico.net\/portal\/wp-json\/wp\/v2\/users\/2"}],"replies":[{"embeddable":true,"href":"https:\/\/portalcatolico.net\/portal\/wp-json\/wp\/v2\/comments?post=68772"}],"version-history":[{"count":1,"href":"https:\/\/portalcatolico.net\/portal\/wp-json\/wp\/v2\/posts\/68772\/revisions"}],"predecessor-version":[{"id":68774,"href":"https:\/\/portalcatolico.net\/portal\/wp-json\/wp\/v2\/posts\/68772\/revisions\/68774"}],"wp:featuredmedia":[{"embeddable":true,"href":"https:\/\/portalcatolico.net\/portal\/wp-json\/wp\/v2\/media\/68773"}],"wp:attachment":[{"href":"https:\/\/portalcatolico.net\/portal\/wp-json\/wp\/v2\/media?parent=68772"}],"wp:term":[{"taxonomy":"category","embeddable":true,"href":"https:\/\/portalcatolico.net\/portal\/wp-json\/wp\/v2\/categories?post=68772"},{"taxonomy":"post_tag","embeddable":true,"href":"https:\/\/portalcatolico.net\/portal\/wp-json\/wp\/v2\/tags?post=68772"}],"curies":[{"name":"wp","href":"https:\/\/api.w.org\/{rel}","templated":true}]}}