{"id":68764,"date":"2020-03-21T20:32:52","date_gmt":"2020-03-21T23:32:52","guid":{"rendered":"http:\/\/portalcatolico.net\/portal\/?p=68764"},"modified":"2020-03-21T20:32:52","modified_gmt":"2020-03-21T23:32:52","slug":"novas-igrejas-particulares-suspendem-missas-com-participacao-dos-fieis-em-todo-o-brasil","status":"publish","type":"post","link":"https:\/\/portalcatolico.net\/portal\/novas-igrejas-particulares-suspendem-missas-com-participacao-dos-fieis-em-todo-o-brasil\/","title":{"rendered":"Novas Igrejas particulares suspendem missas com participa\u00e7\u00e3o dos fi\u00e9is em todo o Brasil"},"content":{"rendered":"<p>Pensando na preven\u00e7\u00e3o ao novo coronav\u00edrus e acatando determina\u00e7\u00f5es e orienta\u00e7\u00f5es das autoridades, dioceses brasileiras t\u00eam dispensado os fi\u00e9is do preceito dominical e determinado que os padres celebrem de forma privada. Essas medidas significam que as missas com participa\u00e7\u00e3o do povo de Deus est\u00e3o suspensas e os padres celebrar\u00e3o sozinhos. At\u00e9 o momento (12h de 20 de mar\u00e7o), s\u00e3o 33 arquidioceses, 82 dioceses, 2 prelazias e a administra\u00e7\u00e3o apost\u00f3lica pessoal S\u00e3o Jo\u00e3o Maria Vianey que suspenderam as missas com p\u00fablico.<\/p>\n<p>Neste contexto, a indica\u00e7\u00e3o \u00e9 a pr\u00e1tica de exerc\u00edcios espirituais em casa e o acompanhamento de celebra\u00e7\u00f5es transmitidas pelos meios de comunica\u00e7\u00e3o, como televis\u00e3o, r\u00e1dio e internet (Confira os hor\u00e1rios das missas transmitidas pelas emissoras de TV de inspira\u00e7\u00e3o cat\u00f3lica). Os bispos t\u00eam incentivado padres e agentes de Pastoral a, mesmo sem contato pessoal, refor\u00e7arem a proximidade com os fi\u00e9is.<\/p>\n<p>Na tarde de ontem, as arquidioceses de Manaus (AM) e de Bras\u00edlia entraram, junto com outras Igrejas particulares, na lista de missas sem presen\u00e7a dos fi\u00e9is. No in\u00edcio da tarde desta ter\u00e7a-feira, a arquidiocese de S\u00e3o Lu\u00eds divulgou decreto suspendendo tamb\u00e9m as celebra\u00e7\u00f5es.<\/p>\n<p>No site de cada Igreja particular est\u00e3o orienta\u00e7\u00f5es sobre outras celebra\u00e7\u00f5es, disponibilidade dos templos para ora\u00e7\u00e3o, atendimentos e indica\u00e7\u00f5es para celebra\u00e7\u00f5es em casa.<\/p>\n<p><strong>Confira a lista de arquidioceses, dioceses e prelazias que suspenderam missas com fi\u00e9is<br \/>\n<\/strong><em>\u2013 lista atualizada \u00e0s 13h30 do dia 20 de mar\u00e7o de 2020<\/em><\/p>\n<p><em>Regional Leste 1 \u2013 Rio de Janeiro<\/em><\/p>\n<ul>\n<li>Arquidiocese de Niter\u00f3i<\/li>\n<li>Diocese de Barra do Pira\u00ed \u2013 Volta Redonda<\/li>\n<li>Diocese de Nova Friburgo<\/li>\n<\/ul>\n<p>Libera\u00e7\u00e3o do cumprimento de preceito dominical aos fi\u00e9is:<\/p>\n<ul>\n<li>Administra\u00e7\u00e3o Apost\u00f3lica Pessoal de S\u00e3o Jo\u00e3o Maria Vianney<\/li>\n<li>Arquidiocese de S\u00e3o Sebasti\u00e3o do Rio de Janeiro<\/li>\n<li>Diocese de Campos dos Goytacazes<\/li>\n<li>Diocese de Duque de Caxias<\/li>\n<li>Diocese de Itagua\u00ed<\/li>\n<li>Diocese de Nova Igua\u00e7u<\/li>\n<li>Diocese de Petr\u00f3polis<\/li>\n<li>Diocese de Valen\u00e7a<\/li>\n<\/ul>\n<p><em>Regional Leste 2 \u2013 Minas Gerais e Esp\u00edrito Santo<\/em><\/p>\n<p>Minas Gerais<\/p>\n<ul>\n<li>Arquidiocese de Belo Horizonte<\/li>\n<li>Arquidiocese de Diamantina<\/li>\n<li>Arquidiocese de Juiz de Fora<\/li>\n<li>Arquidiocese de Mariana<\/li>\n<li>Arquidiocese de Pouso Alegre<\/li>\n<li>Arquidiocese de Uberaba<\/li>\n<li>Diocese da Campanha<\/li>\n<li>Diocese de Divin\u00f3polis<\/li>\n<li>Diocese de Guaxup\u00e9<\/li>\n<li>Diocese de Janu\u00e1ria<\/li>\n<li>Diocese de Luz<\/li>\n<li>Diocese de Patos de Minas<\/li>\n<li>Diocese de Sete Lagoas<\/li>\n<li>Dioceses S\u00e3o Jo\u00e3o del-Rei<\/li>\n<li>Diocese de Te\u00f3filo Otoni<\/li>\n<\/ul>\n<p>Esp\u00edrito Santo<\/p>\n<ul>\n<li>Arquidiocese de Vit\u00f3ria<\/li>\n<li>Diocese de Colatina<\/li>\n<\/ul>\n<p><em>Regional Sul 1 \u2013 S\u00e3o Paulo<\/em><\/p>\n<ul>\n<li>Arquidiocese de Botucatu<\/li>\n<li>Arquidiocese de Campinas<\/li>\n<li>Arquidiocese de Ribeir\u00e3o Preto<\/li>\n<li>Arquidiocese de Sorocaba<\/li>\n<li>Diocese de Amparo<\/li>\n<li>Diocese de Assis<\/li>\n<li>Diocese de Barretos<\/li>\n<li>Diocese de Campo Limpo<\/li>\n<li>Diocese de Franca<\/li>\n<li>Diocese de Itapetininga<\/li>\n<li>Diocese de Itapeva<\/li>\n<li>Diocese de Jaboticabal<\/li>\n<li>Diocese de Jundia\u00ed<\/li>\n<li>Diocese de Mar\u00edlia<\/li>\n<li>Diocese de Ourinhos<\/li>\n<li>Diocese de Piracicaba<\/li>\n<li>Diocese de Presidente Prudente<\/li>\n<li>Diocese de Registro<\/li>\n<li>Diocese de Santo Amaro<\/li>\n<li>Diocese de S\u00e3o Carlos<\/li>\n<li>Diocese de S\u00e3o Jo\u00e3o da Boa Vista<\/li>\n<li>Diocese de S\u00e3o Jos\u00e9 dos Campos<\/li>\n<\/ul>\n<p><em>Regional Sul 2 \u2013 Paran\u00e1<\/em><\/p>\n<ul>\n<li>Arquidiocese de Curitiba<\/li>\n<li>Arquidiocese de Londrina<\/li>\n<li>Arquidiocese de Maring\u00e1<\/li>\n<li>Diocese de Apucarana<\/li>\n<li>Diocese de Campo Mour\u00e3o<\/li>\n<li>Diocese de Jacarezinho<\/li>\n<li>Diocese de Ponta Grossa<\/li>\n<li>Diocese de Paranagu\u00e1<\/li>\n<li>Diocese de Paranava\u00ed<\/li>\n<li>Diocese de S\u00e3o Jos\u00e9 dos Pinhais<\/li>\n<li>Diocese de Toledo<\/li>\n<li>Diocese de Umuarama<\/li>\n<\/ul>\n<p>As demais mant\u00eam as missas, mas com orienta\u00e7\u00f5es sanit\u00e1rias.<\/p>\n<p><em>Regional Sul 3 \u2013 Rio Grande do Sul<\/em><\/p>\n<ul>\n<li>Arquidiocese de Pelotas<\/li>\n<li>Arquidiocese de Porto Alegre<\/li>\n<li>Diocese de Caxias do Sul<\/li>\n<li>Diocese de Cruz Alta<\/li>\n<li>Diocese de Erexim<\/li>\n<li>Diocese de Frederico Westphalen<\/li>\n<li>Diocese de Montenegro<\/li>\n<li>Diocese de Novo Hamburgo<\/li>\n<\/ul>\n<p><em>Regional Sul 4 \u2013 Santa Catarina<\/em><\/p>\n<ul>\n<li>Arquidiocese de Florian\u00f3polis<\/li>\n<li>Diocese de Blumenau<\/li>\n<li>Diocese de Ca\u00e7ador<\/li>\n<li>Diocese de Chapec\u00f3<\/li>\n<li>Diocese de Crici\u00fama<\/li>\n<li>Diocese de Joa\u00e7aba<\/li>\n<li>Diocese de Joinville<\/li>\n<li>Diocese de Lages<\/li>\n<li>Diocese de Rio do Sul<\/li>\n<li>Diocese de Tubar\u00e3o<\/li>\n<\/ul>\n<p><em>Regional Nordeste 1 \u2013 Cear\u00e1<\/em><\/p>\n<ul>\n<li>Diocese de Crate\u00fas<\/li>\n<li>Diocese de Quixad\u00e1<\/li>\n<li>Diocese de Tiangu\u00e1<\/li>\n<\/ul>\n<p><em>Regional Nordeste 2 \u2013 Alagoas, Para\u00edba, Pernambuco e Rio Grande do Norte<\/em><\/p>\n<p>Para\u00edba<\/p>\n<ul>\n<li>Arquidiocese da Para\u00edba<\/li>\n<\/ul>\n<p>Pernambuco<\/p>\n<ul>\n<li>Arquidiocese de Olinda e Recife<\/li>\n<\/ul>\n<p>Rio Grande do Norte<\/p>\n<ul>\n<li>Arquidiocese de Natal<\/li>\n<li>Diocese de Caic\u00f3<\/li>\n<li>Diocese de Mossor\u00f3<\/li>\n<\/ul>\n<p><em>Regional Nordeste 3 \u2013 Bahia e Sergipe<\/em><\/p>\n<p>Bahia<\/p>\n<ul>\n<li>Arquidiocese de Salvador<\/li>\n<li>Arquidiocese de Feira de Santana<\/li>\n<li>Arquidiocese de Vit\u00f3ria da Conquista<\/li>\n<li>Diocese de Amargosa<\/li>\n<li>Diocese de Barreiras<\/li>\n<li>Diocese de Cama\u00e7ari<\/li>\n<li>Diocese de Livramento de Nossa Senhora<\/li>\n<li>Diocese de Paulo Afonso<\/li>\n<li>Diocese de Ruy Barbosa<\/li>\n<li>Diocese de Teixeira de Freitas \u2013 Caravelas<\/li>\n<\/ul>\n<p>Sergipe<\/p>\n<ul>\n<li>Diocese de Est\u00e2ncia<\/li>\n<\/ul>\n<p><em>Regional Nordeste 4 (Piau\u00ed)<br \/>\n\u2014 Nenhuma at\u00e9 o momento&nbsp;<\/em><\/p>\n<p><em>Regional Nordeste 5 (Maranh\u00e3o)<\/em><\/p>\n<ul>\n<li>Arquidiocese de S\u00e3o Lu\u00eds<em><br \/>\n<\/em><\/li>\n<\/ul>\n<p>&nbsp;<\/p>\n<p><em>Regional Centro-Oeste \u2013 Goi\u00e1s e Distrito Federal<\/em><\/p>\n<p>Goi\u00e1s<\/p>\n<ul>\n<li>Arquidiocese de Goi\u00e2nia<\/li>\n<li>Diocese de An\u00e1polis<\/li>\n<li>Diocese de Formosa<\/li>\n<li>Diocese de Goi\u00e1s<\/li>\n<li>Diocese de Ipameri<\/li>\n<li>Diocese de Itumbiara<\/li>\n<li>Diocese de Jata\u00ed<\/li>\n<li>Diocese de Luzi\u00e2nia<\/li>\n<li>Diocese de Rubiataba e Mozarl\u00e2ndia<\/li>\n<li>Diocese de Urua\u00e7u<\/li>\n<\/ul>\n<p>Distrito Federal<\/p>\n<ul>\n<li>Arquidiocese de Bras\u00edlia<\/li>\n<\/ul>\n<p><em>Regional Oeste 1 \u2013 Mato Grosso do Sul<\/em><\/p>\n<ul>\n<li>Arquidiocese de Campo Grande<\/li>\n<li>Diocese de Tr\u00eas Lagoas<\/li>\n<li>Diocese de Navira\u00ed<\/li>\n<\/ul>\n<p><em>Regional Oeste 2 \u2013 Mato Grosso<\/em><\/p>\n<ul>\n<li>Arquidiocese de Cuiab\u00e1<\/li>\n<\/ul>\n<p><em><br \/>\nRegional Norte 1 (Amazonas e Roraima)<\/em><\/p>\n<p>Amazonas<\/p>\n<ul>\n<li>Arquidiocese de Manaus<\/li>\n<\/ul>\n<p><em><br \/>\nRegional Norte 2 \u2013 Par\u00e1 e Amap\u00e1<\/em><\/p>\n<p>Par\u00e1<\/p>\n<ul>\n<li>Prelazia de Itaituba<\/li>\n<\/ul>\n<p>Regional Norte 3 (Tocantins)<\/p>\n<ul>\n<li>Arquidiocese de Palmas<\/li>\n<\/ul>\n<p><em><br \/>\nRegional Noroeste \u2013 Acre, Sul do Amazonas e Rond\u00f4nia<\/em><\/p>\n<p>Acre<\/p>\n<ul>\n<li>Diocese de Rio Branco<\/li>\n<\/ul>\n<p>Amazonas<\/p>\n<ul>\n<li>Diocese de Humait\u00e1<\/li>\n<li>Prelazia de L\u00e1brea<\/li>\n<\/ul>\n<p>Rond\u00f4nia<\/p>\n<ul>\n<li>Arquidiocese de Porto Velho<\/li>\n<li>Diocese de Ji-Paran\u00e1&nbsp;<\/li>\n<li>&nbsp;<\/li>\n<li>Fonte e foto: CNBB<\/li>\n<\/ul>\n","protected":false},"excerpt":{"rendered":"<p>Pensando na preven\u00e7\u00e3o ao novo coronav\u00edrus e acatando determina\u00e7\u00f5es e orienta\u00e7\u00f5es das autoridades, dioceses brasileiras t\u00eam dispensado os fi\u00e9is do preceito dominical e determinado que os padres celebrem de forma privada. Essas medidas significam que as missas com participa\u00e7\u00e3o do povo de Deus est\u00e3o suspensas e os padres celebrar\u00e3o sozinhos. At\u00e9 o momento (12h de&nbsp;<\/p>\n<p><a class=\"btn btn-style\" href=\"https:\/\/portalcatolico.net\/portal\/novas-igrejas-particulares-suspendem-missas-com-participacao-dos-fieis-em-todo-o-brasil\/\">Continue Reading<\/a><\/p>\n","protected":false},"author":2,"featured_media":68765,"comment_status":"open","ping_status":"open","sticky":false,"template":"","format":"standard","meta":{"footnotes":""},"categories":[3],"tags":[],"class_list":["post-68764","post","type-post","status-publish","format-standard","has-post-thumbnail","hentry","category-noticias_regionais"],"_links":{"self":[{"href":"https:\/\/portalcatolico.net\/portal\/wp-json\/wp\/v2\/posts\/68764","targetHints":{"allow":["GET"]}}],"collection":[{"href":"https:\/\/portalcatolico.net\/portal\/wp-json\/wp\/v2\/posts"}],"about":[{"href":"https:\/\/portalcatolico.net\/portal\/wp-json\/wp\/v2\/types\/post"}],"author":[{"embeddable":true,"href":"https:\/\/portalcatolico.net\/portal\/wp-json\/wp\/v2\/users\/2"}],"replies":[{"embeddable":true,"href":"https:\/\/portalcatolico.net\/portal\/wp-json\/wp\/v2\/comments?post=68764"}],"version-history":[{"count":1,"href":"https:\/\/portalcatolico.net\/portal\/wp-json\/wp\/v2\/posts\/68764\/revisions"}],"predecessor-version":[{"id":68766,"href":"https:\/\/portalcatolico.net\/portal\/wp-json\/wp\/v2\/posts\/68764\/revisions\/68766"}],"wp:featuredmedia":[{"embeddable":true,"href":"https:\/\/portalcatolico.net\/portal\/wp-json\/wp\/v2\/media\/68765"}],"wp:attachment":[{"href":"https:\/\/portalcatolico.net\/portal\/wp-json\/wp\/v2\/media?parent=68764"}],"wp:term":[{"taxonomy":"category","embeddable":true,"href":"https:\/\/portalcatolico.net\/portal\/wp-json\/wp\/v2\/categories?post=68764"},{"taxonomy":"post_tag","embeddable":true,"href":"https:\/\/portalcatolico.net\/portal\/wp-json\/wp\/v2\/tags?post=68764"}],"curies":[{"name":"wp","href":"https:\/\/api.w.org\/{rel}","templated":true}]}}