{"id":68761,"date":"2020-03-21T20:25:59","date_gmt":"2020-03-21T23:25:59","guid":{"rendered":"http:\/\/portalcatolico.net\/portal\/?p=68761"},"modified":"2020-03-21T20:25:59","modified_gmt":"2020-03-21T23:25:59","slug":"sao-miguel-arcanjo-e-o-fim-da-peste-em-roma","status":"publish","type":"post","link":"https:\/\/portalcatolico.net\/portal\/sao-miguel-arcanjo-e-o-fim-da-peste-em-roma\/","title":{"rendered":"S\u00e3o Miguel Arcanjo e o fim da peste em Roma"},"content":{"rendered":"<div class=\"article__subTitle\">Com o poder da ora\u00e7\u00e3o, o Papa S\u00e3o Greg\u00f3rio Magno conseguiu deter a peste que atingira Roma. O arcanjo Miguel desceu sobre o Castel Sant\u2019Angelo renunciando ao uso da espada. Por isso, hoje pode-se ver a grande est\u00e1tua de bronze do arcanjo sobre o Mausol\u00e9u de Adriano e explica-se o novo nome do monumento.<\/div>\n<div>&nbsp;<\/div>\n<div class=\"title__separator\">A vista panor\u00e2mica de Roma se caracteriza por figuras aladas: pode-se ver em v\u00e1rios monumentos cl\u00e1ssicos da cidade, s\u00e3o&nbsp;<i>Nikai<\/i>, Vit\u00f3rias Aladas, s\u00edmbolo da Rep\u00fablica, semelhantes \u00e0s da antiga Roma. Mas tamb\u00e9m por figuras ang\u00e9licas, como as que est\u00e3o ao longo da ponte que leva ao Castel Sant\u2019Angelo.<\/div>\n<div>\n<p><b>A est\u00e1tua de S\u00e3o Miguel sobre o Castel Sant\u2019Angelo<\/b><\/p>\n<p>Por\u00e9m com um particular: uma grande est\u00e1tua de S\u00e3o Miguel Arcanjo. A iconografia \u00e9 profundamente diferente da can\u00f4nica. A coloca\u00e7\u00e3o do corpo \u00e9 est\u00e1tica, n\u00e3o exprime a energia din\u00e2mica que estamos acostumados, como por exemplo nas pinturas de Rafael ou Guido Reni. O anjo n\u00e3o est\u00e1 agindo, mas est\u00e1 parado antes de agir. Chegou h\u00e1 pouco e aos seus p\u00e9s n\u00e3o h\u00e1 o maligno contra\u00eddo e vencido. S\u00e3o Miguel tem o bra\u00e7o levantado, instantes antes de voltar a colocar a espada na cintura. Um gesto de paz e de miseric\u00f3rdia.<\/p>\n<p><b>A peste de 590 em Roma e S\u00e3o Greg\u00f3rio Magno<\/b><\/p>\n<p>Greg\u00f3rio Magno sucedeu Pel\u00e1gio II em setembro do ano 590, que morrera devido \u00e0 terr\u00edvel pestil\u00eancia vinda do Egito no ano anterior. A chamada&nbsp;<i>lues inguinaria<\/i>&nbsp;que causou in\u00fameras mortes e parecia n\u00e3o cessar.<\/p>\n<p>Ent\u00e3o o Papa decidiu organizar uma ladainha septiforme, isto \u00e9, uma prociss\u00e3o dividida em sete cortejos aos quais participaram todas as ordens do clero e toda a popula\u00e7\u00e3o de Roma. Eles atravessaram as ruas da cidade, para levar at\u00e9 a Bas\u00edlica de S\u00e3o Pedro a imagem de&nbsp;<i>Maria Salus Populi Romani<\/i>, conservada na Bas\u00edlica de Santa Maria Maior e pintada pelo evangelista Lucas.<\/p>\n<p>Sim, exatamente o \u00edcone t\u00e3o amado pelo Papa Francisco, que ele visita todas as vezes que deve viajar. Recordemos que tamb\u00e9m a visitou no domingo passado (15), durante a sua primeira etapa de peregrina\u00e7\u00e3o para invocar o fim da pandemia.<\/p>\n<p>Gregorio de Tours no&nbsp;<i>Historiae Francorum<\/i>&nbsp;(liber X, 1) e Iacopo de Varazze, na&nbsp;<i>Legenda Aurea<\/i>, narram o memor\u00e1vel prod\u00edgio de modo premente e fervoroso. Durante a prociss\u00e3o, em apenas uma hora morreram oitenta pessoas, mas Papa Greg\u00f3rio n\u00e3o deixava de encorajar e ir adiante com f\u00e9. \u00c0 medida que o cortejo se aproximava da Bas\u00edlica de S\u00e3o Pedro, o ar tornava-se mais leve e salubre. Ao chegarem na ponte que ligava a cidade ao Mausol\u00e9u de Adriano, na \u00e9poca chamado&nbsp;<i>Castellum Crescentii<\/i>, de improviso desceram do c\u00e9u fileiras de anjos que cantavam ora\u00e7\u00f5es que depois se tornariam o&nbsp;<i>Regina Caeli<\/i>, a ant\u00edfona que no tempo pascal substitui o Angelus: \u201cRegina Coeli, laetare, Alleluja \u2013 Quia quemmeruisti portare, Alleluja \u2013 Resurrexit sicut dixit, Alleluja!\u201d.<\/p>\n<p>S\u00e3o Greg\u00f3rio respondeu: \u201cOra pro nobis rogamus, Alleluja!\u201d. Os anjos pairavam mais baixo quase sobre a cabe\u00e7a dos presentes e por fim circundaram a pintura de Maria. Greg\u00f3rio olhou para cima e viu sobre o cume do castelo a grande figura armada do arcanjo enquanto enxugava o sangue da espada e a recolocava na cintura. A peste tinha acabado.<\/p>\n<p><b>Para recordar o milagre uma grande est\u00e1tua do Arcanjo Miguel<\/b><\/p>\n<p>A est\u00e1tua que hoje podemos admirar no alto do mausol\u00e9u \u00e9 obra do escultor flamingo Peter Anton Verschaffelt, que venceu o concurso convocado pelo Papa Bento XIV Lambertini por ocasi\u00e3o do Jubileu de 1750. Inaugurada em 1752, a grande est\u00e1tua (4,70m x 5,40 m) tem uma planta mais convencional, formada por 35 pe\u00e7as de bronze sustentadas por uma arma\u00e7\u00e3o interna, substitu\u00edda em 1986 por uma de a\u00e7o e tit\u00e2nio.<\/p>\n<p><b>Uma profunda diferen\u00e7a entre as figuras aladas e o Arcanjo Miguel<\/b><\/p>\n<p>As vit\u00f3rias aladas parecem tomar impulso para se lan\u00e7ar em voo, para sair da terra, para atravessar o c\u00e9u com seus s\u00edmbolos terrenos. S\u00e3o Miguel, ao contr\u00e1rio, chega e p\u00f5e seus p\u00e9s no ch\u00e3o, a ponto de deixar pegadas, marcadas em uma pedra conservada no museu do Castelo, ensinando-nos que ele est\u00e1 presente, aqui conosco, e pronto a interceder se lhe pedirmos com f\u00e9.<\/p>\n<\/div>\n<div class=\"article__text\">\n<p><b>Por:Maria Milvia Morciano \u2013 Cidade do Vaticano\/Vatican News<\/b><\/p>\n<\/div>\n","protected":false},"excerpt":{"rendered":"<p>Com o poder da ora\u00e7\u00e3o, o Papa S\u00e3o Greg\u00f3rio Magno conseguiu deter a peste que atingira Roma. O arcanjo Miguel desceu sobre o Castel Sant\u2019Angelo renunciando ao uso da espada. Por isso, hoje pode-se ver a grande est\u00e1tua de bronze do arcanjo sobre o Mausol\u00e9u de Adriano e explica-se o novo nome do monumento. &nbsp;&nbsp;<\/p>\n<p><a class=\"btn btn-style\" href=\"https:\/\/portalcatolico.net\/portal\/sao-miguel-arcanjo-e-o-fim-da-peste-em-roma\/\">Continue Reading<\/a><\/p>\n","protected":false},"author":2,"featured_media":68762,"comment_status":"open","ping_status":"open","sticky":false,"template":"","format":"standard","meta":{"footnotes":""},"categories":[5],"tags":[],"class_list":["post-68761","post","type-post","status-publish","format-standard","has-post-thumbnail","hentry","category-igreja_no_mundo"],"_links":{"self":[{"href":"https:\/\/portalcatolico.net\/portal\/wp-json\/wp\/v2\/posts\/68761","targetHints":{"allow":["GET"]}}],"collection":[{"href":"https:\/\/portalcatolico.net\/portal\/wp-json\/wp\/v2\/posts"}],"about":[{"href":"https:\/\/portalcatolico.net\/portal\/wp-json\/wp\/v2\/types\/post"}],"author":[{"embeddable":true,"href":"https:\/\/portalcatolico.net\/portal\/wp-json\/wp\/v2\/users\/2"}],"replies":[{"embeddable":true,"href":"https:\/\/portalcatolico.net\/portal\/wp-json\/wp\/v2\/comments?post=68761"}],"version-history":[{"count":1,"href":"https:\/\/portalcatolico.net\/portal\/wp-json\/wp\/v2\/posts\/68761\/revisions"}],"predecessor-version":[{"id":68763,"href":"https:\/\/portalcatolico.net\/portal\/wp-json\/wp\/v2\/posts\/68761\/revisions\/68763"}],"wp:featuredmedia":[{"embeddable":true,"href":"https:\/\/portalcatolico.net\/portal\/wp-json\/wp\/v2\/media\/68762"}],"wp:attachment":[{"href":"https:\/\/portalcatolico.net\/portal\/wp-json\/wp\/v2\/media?parent=68761"}],"wp:term":[{"taxonomy":"category","embeddable":true,"href":"https:\/\/portalcatolico.net\/portal\/wp-json\/wp\/v2\/categories?post=68761"},{"taxonomy":"post_tag","embeddable":true,"href":"https:\/\/portalcatolico.net\/portal\/wp-json\/wp\/v2\/tags?post=68761"}],"curies":[{"name":"wp","href":"https:\/\/api.w.org\/{rel}","templated":true}]}}