{"id":68757,"date":"2020-03-20T19:15:54","date_gmt":"2020-03-20T22:15:54","guid":{"rendered":"http:\/\/portalcatolico.net\/portal\/?p=68757"},"modified":"2020-03-20T19:21:55","modified_gmt":"2020-03-20T22:21:55","slug":"diocese-de-itabuna-emite-segunda-nota-sobre-situacao-das-atividades-religiosas-frente-a-expansao-do-coronavirus-confira","status":"publish","type":"post","link":"https:\/\/portalcatolico.net\/portal\/diocese-de-itabuna-emite-segunda-nota-sobre-situacao-das-atividades-religiosas-frente-a-expansao-do-coronavirus-confira\/","title":{"rendered":"Diocese de Itabuna emite segunda nota sobre situa\u00e7\u00e3o das atividades religiosas frente a expans\u00e3o do coronav\u00edrus. Confira!"},"content":{"rendered":"<div dir=\"auto\">A Diocese de Itabuna precisou tomar medidas urgentes devido ao cen\u00e1rio em que Itabuna e regi\u00e3o se encontra, devido a expans\u00e3o do coronav\u00edrus, que atinge n\u00e3o s\u00f3 o Brasil, mas todo o mundo. Por meio de uma segunda nota, a Diocese emitiu diversas orienta\u00e7\u00f5es. Confira quais foram as medidas urgentes que precisaram ser tomadas na tentativa de evitar danos \u00e0 sa\u00fade de todos.<\/div>\n<div><strong>Veja a nota na \u00edntegra, com bastante aten\u00e7\u00e3o e proteja-se.<\/strong><\/div>\n<div><img loading=\"lazy\" decoding=\"async\" class=\"alignnone wp-image-68758\" src=\"http:\/\/portalcatolico.net\/portal\/wp-content\/uploads\/2020\/03\/Itabuna-169x300.jpg\" alt=\"\" width=\"748\" height=\"1328\" srcset=\"https:\/\/portalcatolico.net\/portal\/wp-content\/uploads\/2020\/03\/Itabuna-169x300.jpg 169w, https:\/\/portalcatolico.net\/portal\/wp-content\/uploads\/2020\/03\/Itabuna.jpg 540w\" sizes=\"auto, (max-width: 748px) 100vw, 748px\" \/><\/div>\n","protected":false},"excerpt":{"rendered":"<p>A Diocese de Itabuna precisou tomar medidas urgentes devido ao cen\u00e1rio em que Itabuna e regi\u00e3o se encontra, devido a expans\u00e3o do coronav\u00edrus, que atinge n\u00e3o s\u00f3 o Brasil, mas todo o mundo. Por meio de uma segunda nota, a Diocese emitiu diversas orienta\u00e7\u00f5es. Confira quais foram as medidas urgentes que precisaram ser tomadas na&nbsp;<\/p>\n<p><a class=\"btn btn-style\" href=\"https:\/\/portalcatolico.net\/portal\/diocese-de-itabuna-emite-segunda-nota-sobre-situacao-das-atividades-religiosas-frente-a-expansao-do-coronavirus-confira\/\">Continue Reading<\/a><\/p>\n","protected":false},"author":2,"featured_media":68760,"comment_status":"open","ping_status":"open","sticky":false,"template":"","format":"standard","meta":{"footnotes":""},"categories":[4],"tags":[],"class_list":["post-68757","post","type-post","status-publish","format-standard","has-post-thumbnail","hentry","category-destaques"],"_links":{"self":[{"href":"https:\/\/portalcatolico.net\/portal\/wp-json\/wp\/v2\/posts\/68757","targetHints":{"allow":["GET"]}}],"collection":[{"href":"https:\/\/portalcatolico.net\/portal\/wp-json\/wp\/v2\/posts"}],"about":[{"href":"https:\/\/portalcatolico.net\/portal\/wp-json\/wp\/v2\/types\/post"}],"author":[{"embeddable":true,"href":"https:\/\/portalcatolico.net\/portal\/wp-json\/wp\/v2\/users\/2"}],"replies":[{"embeddable":true,"href":"https:\/\/portalcatolico.net\/portal\/wp-json\/wp\/v2\/comments?post=68757"}],"version-history":[{"count":1,"href":"https:\/\/portalcatolico.net\/portal\/wp-json\/wp\/v2\/posts\/68757\/revisions"}],"predecessor-version":[{"id":68759,"href":"https:\/\/portalcatolico.net\/portal\/wp-json\/wp\/v2\/posts\/68757\/revisions\/68759"}],"wp:featuredmedia":[{"embeddable":true,"href":"https:\/\/portalcatolico.net\/portal\/wp-json\/wp\/v2\/media\/68760"}],"wp:attachment":[{"href":"https:\/\/portalcatolico.net\/portal\/wp-json\/wp\/v2\/media?parent=68757"}],"wp:term":[{"taxonomy":"category","embeddable":true,"href":"https:\/\/portalcatolico.net\/portal\/wp-json\/wp\/v2\/categories?post=68757"},{"taxonomy":"post_tag","embeddable":true,"href":"https:\/\/portalcatolico.net\/portal\/wp-json\/wp\/v2\/tags?post=68757"}],"curies":[{"name":"wp","href":"https:\/\/api.w.org\/{rel}","templated":true}]}}