{"id":68752,"date":"2020-03-20T19:01:36","date_gmt":"2020-03-20T22:01:36","guid":{"rendered":"http:\/\/portalcatolico.net\/portal\/?p=68752"},"modified":"2020-03-20T19:11:52","modified_gmt":"2020-03-20T22:11:52","slug":"diocese-de-ilheus-suspende-celebracoes-e-atividades-paroquiais","status":"publish","type":"post","link":"https:\/\/portalcatolico.net\/portal\/diocese-de-ilheus-suspende-celebracoes-e-atividades-paroquiais\/","title":{"rendered":"Diocese de Ilh\u00e9us suspende celebra\u00e7\u00f5es e atividades paroquiais"},"content":{"rendered":"<div dir=\"auto\">A Diocese de Ilh\u00e9us&nbsp;suspendeu as celebra\u00e7\u00f5es (missas) e todas as atividades paroquiais, a partir desta sexta-feira (20), por tempo indeterminado. A medida foi tomada por causa da pandemia do&nbsp;coronav\u00edrus, seguindo orienta\u00e7\u00f5es do munic\u00edpio, estado e do Minist\u00e9rio da Sa\u00fade sobre os cuidados para evitar aglomera\u00e7\u00e3o de pessoas e assim, evitar a propaga\u00e7\u00e3o da Covid-19.&nbsp;<\/div>\n<div dir=\"auto\"><strong>Confira a nota na \u00edntegra!<\/strong><\/div>\n<div dir=\"auto\"><img loading=\"lazy\" decoding=\"async\" class=\"alignnone  wp-image-68755\" src=\"http:\/\/portalcatolico.net\/portal\/wp-content\/uploads\/2020\/03\/download-197x300.png\" alt=\"\" width=\"745\" height=\"1135\" srcset=\"https:\/\/portalcatolico.net\/portal\/wp-content\/uploads\/2020\/03\/download-197x300.png 197w, https:\/\/portalcatolico.net\/portal\/wp-content\/uploads\/2020\/03\/download-768x1171.png 768w, https:\/\/portalcatolico.net\/portal\/wp-content\/uploads\/2020\/03\/download-672x1024.png 672w, https:\/\/portalcatolico.net\/portal\/wp-content\/uploads\/2020\/03\/download.png 770w\" sizes=\"auto, (max-width: 745px) 100vw, 745px\" \/><\/div>\n","protected":false},"excerpt":{"rendered":"<p>A Diocese de Ilh\u00e9us&nbsp;suspendeu as celebra\u00e7\u00f5es (missas) e todas as atividades paroquiais, a partir desta sexta-feira (20), por tempo indeterminado. A medida foi tomada por causa da pandemia do&nbsp;coronav\u00edrus, seguindo orienta\u00e7\u00f5es do munic\u00edpio, estado e do Minist\u00e9rio da Sa\u00fade sobre os cuidados para evitar aglomera\u00e7\u00e3o de pessoas e assim, evitar a propaga\u00e7\u00e3o da Covid-19.&nbsp; Confira&nbsp;<\/p>\n<p><a class=\"btn btn-style\" href=\"https:\/\/portalcatolico.net\/portal\/diocese-de-ilheus-suspende-celebracoes-e-atividades-paroquiais\/\">Continue Reading<\/a><\/p>\n","protected":false},"author":2,"featured_media":68724,"comment_status":"open","ping_status":"open","sticky":false,"template":"","format":"standard","meta":{"footnotes":""},"categories":[3],"tags":[],"class_list":["post-68752","post","type-post","status-publish","format-standard","has-post-thumbnail","hentry","category-noticias_regionais"],"_links":{"self":[{"href":"https:\/\/portalcatolico.net\/portal\/wp-json\/wp\/v2\/posts\/68752","targetHints":{"allow":["GET"]}}],"collection":[{"href":"https:\/\/portalcatolico.net\/portal\/wp-json\/wp\/v2\/posts"}],"about":[{"href":"https:\/\/portalcatolico.net\/portal\/wp-json\/wp\/v2\/types\/post"}],"author":[{"embeddable":true,"href":"https:\/\/portalcatolico.net\/portal\/wp-json\/wp\/v2\/users\/2"}],"replies":[{"embeddable":true,"href":"https:\/\/portalcatolico.net\/portal\/wp-json\/wp\/v2\/comments?post=68752"}],"version-history":[{"count":3,"href":"https:\/\/portalcatolico.net\/portal\/wp-json\/wp\/v2\/posts\/68752\/revisions"}],"predecessor-version":[{"id":68756,"href":"https:\/\/portalcatolico.net\/portal\/wp-json\/wp\/v2\/posts\/68752\/revisions\/68756"}],"wp:featuredmedia":[{"embeddable":true,"href":"https:\/\/portalcatolico.net\/portal\/wp-json\/wp\/v2\/media\/68724"}],"wp:attachment":[{"href":"https:\/\/portalcatolico.net\/portal\/wp-json\/wp\/v2\/media?parent=68752"}],"wp:term":[{"taxonomy":"category","embeddable":true,"href":"https:\/\/portalcatolico.net\/portal\/wp-json\/wp\/v2\/categories?post=68752"},{"taxonomy":"post_tag","embeddable":true,"href":"https:\/\/portalcatolico.net\/portal\/wp-json\/wp\/v2\/tags?post=68752"}],"curies":[{"name":"wp","href":"https:\/\/api.w.org\/{rel}","templated":true}]}}