{"id":68750,"date":"2020-03-21T00:56:55","date_gmt":"2020-03-21T03:56:55","guid":{"rendered":"http:\/\/portalcatolico.net\/portal\/?p=68750"},"modified":"2020-03-20T18:57:20","modified_gmt":"2020-03-20T21:57:20","slug":"exilio-e-austeridades","status":"publish","type":"post","link":"https:\/\/portalcatolico.net\/portal\/exilio-e-austeridades\/","title":{"rendered":"Ex\u00edlio e austeridades"},"content":{"rendered":"<p>O dom de viver \u00e9 compromisso di\u00e1rio que inclui muitos desafios e, certamente por isso, diz-se que viver \u00e9 uma arte. Mas n\u00e3o se trata de arte confeccionada isoladamente. Depende da participa\u00e7\u00e3o de todos, a partir da inigual\u00e1vel contribui\u00e7\u00e3o da solidariedade, \u00fanico rem\u00e9dio que tem for\u00e7a para mudar tristes cen\u00e1rios, a exemplo dos que s\u00e3o desenhados pelas pandemias que assolam o mundo ao longo de toda a hist\u00f3ria. H\u00e1 muitas pandemias: da viol\u00eancia crescente, da fome e da mis\u00e9ria, da indiferen\u00e7a que compromete a justi\u00e7a e a paz. H\u00e1 tamb\u00e9m a pandemia da gan\u00e2ncia que cega o cora\u00e7\u00e3o e leva \u00e0 predat\u00f3ria busca pelo lucro, com a explora\u00e7\u00e3o desmedida do meio ambiente, em diferentes lugares do Brasil, a exemplo de uma minera\u00e7\u00e3o irrespons\u00e1vel. A partir de triste realidade, muitas pandemias se perpetuam: os ouvidos de muitos s\u00e3o surdos para os clamores dos pobres e o grito dos profetas.<\/p>\n<p>Atualmente, desafiando a sociedade mundial, a pandemia do Coronav\u00edrus, o COVID-19 caminha para o seu auge. Impacto que abala a fr\u00e1gil estrutura da economia global, comprovando que tiros e moedas n\u00e3o vencem a guerra viral. A pandemia do Coronav\u00edrus bate \u00e0 porta de todos e configura um tempo de ex\u00edlio, lembrado o desafio existencial vivido pelo Povo de Deus, em etapas diferentes de sua hist\u00f3ria. Todos agora confinados t\u00eam oportunidade austera de repensar caminhos, alimentar-se pela espiritualidade, enquanto colaboram para superar a pandemia. O ex\u00edlio \u00e9 oportunidade para renovar a esperan\u00e7a e nos fortalecer. Tempo de aprendizagens e novas conquistas, jamais de medo e p\u00e2nico.<\/p>\n<p>Deus tudo conduz. \u00c9 o Senhor da hist\u00f3ria. \u00c9 o Vencedor. A f\u00e9 inabal\u00e1vel alimenta a esperan\u00e7a e consolida a caridade. A convoca\u00e7\u00e3o \u00e9 para se viver fecunda espiritualidade, balizando a\u00e7\u00f5es de preven\u00e7\u00e3o, gestos de solidariedade, obedi\u00eancia \u00e0s indica\u00e7\u00f5es e determina\u00e7\u00f5es das autoridades em sa\u00fade p\u00fablica para, em breve, abrir novo ciclo, no Brasil e no mundo. Al\u00e9m do Coronav\u00edrus, a humanidade inteira est\u00e1 contaminada e adoecida por modelos econ\u00f4micos, pol\u00edticos e at\u00e9 religiosos que a enfraquecem. A constata\u00e7\u00e3o n\u00e3o \u00e9 um apan\u00e1gio de pessimismo, mas uma convoca\u00e7\u00e3o a levantar a bandeira da esperan\u00e7a, investindo na compet\u00eancia human\u00edstica para encontrar novos modelos de sociedade que possam emoldurar a vida com grande alegria.<\/p>\n<p>Com a for\u00e7a da f\u00e9, inabal\u00e1vel porque assentada em Deus, o \u00fanico que tudo pode, por uma cidadania correspons\u00e1vel e solid\u00e1ria, impulsionados pelas ci\u00eancias, responsavelmente conduzidos por s\u00e9rios l\u00edderes mundiais, reverentes a cada pessoa, todos contribuam para que novo ciclo seja aberto, coerente com as expectativas da humanidade. Iluminada pela Luz da esperan\u00e7a, a sociedade brasileira passe por este ex\u00edlio, deixando-se conduzir pela for\u00e7a transformadora do amor, convencida de que \u00e9 imprescind\u00edvel exercer a solidariedade.&nbsp;<\/p>\n<p>Prevale\u00e7am os compromissos com a austeridade e com a coopera\u00e7\u00e3o e ningu\u00e9m fuja do ex\u00edlio \u2013 \u00e9 preciso permanecer mais no pr\u00f3prio lar. Na luta contra essa e tantas outras pandemias, seja inspira\u00e7\u00e3o o horizonte da fraternidade e da vida, dom e compromisso. Unido, orante, austero e solid\u00e1rio, o povo brasileiro vencer\u00e1 e encontrar\u00e1 a paz. Triunfar\u00e1, pela ben\u00e7\u00e3o de Deus, o dom da vida. Cres\u00e7a, agora, na interioridade de cada brasileiro, um cora\u00e7\u00e3o samaritano, aquele que, diante da dor e do sofrimento do outro, \u00e9 capaz de ver, sentir compaix\u00e3o e cuidar.<\/p>\n<p>Dom Walmor Oliveira de Azevedo<\/p>\n<p>Arcebispo metropolitano de Belo Horizonte (MG)<\/p>\n<p>Presidente da Confer\u00eancia Nacional dos Bispos do Brasil (CNBB)<\/p>\n","protected":false},"excerpt":{"rendered":"<p>O dom de viver \u00e9 compromisso di\u00e1rio que inclui muitos desafios e, certamente por isso, diz-se que viver \u00e9 uma arte. Mas n\u00e3o se trata de arte confeccionada isoladamente. Depende da participa\u00e7\u00e3o de todos, a partir da inigual\u00e1vel contribui\u00e7\u00e3o da solidariedade, \u00fanico rem\u00e9dio que tem for\u00e7a para mudar tristes cen\u00e1rios, a exemplo dos que s\u00e3o&nbsp;<\/p>\n<p><a class=\"btn btn-style\" href=\"https:\/\/portalcatolico.net\/portal\/exilio-e-austeridades\/\">Continue Reading<\/a><\/p>\n","protected":false},"author":2,"featured_media":63692,"comment_status":"open","ping_status":"open","sticky":false,"template":"","format":"standard","meta":{"footnotes":""},"categories":[69],"tags":[],"class_list":["post-68750","post","type-post","status-publish","format-standard","has-post-thumbnail","hentry","category-artigos"],"_links":{"self":[{"href":"https:\/\/portalcatolico.net\/portal\/wp-json\/wp\/v2\/posts\/68750","targetHints":{"allow":["GET"]}}],"collection":[{"href":"https:\/\/portalcatolico.net\/portal\/wp-json\/wp\/v2\/posts"}],"about":[{"href":"https:\/\/portalcatolico.net\/portal\/wp-json\/wp\/v2\/types\/post"}],"author":[{"embeddable":true,"href":"https:\/\/portalcatolico.net\/portal\/wp-json\/wp\/v2\/users\/2"}],"replies":[{"embeddable":true,"href":"https:\/\/portalcatolico.net\/portal\/wp-json\/wp\/v2\/comments?post=68750"}],"version-history":[{"count":1,"href":"https:\/\/portalcatolico.net\/portal\/wp-json\/wp\/v2\/posts\/68750\/revisions"}],"predecessor-version":[{"id":68751,"href":"https:\/\/portalcatolico.net\/portal\/wp-json\/wp\/v2\/posts\/68750\/revisions\/68751"}],"wp:featuredmedia":[{"embeddable":true,"href":"https:\/\/portalcatolico.net\/portal\/wp-json\/wp\/v2\/media\/63692"}],"wp:attachment":[{"href":"https:\/\/portalcatolico.net\/portal\/wp-json\/wp\/v2\/media?parent=68750"}],"wp:term":[{"taxonomy":"category","embeddable":true,"href":"https:\/\/portalcatolico.net\/portal\/wp-json\/wp\/v2\/categories?post=68750"},{"taxonomy":"post_tag","embeddable":true,"href":"https:\/\/portalcatolico.net\/portal\/wp-json\/wp\/v2\/tags?post=68750"}],"curies":[{"name":"wp","href":"https:\/\/api.w.org\/{rel}","templated":true}]}}